






{"id":23862,"date":"2021-01-15T14:08:59","date_gmt":"2021-01-15T05:08:59","guid":{"rendered":"https:\/\/guide.fire-emblem-heroes.com\/?p=23862"},"modified":"2024-08-29T13:10:15","modified_gmt":"2024-08-29T04:10:15","slug":"10004003000620-2","status":"publish","type":"post","link":"https:\/\/guide.fire-emblem-heroes.com\/it\/10004003000620-2\/","title":{"rendered":"<span class=\"character_nick\">L&#8217;incantatrice<\/span><span class=\"character_name\">Tharja<\/span>"},"content":{"rendered":"<main id=\"CHARA_387\" class=\"main_page character\">\r\n            <article>\r\n                <section class=\"sec sec_character\">\r\n                    <ul class=\"sec_ul sec_ul--character slick-box\">\r\n                        <li class=\"sec_li sec_li--character\">\r\n                            <img decoding=\"async\" src=\"https:\/\/guide.fire-emblem-heroes.com\/wp-content\/uploads\/sallya_florid_charmer_slide01.png\" alt=\"\" \/>\r\n                        <\/li>\r\n                        <li class=\"sec_li sec_li--character\">\r\n                            <img decoding=\"async\" src=\"https:\/\/guide.fire-emblem-heroes.com\/wp-content\/uploads\/sallya_florid_charmer_slide02.png\" alt=\"\" \/>\r\n                        <\/li>\r\n                        <li class=\"sec_li sec_li--character\">\r\n                            <img decoding=\"async\" src=\"https:\/\/guide.fire-emblem-heroes.com\/wp-content\/uploads\/sallya_florid_charmer_slide03.png\" alt=\"\" \/>\r\n                        <\/li>\r\n                        <li class=\"sec_li sec_li--character\">\r\n                            <img decoding=\"async\" src=\"https:\/\/guide.fire-emblem-heroes.com\/wp-content\/uploads\/sallya_florid_charmer_slide04.png\" alt=\"\" \/>\r\n                        <\/li>\r\n                    <\/ul>\r\n                    <div class=\"sec_charainfoarea flex\">\r\n                        <div class=\"sec_gif\"><img loading=\"lazy\" decoding=\"async\" src=\"https:\/\/guide.fire-emblem-heroes.com\/wp-content\/uploads\/sallya_florid_charmer.png\" alt=\"\" width=\"210\" height=\"190\"\/><\/div>\r\n                        <div class=\"sec_charainfo\">\r\n                            <p id=\"CHARA_387_002\" class=\"sec_characate sec_characate--special_heroes\">Eroi speciali<\/p>\r\n                            <p id=\"CHARA_387_003\" class=\"sec_charanick\">L&#8217;incantatrice<\/p>\r\n                            <p id=\"CHARA_387_004\" class=\"sec_charaname\">Tharja<\/p>\r\n                            <p id=\"CHARA_387_005\" class=\"sec_charaappearancetxt\">Appare in<\/p>\r\n                            <p id=\"CHARA_387_006\" class=\"sec_charaappearancetxt\">Fire Emblem: Awakening<\/p>\r\n                        <\/div>\r\n                    <\/div>\r\n                <\/section>\r\n            <\/article>\r\n            <article>\r\n                <section class=\"sec sec_characterarea\">\r\n                    <div class=\"sec_h2chara\">\r\n                        <p id=\"CHARA_387_007\" class=\"sec_h2charattl\">Lascia che sia Sharena a presentarti!<\/p>\r\n                        <h2 id=\"CHARA_387_008\" class=\"sec_h2charatxt\">L&#8217;incantatrice Tharja<\/h2>\r\n                    <\/div>\r\n                    <dl class=\"sec_dl flex\">\r\n                        <dt id=\"CHARA_387_009\" class=\"sec_dt\">Tharja \u00e8 conosciuta per la sua passione per la magia nera e le maledizioni. Inoltre, \u00e8 originaria della Plegia, il regno che ospita la festa di oggi! Oggi si \u00e8 unita ai festeggiamenti in un completo nuovo di zecca!<\/dt>\r\n                        <dd class=\"sec_dd\">\r\n                            <a href=\"https:\/\/guide.fire-emblem-heroes.com\/wp-content\/uploads\/sallya_florid_charmer_pop01.png\" class=\"popup-image\">\r\n                                <img decoding=\"async\" src=\"https:\/\/guide.fire-emblem-heroes.com\/wp-content\/uploads\/sallya_florid_charmer_info01.png\" alt=\"\" \/>\r\n                            <\/a>\r\n                        <\/dd>\r\n                        <dt id=\"CHARA_387_010\" class=\"sec_dt\">La tunica fluida e scura si abbina alla perfezione ai lunghi capelli neri e il fisico slanciato. Con questo completo, \u00e8 pi\u00f9 affascinante che mai!<\/dt>\r\n                        <dd class=\"sec_dd\">\r\n                            <a href=\"https:\/\/guide.fire-emblem-heroes.com\/wp-content\/uploads\/sallya_florid_charmer_pop02.png\" class=\"popup-image\">\r\n                                <img decoding=\"async\" src=\"https:\/\/guide.fire-emblem-heroes.com\/wp-content\/uploads\/sallya_florid_charmer_info02.png\" alt=\"\" \/>\r\n                            <\/a>\r\n                        <\/dd>\r\n                        <dt id=\"CHARA_387_011\" class=\"sec_dt\">Eppure non ama molto l&#8217;attenzione che inevitabilmente riceve. Non credo che sia timida, per\u00f2, specialmente nei confronti di Daraen, l&#8217;oggetto del suo interesse. O forse si tratta pi\u00f9 che altro di un&#8217;ossessione?<\/dt>\r\n                        <dd class=\"sec_dd\">\r\n                            <a href=\"https:\/\/guide.fire-emblem-heroes.com\/wp-content\/uploads\/sallya_florid_charmer_pop03.png\" class=\"popup-image\">\r\n                                <img decoding=\"async\" src=\"https:\/\/guide.fire-emblem-heroes.com\/wp-content\/uploads\/sallya_florid_charmer_info03.png\" alt=\"\" \/>\r\n                            <\/a>\r\n                        <\/dd>\r\n                        <dt id=\"CHARA_387_012\" class=\"sec_dt\">Vi sorprender\u00e0 sapere che Tharja non stravede per il suo paese natale, ma ciononostante sembra a suo agio a questa festa. Sono davvero contenta che si stia divertendo!<\/dt>\r\n                        <dd class=\"sec_dd\">\r\n                            <a href=\"https:\/\/guide.fire-emblem-heroes.com\/wp-content\/uploads\/sallya_florid_charmer_pop04.png\" class=\"popup-image\">\r\n                                <img decoding=\"async\" src=\"https:\/\/guide.fire-emblem-heroes.com\/wp-content\/uploads\/sallya_florid_charmer_info04.png\" alt=\"\" \/>\r\n                            <\/a>\r\n                        <\/dd>\r\n                    <\/dl>\r\n                    <h3 id=\"CHARA_387_013\" class=\"sec_h3charatxt\">Personaggi strettamente collegati<\/h3>\r\n                    <h4 id=\"CHARA_387_014\" class=\"sec_h4charatxt\">Chrom<\/h4>\r\n                    <p id=\"CHARA_387_015\" class=\"sec_charatxt\">Il principe d&#8217;Ylisse, discendente da un re eroico. Di sangue blu, \u00e8 a capo di una forza armata nota come i Pastori. Convince Tharja a unirsi a lui durante una battaglia con l&#8217;esercito plegiano.<\/p>\r\n                    <h4 id=\"CHARA_387_016\" class=\"sec_h4charatxt\">Daraen<\/h4>\r\n                    <p id=\"CHARA_387_017\" class=\"sec_charatxt\">Stratega d&#8217;Ylisse e alleato di Chrom. Aveva perso la memoria prima che si incontrassero. \u00c8 l&#8217;oggetto dell&#8217;affetto di Tharja.<\/p>\r\n                <\/section>\r\n            <\/article>\r\n        <\/main>","protected":false},"excerpt":{"rendered":"Eroi speciali L&#8217;incantatrice Tharja Appare in Fire Emblem: Awakening Lascia che sia Sharena a presentarti! L&#8217;incantatrice Tharja Tharja \u00e8 conosciuta per la sua passione per la magia nera e le maledizioni. Inoltre, \u00e8 originaria della Plegia, il regno che ospita la festa di oggi! Oggi si \u00e8 unita ai festeggiamenti in un completo nuovo di [&hellip;]","protected":false},"author":1,"featured_media":34667,"comment_status":"closed","ping_status":"closed","sticky":false,"template":"","format":"standard","meta":{"advanced_seo_description":"","jetpack_seo_html_title":"","jetpack_seo_noindex":false,"_jetpack_newsletter_access":"","_jetpack_dont_email_post_to_subs":false,"_jetpack_newsletter_tier_id":0,"_jetpack_memberships_contains_paywalled_content":false,"_locale":"it_IT","_original_post":"https:\/\/guide.fire-emblem-heroes.com\/?p=23853","_jetpack_memberships_contains_paid_content":false,"footnotes":"","jetpack_publicize_message":"","jetpack_publicize_feature_enabled":true,"jetpack_social_post_already_shared":true,"jetpack_social_options":{"image_generator_settings":{"template":"highway","default_image_id":0,"font":"","enabled":false},"version":2},"_wpas_customize_per_network":false,"jetpack_post_was_ever_published":false},"categories":[1384,1431,1405,1390],"tags":[1411],"class_list":["post-23862","post","type-post","status-publish","format-standard","has-post-thumbnail","hentry","category-character","category-ex_works_awakening","category-special_heroes","category-stay_heroes","tag-eroi-speciali","it-IT"],"jetpack_publicize_connections":[],"jetpack_featured_media_url":"https:\/\/guide.fire-emblem-heroes.com\/wp-content\/uploads\/sallya_florid_charmer_02.png","jetpack_sharing_enabled":false,"jetpack_shortlink":"https:\/\/wp.me\/pa0Mj3-6cS","jetpack_likes_enabled":false,"amp_enabled":false,"_links":{"self":[{"href":"https:\/\/guide.fire-emblem-heroes.com\/wp-json\/wp\/v2\/posts\/23862","targetHints":{"allow":["GET"]}}],"collection":[{"href":"https:\/\/guide.fire-emblem-heroes.com\/wp-json\/wp\/v2\/posts"}],"about":[{"href":"https:\/\/guide.fire-emblem-heroes.com\/wp-json\/wp\/v2\/types\/post"}],"author":[{"embeddable":true,"href":"https:\/\/guide.fire-emblem-heroes.com\/wp-json\/wp\/v2\/users\/1"}],"replies":[{"embeddable":true,"href":"https:\/\/guide.fire-emblem-heroes.com\/wp-json\/wp\/v2\/comments?post=23862"}],"version-history":[{"count":3,"href":"https:\/\/guide.fire-emblem-heroes.com\/wp-json\/wp\/v2\/posts\/23862\/revisions"}],"predecessor-version":[{"id":53876,"href":"https:\/\/guide.fire-emblem-heroes.com\/wp-json\/wp\/v2\/posts\/23862\/revisions\/53876"}],"wp:featuredmedia":[{"embeddable":true,"href":"https:\/\/guide.fire-emblem-heroes.com\/wp-json\/wp\/v2\/media\/34667"}],"wp:attachment":[{"href":"https:\/\/guide.fire-emblem-heroes.com\/wp-json\/wp\/v2\/media?parent=23862"}],"wp:term":[{"taxonomy":"category","embeddable":true,"href":"https:\/\/guide.fire-emblem-heroes.com\/wp-json\/wp\/v2\/categories?post=23862"},{"taxonomy":"post_tag","embeddable":true,"href":"https:\/\/guide.fire-emblem-heroes.com\/wp-json\/wp\/v2\/tags?post=23862"}],"curies":[{"name":"wp","href":"https:\/\/api.w.org\/{rel}","templated":true}]}}