{"id":25635,"date":"2021-04-16T10:39:56","date_gmt":"2021-04-16T01:39:56","guid":{"rendered":"https:\/\/guide.fire-emblem-heroes.com\/?p=25635"},"modified":"2021-05-19T17:47:42","modified_gmt":"2021-05-19T08:47:42","slug":"07002002000650-2","status":"publish","type":"post","link":"https:\/\/guide.fire-emblem-heroes.com\/it\/07002002000650-2\/","title":{"rendered":"<span class=\"character_nick\">La freliana stellare<\/span><span class=\"character_name\">Dana<\/span>"},"content":{"rendered":"<main id=\"CHARA_430\" class=\"main_page character\">\r\n            <article>\r\n                <section class=\"sec sec_character\">\r\n                    <ul class=\"sec_ul sec_ul--character slick-box\">\r\n                        <li class=\"sec_li sec_li--character\">\r\n                            <img decoding=\"async\" src=\"https:\/\/guide.fire-emblem-heroes.com\/wp-content\/uploads\/turner_frelian_starlight_slide01.png\" alt=\"\" \/>\r\n                        <\/li>\r\n                        <li class=\"sec_li sec_li--character\">\r\n                            <img decoding=\"async\" src=\"https:\/\/guide.fire-emblem-heroes.com\/wp-content\/uploads\/turner_frelian_starlight_slide02.png\" alt=\"\" \/>\r\n                        <\/li>\r\n                        <li class=\"sec_li sec_li--character\">\r\n                            <img decoding=\"async\" src=\"https:\/\/guide.fire-emblem-heroes.com\/wp-content\/uploads\/turner_frelian_starlight_slide03.png\" alt=\"\" \/>\r\n                        <\/li>\r\n                        <li class=\"sec_li sec_li--character\">\r\n                            <img decoding=\"async\" src=\"https:\/\/guide.fire-emblem-heroes.com\/wp-content\/uploads\/turner_frelian_starlight_slide04.png\" alt=\"\" \/>\r\n                        <\/li>\r\n                    <\/ul>\r\n                    <div class=\"sec_charainfoarea flex\">\r\n                        <div class=\"sec_gif\"><img loading=\"lazy\" decoding=\"async\" src=\"https:\/\/guide.fire-emblem-heroes.com\/wp-content\/uploads\/turner_frelian_starlight.png\" alt=\"\" width=\"210\" height=\"190\"\/><\/div>\r\n                        <div class=\"sec_charainfo\">\r\n                            <p id=\"CHARA_430_002\" class=\"sec_characate sec_characate--special_heroes\">Eroi speciali<\/p>\r\n                            <p id=\"CHARA_430_003\" class=\"sec_charanick\">La freliana stellare<\/p>\r\n                            <p id=\"CHARA_430_004\" class=\"sec_charaname\">Dana<\/p>\r\n                            <p id=\"CHARA_430_005\" class=\"sec_charaappearancetxt\">Appare in<\/p>\r\n                            <p id=\"CHARA_430_006\" class=\"sec_charaappearancetxt\">Fire Emblem: The Sacred Stones<\/p>\r\n                        <\/div>\r\n                    <\/div>\r\n                <\/section>\r\n            <\/article>\r\n            <article>\r\n                <section class=\"sec sec_characterarea\">\r\n                    <div class=\"sec_h2chara\">\r\n                        <p id=\"CHARA_430_007\" class=\"sec_h2charattl\">Lascia che sia Sharena a presentarti!<\/p>\r\n                        <h2 id=\"CHARA_430_008\" class=\"sec_h2charatxt\">La freliana stellare Dana<\/h2>\r\n                    <\/div>\r\n                    <dl class=\"sec_dl flex\">\r\n                        <dt id=\"CHARA_430_009\" class=\"sec_dt\">Dana \u00e8 la principessa di Frelia, ma ha un aspetto decisamente pi\u00f9 giovane questa volta! Noto che le sue trecce sono ancora piuttosto corte qui, perci\u00f2 doveva essere abbastanza piccola.<\/dt>\r\n                        <dd class=\"sec_dd\">\r\n                            <a href=\"https:\/\/guide.fire-emblem-heroes.com\/wp-content\/uploads\/turner_frelian_starlight_pop01.png\" class=\"popup-image\">\r\n                                <img decoding=\"async\" src=\"https:\/\/guide.fire-emblem-heroes.com\/wp-content\/uploads\/turner_frelian_starlight_info01.png\" alt=\"\" \/>\r\n                            <\/a>\r\n                        <\/dd>\r\n                        <dt id=\"CHARA_430_010\" class=\"sec_dt\">\u00c8 sempre stata amichevole ed estroversa, e anche da bambina amava uscire in volo sul suo pegaso. Immagino non sia un&#8217;esperienza cos\u00ec rara a Frelia, una terra nota per i suoi cavalieri pegaso!<\/dt>\r\n                        <dd class=\"sec_dd\">\r\n                            <a href=\"https:\/\/guide.fire-emblem-heroes.com\/wp-content\/uploads\/turner_frelian_starlight_pop02.png\" class=\"popup-image\">\r\n                                <img decoding=\"async\" src=\"https:\/\/guide.fire-emblem-heroes.com\/wp-content\/uploads\/turner_frelian_starlight_info02.png\" alt=\"\" \/>\r\n                            <\/a>\r\n                        <\/dd>\r\n                        <dt id=\"CHARA_430_011\" class=\"sec_dt\">Come il fratello maggiore, Innes, Dana era amica di Ephraim ed Erika di Renais. Gi\u00e0 me li immagino tutti felici a giocare insieme!<\/dt>\r\n                        <dd class=\"sec_dd\">\r\n                            <a href=\"https:\/\/guide.fire-emblem-heroes.com\/wp-content\/uploads\/turner_frelian_starlight_pop03.png\" class=\"popup-image\">\r\n                                <img decoding=\"async\" src=\"https:\/\/guide.fire-emblem-heroes.com\/wp-content\/uploads\/turner_frelian_starlight_info03.png\" alt=\"\" \/>\r\n                            <\/a>\r\n                        <\/dd>\r\n                        <dt id=\"CHARA_430_012\" class=\"sec_dt\">A questa et\u00e0, Dana pensa solo a crescere in fretta in modo da essere lei ad aiutare suo fratello, una volta tanto. Con persone come Syrene intorno a lei a guidarla, sono sicura che diventer\u00e0 una donna forte e affidabile!<\/dt>\r\n                        <dd class=\"sec_dd\">\r\n                            <a href=\"https:\/\/guide.fire-emblem-heroes.com\/wp-content\/uploads\/turner_frelian_starlight_pop04.png\" class=\"popup-image\">\r\n                                <img decoding=\"async\" src=\"https:\/\/guide.fire-emblem-heroes.com\/wp-content\/uploads\/turner_frelian_starlight_info04.png\" alt=\"\" \/>\r\n                            <\/a>\r\n                        <\/dd>\r\n                    <\/dl>\r\n                    <h3 id=\"CHARA_430_013\" class=\"sec_h3charatxt\">Personaggi strettamente collegati<\/h3>\r\n                    <h4 id=\"CHARA_430_014\" class=\"sec_h4charatxt\">Innes<\/h4>\r\n                    <p id=\"CHARA_430_015\" class=\"sec_charatxt\">Il principe di Frelia, fratello di Dana. \u00c8 avventato e arrogante, ma di buon cuore.<\/p>\r\n                    <h4 id=\"CHARA_430_016\" class=\"sec_h4charatxt\">Ephraim<\/h4>\r\n                    <p id=\"CHARA_430_017\" class=\"sec_charatxt\">Principe di Renais e gemello di Erika. Molto devoto a sua sorella. A volte la sua esuberanza lo ha messo in pericolo. \u00c8 amico d&#8217;infanzia di Dana.<\/p>\r\n                    <h4 id=\"CHARA_430_018\" class=\"sec_h4charatxt\">Erika<\/h4>\r\n                    <p id=\"CHARA_430_019\" class=\"sec_charatxt\">Principessa di Renais e gemella di Ephraim. Ama molto suo fratello. A volte la sua gentilezza l&#8217;ha messa in pericolo. \u00c8 amica d&#8217;infanzia di Dana.<\/p>\r\n                <\/section>\r\n            <\/article>\r\n        <\/main>","protected":false},"excerpt":{"rendered":"Eroi speciali La freliana stellare Dana Appare in Fire Emblem: The Sacred Stones Lascia che sia Sharena a presentarti! La freliana stellare Dana Dana \u00e8 la principessa di Frelia, ma ha un aspetto decisamente pi\u00f9 giovane questa volta! Noto che le sue trecce sono ancora piuttosto corte qui, perci\u00f2 doveva essere abbastanza piccola. \u00c8 sempre [&hellip;]","protected":false},"author":1,"featured_media":25779,"comment_status":"closed","ping_status":"closed","sticky":false,"template":"","format":"standard","meta":{"advanced_seo_description":"","jetpack_seo_html_title":"","jetpack_seo_noindex":false,"jetpack_post_was_ever_published":false,"_jetpack_newsletter_access":"","_jetpack_dont_email_post_to_subs":false,"_jetpack_newsletter_tier_id":0,"_jetpack_memberships_contains_paywalled_content":false,"_locale":"it_IT","_original_post":"https:\/\/guide.fire-emblem-heroes.com\/?p=25626","_jetpack_memberships_contains_paid_content":false,"footnotes":"","jetpack_publicize_message":"","jetpack_publicize_feature_enabled":true,"jetpack_social_post_already_shared":true,"jetpack_social_options":{"image_generator_settings":{"template":"highway","default_image_id":0,"font":"","enabled":false},"version":2},"_wpas_customize_per_network":false},"categories":[1384,1428,1405,1390],"tags":[1411],"class_list":["post-25635","post","type-post","status-publish","format-standard","has-post-thumbnail","hentry","category-character","category-ex_works_the_sacred_stones","category-special_heroes","category-stay_heroes","tag-eroi-speciali","it-IT"],"jetpack_publicize_connections":[],"jetpack_featured_media_url":"https:\/\/guide.fire-emblem-heroes.com\/wp-content\/uploads\/turner_frelian_starlight.png","jetpack_sharing_enabled":false,"jetpack_shortlink":"https:\/\/wp.me\/pa0Mj3-6Ft","jetpack_likes_enabled":false,"amp_enabled":false,"_links":{"self":[{"href":"https:\/\/guide.fire-emblem-heroes.com\/wp-json\/wp\/v2\/posts\/25635","targetHints":{"allow":["GET"]}}],"collection":[{"href":"https:\/\/guide.fire-emblem-heroes.com\/wp-json\/wp\/v2\/posts"}],"about":[{"href":"https:\/\/guide.fire-emblem-heroes.com\/wp-json\/wp\/v2\/types\/post"}],"author":[{"embeddable":true,"href":"https:\/\/guide.fire-emblem-heroes.com\/wp-json\/wp\/v2\/users\/1"}],"replies":[{"embeddable":true,"href":"https:\/\/guide.fire-emblem-heroes.com\/wp-json\/wp\/v2\/comments?post=25635"}],"version-history":[{"count":1,"href":"https:\/\/guide.fire-emblem-heroes.com\/wp-json\/wp\/v2\/posts\/25635\/revisions"}],"predecessor-version":[{"id":25644,"href":"https:\/\/guide.fire-emblem-heroes.com\/wp-json\/wp\/v2\/posts\/25635\/revisions\/25644"}],"wp:featuredmedia":[{"embeddable":true,"href":"https:\/\/guide.fire-emblem-heroes.com\/wp-json\/wp\/v2\/media\/25779"}],"wp:attachment":[{"href":"https:\/\/guide.fire-emblem-heroes.com\/wp-json\/wp\/v2\/media?parent=25635"}],"wp:term":[{"taxonomy":"category","embeddable":true,"href":"https:\/\/guide.fire-emblem-heroes.com\/wp-json\/wp\/v2\/categories?post=25635"},{"taxonomy":"post_tag","embeddable":true,"href":"https:\/\/guide.fire-emblem-heroes.com\/wp-json\/wp\/v2\/tags?post=25635"}],"curies":[{"name":"wp","href":"https:\/\/api.w.org\/{rel}","templated":true}]}}