






{"id":25677,"date":"2021-04-16T11:39:51","date_gmt":"2021-04-16T02:39:51","guid":{"rendered":"https:\/\/guide.fire-emblem-heroes.com\/?p=25677"},"modified":"2021-05-19T17:52:58","modified_gmt":"2021-05-19T08:52:58","slug":"07001001000649-2","status":"publish","type":"post","link":"https:\/\/guide.fire-emblem-heroes.com\/it\/07001001000649-2\/","title":{"rendered":"<span class=\"character_nick\">Il duo fulgente<\/span><span class=\"character_name\">Erika<\/span>"},"content":{"rendered":"<main id=\"CHARA_432\" class=\"main_page character\">\r\n            <article>\r\n                <section class=\"sec sec_character\">\r\n                    <ul class=\"sec_ul sec_ul--character slick-box\">\r\n                        <li class=\"sec_li sec_li--character\">\r\n                            <img decoding=\"async\" src=\"https:\/\/guide.fire-emblem-heroes.com\/wp-content\/uploads\/eirik_twin_refulgence_slide01.png\" alt=\"\" \/>\r\n                        <\/li>\r\n                        <li class=\"sec_li sec_li--character\">\r\n                            <img decoding=\"async\" src=\"https:\/\/guide.fire-emblem-heroes.com\/wp-content\/uploads\/eirik_twin_refulgence_slide02.png\" alt=\"\" \/>\r\n                        <\/li>\r\n                        <li class=\"sec_li sec_li--character\">\r\n                            <img decoding=\"async\" src=\"https:\/\/guide.fire-emblem-heroes.com\/wp-content\/uploads\/eirik_twin_refulgence_slide03.png\" alt=\"\" \/>\r\n                        <\/li>\r\n                        <li class=\"sec_li sec_li--character\">\r\n                            <img decoding=\"async\" src=\"https:\/\/guide.fire-emblem-heroes.com\/wp-content\/uploads\/eirik_twin_refulgence_slide04.png\" alt=\"\" \/>\r\n                        <\/li>\r\n                    <\/ul>\r\n                    <div class=\"sec_charainfoarea flex\">\r\n                        <div class=\"sec_gif\"><img loading=\"lazy\" decoding=\"async\" src=\"https:\/\/guide.fire-emblem-heroes.com\/wp-content\/uploads\/eirik_twin_refulgence.png\" alt=\"\" width=\"210\" height=\"190\"\/><\/div>\r\n                        <div class=\"sec_charainfo\">\r\n                            <p id=\"CHARA_432_002\" class=\"sec_characate sec_characate--duo_hero\">Eroi Coppia<\/p>\r\n                            <p id=\"CHARA_432_003\" class=\"sec_charanick\">Il duo fulgente<\/p>\r\n                            <p id=\"CHARA_432_004\" class=\"sec_charaname\">Erika<\/p>\r\n                            <p id=\"CHARA_432_005\" class=\"sec_charaappearancetxt\">Appare in<\/p>\r\n                            <p id=\"CHARA_432_006\" class=\"sec_charaappearancetxt\">Fire Emblem: The Sacred Stones<\/p>\r\n                        <\/div>\r\n                    <\/div>\r\n                <\/section>\r\n            <\/article>\r\n            <article>\r\n                <section class=\"sec sec_characterarea\">\r\n                    <div class=\"sec_h2chara\">\r\n                        <p id=\"CHARA_432_007\" class=\"sec_h2charattl\">Lascia che sia Sharena a presentarti!<\/p>\r\n                        <h2 id=\"CHARA_432_008\" class=\"sec_h2charatxt\">Il duo fulgente Erika<\/h2>\r\n                    <\/div>\r\n                    <dl class=\"sec_dl flex\">\r\n                        <dt id=\"CHARA_432_009\" class=\"sec_dt\">Ecco Erika, la principessa di Renais! Questa volta \u00e8 stata evocata ad Askr direttamente dalla sua infanzia&#8230; e ha portato con s\u00e9 suo fratello Ephraim!<\/dt>\r\n                        <dd class=\"sec_dd\">\r\n                            <a href=\"https:\/\/guide.fire-emblem-heroes.com\/wp-content\/uploads\/eirik_twin_refulgence_pop01.png\" class=\"popup-image\">\r\n                                <img decoding=\"async\" src=\"https:\/\/guide.fire-emblem-heroes.com\/wp-content\/uploads\/eirik_twin_refulgence_info01.png\" alt=\"\" \/>\r\n                            <\/a>\r\n                        <\/dd>\r\n                        <dt id=\"CHARA_432_010\" class=\"sec_dt\">Erika ha un cuore gentile ed \u00e8 disposta a rischiare la propria incolumit\u00e0 per proteggere gli altri. Ho sentito dire che quando aveva pi\u00f9 o meno questa et\u00e0, si arrabbiava spesso perch\u00e9 Ephraim insisteva per proteggerla, finendo inevitabilmente per farsi male.<\/dt>\r\n                        <dd class=\"sec_dd\">\r\n                            <a href=\"https:\/\/guide.fire-emblem-heroes.com\/wp-content\/uploads\/eirik_twin_refulgence_pop02.png\" class=\"popup-image\">\r\n                                <img decoding=\"async\" src=\"https:\/\/guide.fire-emblem-heroes.com\/wp-content\/uploads\/eirik_twin_refulgence_info02.png\" alt=\"\" \/>\r\n                            <\/a>\r\n                        <\/dd>\r\n                        <dt id=\"CHARA_432_011\" class=\"sec_dt\">In seguito, Ephraim ha studiato sotto la tutela di Duessel dell&#8217;impero di Graze, che lo ha addestrato a usare la lancia&#8230; Anche se pare che qui stia usando uno spadino.<\/dt>\r\n                        <dd class=\"sec_dd\">\r\n                            <a href=\"https:\/\/guide.fire-emblem-heroes.com\/wp-content\/uploads\/eirik_twin_refulgence_pop03.png\" class=\"popup-image\">\r\n                                <img decoding=\"async\" src=\"https:\/\/guide.fire-emblem-heroes.com\/wp-content\/uploads\/eirik_twin_refulgence_info03.png\" alt=\"\" \/>\r\n                            <\/a>\r\n                        <\/dd>\r\n                        <dt id=\"CHARA_432_012\" class=\"sec_dt\">Nonostante siano gemelli, i due hanno personalit\u00e0 molto diverse: Erika \u00e8 una principessa nobile e gentile, mentre Ephraim \u00e8 un impavido guerriero. Comunque sia, entrambi si prendono cura l&#8217;una dell&#8217;altro a modo loro, e questo stretto legame che li unisce non \u00e8 mai cambiato fin da quando erano bambini!<\/dt>\r\n                        <dd class=\"sec_dd\">\r\n                            <a href=\"https:\/\/guide.fire-emblem-heroes.com\/wp-content\/uploads\/eirik_twin_refulgence_pop04.png\" class=\"popup-image\">\r\n                                <img decoding=\"async\" src=\"https:\/\/guide.fire-emblem-heroes.com\/wp-content\/uploads\/eirik_twin_refulgence_info04.png\" alt=\"\" \/>\r\n                            <\/a>\r\n                        <\/dd>\r\n                    <\/dl>\r\n                    <h3 id=\"CHARA_432_013\" class=\"sec_h3charatxt\">Personaggi strettamente collegati<\/h3>\r\n                    <h4 id=\"CHARA_432_014\" class=\"sec_h4charatxt\">Duessel<\/h4>\r\n                    <p id=\"CHARA_432_015\" class=\"sec_charatxt\">Uno dei generali veterani di Graze, conosciuto come l&#8217;Ossidiana e parte del trio imperiale. Insegna a Ephraim a usare la lancia durante gli studi del giovane principe a Graze.<\/p>\r\n                    <h4 id=\"CHARA_432_016\" class=\"sec_h4charatxt\">Innes<\/h4>\r\n                    <p id=\"CHARA_432_017\" class=\"sec_charatxt\">Il principe di Frelia, fratello di Dana. \u00c8 avventato e arrogante, ma di buon cuore. Amico d&#8217;infanzia di Erika ed Ephraim.<\/p>\r\n                    <h4 id=\"CHARA_432_018\" class=\"sec_h4charatxt\">Dana<\/h4>\r\n                    <p id=\"CHARA_432_019\" class=\"sec_charatxt\">Principessa di Frelia e sorella di Innes. \u00c8 un po&#8217; ingenua, ma \u00e8 allegra e socievole. Amica d&#8217;infanzia di Erika ed Ephraim.<\/p>\r\n                <\/section>\r\n            <\/article>\r\n        <\/main>","protected":false},"excerpt":{"rendered":"Eroi Coppia Il duo fulgente Erika Appare in Fire Emblem: The Sacred Stones Lascia che sia Sharena a presentarti! Il duo fulgente Erika Ecco Erika, la principessa di Renais! Questa volta \u00e8 stata evocata ad Askr direttamente dalla sua infanzia&#8230; e ha portato con s\u00e9 suo fratello Ephraim! Erika ha un cuore gentile ed \u00e8 [&hellip;]","protected":false},"author":1,"featured_media":25727,"comment_status":"closed","ping_status":"closed","sticky":false,"template":"","format":"standard","meta":{"advanced_seo_description":"","jetpack_seo_html_title":"","jetpack_seo_noindex":false,"_jetpack_newsletter_access":"","_jetpack_dont_email_post_to_subs":false,"_jetpack_newsletter_tier_id":0,"_jetpack_memberships_contains_paywalled_content":false,"_locale":"it_IT","_original_post":"https:\/\/guide.fire-emblem-heroes.com\/?p=25668","_jetpack_memberships_contains_paid_content":false,"footnotes":"","jetpack_publicize_message":"","jetpack_publicize_feature_enabled":true,"jetpack_social_post_already_shared":true,"jetpack_social_options":{"image_generator_settings":{"template":"highway","default_image_id":0,"font":"","enabled":false},"version":2},"_wpas_customize_per_network":false,"jetpack_post_was_ever_published":false},"categories":[1384,1428,1390,1440],"tags":[1446],"class_list":["post-25677","post","type-post","status-publish","format-standard","has-post-thumbnail","hentry","category-character","category-ex_works_the_sacred_stones","category-stay_heroes","category-duo_heroes","tag-eroi-coppia","it-IT"],"jetpack_publicize_connections":[],"jetpack_featured_media_url":"https:\/\/guide.fire-emblem-heroes.com\/wp-content\/uploads\/eirik_twin_refulgence.png","jetpack_sharing_enabled":false,"jetpack_shortlink":"https:\/\/wp.me\/pa0Mj3-6G9","jetpack_likes_enabled":false,"amp_enabled":false,"_links":{"self":[{"href":"https:\/\/guide.fire-emblem-heroes.com\/wp-json\/wp\/v2\/posts\/25677","targetHints":{"allow":["GET"]}}],"collection":[{"href":"https:\/\/guide.fire-emblem-heroes.com\/wp-json\/wp\/v2\/posts"}],"about":[{"href":"https:\/\/guide.fire-emblem-heroes.com\/wp-json\/wp\/v2\/types\/post"}],"author":[{"embeddable":true,"href":"https:\/\/guide.fire-emblem-heroes.com\/wp-json\/wp\/v2\/users\/1"}],"replies":[{"embeddable":true,"href":"https:\/\/guide.fire-emblem-heroes.com\/wp-json\/wp\/v2\/comments?post=25677"}],"version-history":[{"count":1,"href":"https:\/\/guide.fire-emblem-heroes.com\/wp-json\/wp\/v2\/posts\/25677\/revisions"}],"predecessor-version":[{"id":25688,"href":"https:\/\/guide.fire-emblem-heroes.com\/wp-json\/wp\/v2\/posts\/25677\/revisions\/25688"}],"wp:featuredmedia":[{"embeddable":true,"href":"https:\/\/guide.fire-emblem-heroes.com\/wp-json\/wp\/v2\/media\/25727"}],"wp:attachment":[{"href":"https:\/\/guide.fire-emblem-heroes.com\/wp-json\/wp\/v2\/media?parent=25677"}],"wp:term":[{"taxonomy":"category","embeddable":true,"href":"https:\/\/guide.fire-emblem-heroes.com\/wp-json\/wp\/v2\/categories?post=25677"},{"taxonomy":"post_tag","embeddable":true,"href":"https:\/\/guide.fire-emblem-heroes.com\/wp-json\/wp\/v2\/tags?post=25677"}],"curies":[{"name":"wp","href":"https:\/\/api.w.org\/{rel}","templated":true}]}}