






{"id":27301,"date":"2021-07-05T11:33:10","date_gmt":"2021-07-05T02:33:10","guid":{"rendered":"https:\/\/guide.fire-emblem-heroes.com\/?p=27301"},"modified":"2021-08-06T16:09:01","modified_gmt":"2021-08-06T07:09:01","slug":"00004006000680-2","status":"publish","type":"post","link":"https:\/\/guide.fire-emblem-heroes.com\/it\/00004006000680-2\/","title":{"rendered":"<span class=\"character_nick\">Il sogno estivo<\/span><span class=\"character_name\">Freyr<\/span>"},"content":{"rendered":"<main id=\"CHARA_475\" class=\"main_page character\">\r\n            <article>\r\n                <section class=\"sec sec_character\">\r\n                    <ul class=\"sec_ul sec_ul--character slick-box\">\r\n                        <li class=\"sec_li sec_li--character\">\r\n                            <img decoding=\"async\" src=\"https:\/\/guide.fire-emblem-heroes.com\/wp-content\/uploads\/froda_estival_dreams_slide01.png\" alt=\"\" \/>\r\n                        <\/li>\r\n                        <li class=\"sec_li sec_li--character\">\r\n                            <img decoding=\"async\" src=\"https:\/\/guide.fire-emblem-heroes.com\/wp-content\/uploads\/froda_estival_dreams_slide02.png\" alt=\"\" \/>\r\n                        <\/li>\r\n                        <li class=\"sec_li sec_li--character\">\r\n                            <img decoding=\"async\" src=\"https:\/\/guide.fire-emblem-heroes.com\/wp-content\/uploads\/froda_estival_dreams_slide03.png\" alt=\"\" \/>\r\n                        <\/li>\r\n                        <li class=\"sec_li sec_li--character\">\r\n                            <img decoding=\"async\" src=\"https:\/\/guide.fire-emblem-heroes.com\/wp-content\/uploads\/froda_estival_dreams_slide04.png\" alt=\"\" \/>\r\n                        <\/li>\r\n                    <\/ul>\r\n                    <div class=\"sec_charainfoarea flex\">\r\n                        <div class=\"sec_gif\"><img loading=\"lazy\" decoding=\"async\" src=\"https:\/\/guide.fire-emblem-heroes.com\/wp-content\/uploads\/froda_estival_dreams.png\" alt=\"\" width=\"210\" height=\"190\"\/><\/div>\r\n                        <div class=\"sec_charainfo\">\r\n                            <p id=\"CHARA_475_002\" class=\"sec_characate sec_characate--special_heroes\">Eroi speciali<\/p>\r\n                            <p id=\"CHARA_475_003\" class=\"sec_charanick\">Il sogno estivo<\/p>\r\n                            <p id=\"CHARA_475_004\" class=\"sec_charaname\">Freyr<\/p>\r\n                            <p id=\"CHARA_475_005\" class=\"sec_charaappearancetxt\">Appare in<\/p>\r\n                            <p id=\"CHARA_475_006\" class=\"sec_charaappearancetxt\">Fire Emblem Heroes<\/p>\r\n                        <\/div>\r\n                    <\/div>\r\n                <\/section>\r\n            <\/article>\r\n            <article>\r\n                <section class=\"sec sec_characterarea\">\r\n                    <div class=\"sec_h2chara\">\r\n                        <p id=\"CHARA_475_007\" class=\"sec_h2charattl\">Lascia che sia Sharena a presentarti!<\/p>\r\n                        <h2 id=\"CHARA_475_008\" class=\"sec_h2charatxt\">Il sogno estivo Freyr<\/h2>\r\n                    <\/div>\r\n                    <dl class=\"sec_dl flex\">\r\n                        <dt id=\"CHARA_475_009\" class=\"sec_dt\">Qualcuno mi dia un pizzicotto, perch\u00e9 sto sicuramente sognando! Non solo Freyr, il re dei sogni di Lj\u00f3s\u00e1lfheimr \u00e8 qui, ma la cosa pi\u00f9 sorprendente \u00e8 che indossa un costume da bagno!<\/dt>\r\n                        <dd class=\"sec_dd\">\r\n                            <a href=\"https:\/\/guide.fire-emblem-heroes.com\/wp-content\/uploads\/froda_estival_dreams_pop01.png\" class=\"popup-image\">\r\n                                <img decoding=\"async\" src=\"https:\/\/guide.fire-emblem-heroes.com\/wp-content\/uploads\/froda_estival_dreams_info01.png\" alt=\"\" \/>\r\n                            <\/a>\r\n                        <\/dd>\r\n                        <dt id=\"CHARA_475_010\" class=\"sec_dt\">\u00c8 un look forte e senz&#8217;altro in netto contrasto con il suo aspetto abituale. Eppure, anche se si \u00e8 sbarazzato delle sue vesti in favore di uno stile pi\u00f9 leggero, indossa pur sempre un mantello per esprimere la sua autorit\u00e0 regale. Immagino che sia tipico dei re&#8230;<\/dt>\r\n                        <dd class=\"sec_dd\">\r\n                            <a href=\"https:\/\/guide.fire-emblem-heroes.com\/wp-content\/uploads\/froda_estival_dreams_pop02.png\" class=\"popup-image\">\r\n                                <img decoding=\"async\" src=\"https:\/\/guide.fire-emblem-heroes.com\/wp-content\/uploads\/froda_estival_dreams_info02.png\" alt=\"\" \/>\r\n                            <\/a>\r\n                        <\/dd>\r\n                        <dt id=\"CHARA_475_011\" class=\"sec_dt\">E cos&#8217;ha in mano? Ma \u00e8 un succo d&#8217;ananas rinfrescante! Vedo che ha due cannucce; immagino che vorr\u00e0 condividerlo con sua sorella Freyja!<\/dt>\r\n                        <dd class=\"sec_dd\">\r\n                            <a href=\"https:\/\/guide.fire-emblem-heroes.com\/wp-content\/uploads\/froda_estival_dreams_pop03.png\" class=\"popup-image\">\r\n                                <img decoding=\"async\" src=\"https:\/\/guide.fire-emblem-heroes.com\/wp-content\/uploads\/froda_estival_dreams_info03.png\" alt=\"\" \/>\r\n                            <\/a>\r\n                        <\/dd>\r\n                        <dt id=\"CHARA_475_012\" class=\"sec_dt\">Freyr di solito \u00e8 un tipo calmo e sereno, ma mi sembra di vedere un sorrisino sul suo viso. Spero che lui e Freyja si divertano un mondo in spiaggia!<\/dt>\r\n                        <dd class=\"sec_dd\">\r\n                            <a href=\"https:\/\/guide.fire-emblem-heroes.com\/wp-content\/uploads\/froda_estival_dreams_pop04.png\" class=\"popup-image\">\r\n                                <img decoding=\"async\" src=\"https:\/\/guide.fire-emblem-heroes.com\/wp-content\/uploads\/froda_estival_dreams_info04.png\" alt=\"\" \/>\r\n                            <\/a>\r\n                        <\/dd>\r\n                    <\/dl>\r\n                    <h3 id=\"CHARA_475_013\" class=\"sec_h3charatxt\">Personaggi strettamente collegati<\/h3>\r\n                    <h4 id=\"CHARA_475_014\" class=\"sec_h4charatxt\">Freyja<\/h4>\r\n                    <p id=\"CHARA_475_015\" class=\"sec_charatxt\">Dama degli incubi che regna su D\u00f6kk\u00e1lfheimr. Cosa sogner\u00e0 sotto il sole rovente? \u00c8 la sorella minore di Freyr.<\/p>\r\n                <\/section>\r\n            <\/article>\r\n        <\/main>","protected":false},"excerpt":{"rendered":"Eroi speciali Il sogno estivo Freyr Appare in Fire Emblem Heroes Lascia che sia Sharena a presentarti! Il sogno estivo Freyr Qualcuno mi dia un pizzicotto, perch\u00e9 sto sicuramente sognando! Non solo Freyr, il re dei sogni di Lj\u00f3s\u00e1lfheimr \u00e8 qui, ma la cosa pi\u00f9 sorprendente \u00e8 che indossa un costume da bagno! \u00c8 un [&hellip;]","protected":false},"author":1,"featured_media":27388,"comment_status":"closed","ping_status":"closed","sticky":false,"template":"","format":"standard","meta":{"advanced_seo_description":"","jetpack_seo_html_title":"","jetpack_seo_noindex":false,"_jetpack_newsletter_access":"","_jetpack_dont_email_post_to_subs":false,"_jetpack_newsletter_tier_id":0,"_jetpack_memberships_contains_paywalled_content":false,"_locale":"it_IT","_original_post":"https:\/\/guide.fire-emblem-heroes.com\/?p=27293","_jetpack_memberships_contains_paid_content":false,"footnotes":"","jetpack_publicize_message":"","jetpack_publicize_feature_enabled":true,"jetpack_social_post_already_shared":true,"jetpack_social_options":{"image_generator_settings":{"template":"highway","default_image_id":0,"font":"","enabled":false},"version":2},"_wpas_customize_per_network":false,"jetpack_post_was_ever_published":false},"categories":[1384,1423,1405,1390],"tags":[1411],"class_list":["post-27301","post","type-post","status-publish","format-standard","has-post-thumbnail","hentry","category-character","category-ex_works_heroes","category-special_heroes","category-stay_heroes","tag-eroi-speciali","it-IT"],"jetpack_publicize_connections":[],"jetpack_featured_media_url":"https:\/\/guide.fire-emblem-heroes.com\/wp-content\/uploads\/froda_estival_dreams.png","jetpack_sharing_enabled":false,"jetpack_shortlink":"https:\/\/wp.me\/pa0Mj3-76l","jetpack_likes_enabled":false,"amp_enabled":false,"_links":{"self":[{"href":"https:\/\/guide.fire-emblem-heroes.com\/wp-json\/wp\/v2\/posts\/27301","targetHints":{"allow":["GET"]}}],"collection":[{"href":"https:\/\/guide.fire-emblem-heroes.com\/wp-json\/wp\/v2\/posts"}],"about":[{"href":"https:\/\/guide.fire-emblem-heroes.com\/wp-json\/wp\/v2\/types\/post"}],"author":[{"embeddable":true,"href":"https:\/\/guide.fire-emblem-heroes.com\/wp-json\/wp\/v2\/users\/1"}],"replies":[{"embeddable":true,"href":"https:\/\/guide.fire-emblem-heroes.com\/wp-json\/wp\/v2\/comments?post=27301"}],"version-history":[{"count":1,"href":"https:\/\/guide.fire-emblem-heroes.com\/wp-json\/wp\/v2\/posts\/27301\/revisions"}],"predecessor-version":[{"id":27312,"href":"https:\/\/guide.fire-emblem-heroes.com\/wp-json\/wp\/v2\/posts\/27301\/revisions\/27312"}],"wp:featuredmedia":[{"embeddable":true,"href":"https:\/\/guide.fire-emblem-heroes.com\/wp-json\/wp\/v2\/media\/27388"}],"wp:attachment":[{"href":"https:\/\/guide.fire-emblem-heroes.com\/wp-json\/wp\/v2\/media?parent=27301"}],"wp:term":[{"taxonomy":"category","embeddable":true,"href":"https:\/\/guide.fire-emblem-heroes.com\/wp-json\/wp\/v2\/categories?post=27301"},{"taxonomy":"post_tag","embeddable":true,"href":"https:\/\/guide.fire-emblem-heroes.com\/wp-json\/wp\/v2\/tags?post=27301"}],"curies":[{"name":"wp","href":"https:\/\/api.w.org\/{rel}","templated":true}]}}