






{"id":27918,"date":"2021-08-03T12:39:21","date_gmt":"2021-08-03T03:39:21","guid":{"rendered":"https:\/\/guide.fire-emblem-heroes.com\/?p=27918"},"modified":"2021-09-03T16:07:20","modified_gmt":"2021-09-03T07:07:20","slug":"00003001000691-2","status":"publish","type":"post","link":"https:\/\/guide.fire-emblem-heroes.com\/it\/00003001000691-2\/","title":{"rendered":"<span class=\"character_nick\">Il pirata cremisi<\/span><span class=\"character_name\">Surtr<\/span>"},"content":{"rendered":"<main id=\"CHARA_491\" class=\"main_page character\">\r\n            <article>\r\n                <section class=\"sec sec_character\">\r\n                    <ul class=\"sec_ul sec_ul--character slick-box\">\r\n                        <li class=\"sec_li sec_li--character\">\r\n                            <img decoding=\"async\" src=\"https:\/\/guide.fire-emblem-heroes.com\/wp-content\/uploads\/surtr_pirate_of_red_sky_slide01.png\" alt=\"\" \/>\r\n                        <\/li>\r\n                        <li class=\"sec_li sec_li--character\">\r\n                            <img decoding=\"async\" src=\"https:\/\/guide.fire-emblem-heroes.com\/wp-content\/uploads\/surtr_pirate_of_red_sky_slide02.png\" alt=\"\" \/>\r\n                        <\/li>\r\n                        <li class=\"sec_li sec_li--character\">\r\n                            <img decoding=\"async\" src=\"https:\/\/guide.fire-emblem-heroes.com\/wp-content\/uploads\/surtr_pirate_of_red_sky_slide03.png\" alt=\"\" \/>\r\n                        <\/li>\r\n                        <li class=\"sec_li sec_li--character\">\r\n                            <img decoding=\"async\" src=\"https:\/\/guide.fire-emblem-heroes.com\/wp-content\/uploads\/surtr_pirate_of_red_sky_slide04.png\" alt=\"\" \/>\r\n                        <\/li>\r\n                    <\/ul>\r\n                    <div class=\"sec_charainfoarea flex\">\r\n                        <div class=\"sec_gif\"><img loading=\"lazy\" decoding=\"async\" src=\"https:\/\/guide.fire-emblem-heroes.com\/wp-content\/uploads\/surtr_pirate_of_red_sky.png\" alt=\"\" width=\"210\" height=\"190\"\/><\/div>\r\n                        <div class=\"sec_charainfo\">\r\n                            <p id=\"CHARA_491_002\" class=\"sec_characate sec_characate--special_heroes\">Eroi speciali<\/p>\r\n                            <p id=\"CHARA_491_003\" class=\"sec_charanick\">Il pirata cremisi<\/p>\r\n                            <p id=\"CHARA_491_004\" class=\"sec_charaname\">Surtr<\/p>\r\n                            <p id=\"CHARA_491_005\" class=\"sec_charaappearancetxt\">Appare in<\/p>\r\n                            <p id=\"CHARA_491_006\" class=\"sec_charaappearancetxt\">Fire Emblem Heroes<\/p>\r\n                        <\/div>\r\n                    <\/div>\r\n                <\/section>\r\n            <\/article>\r\n            <article>\r\n                <section class=\"sec sec_characterarea\">\r\n                    <div class=\"sec_h2chara\">\r\n                        <p id=\"CHARA_491_007\" class=\"sec_h2charattl\">Lascia che sia Sharena a presentarti!<\/p>\r\n                        <h2 id=\"CHARA_491_008\" class=\"sec_h2charatxt\">Il pirata cremisi Surtr<\/h2>\r\n                    <\/div>\r\n                    <dl class=\"sec_dl flex\">\r\n                        <dt id=\"CHARA_491_009\" class=\"sec_dt\">Surtr \u00e8 il re di M\u00faspell, il regno del fuoco, e nelle sue vene scorre il sangue del drago del fuoco! Questa volta, per\u00f2, \u00e8 qui per riscaldare un po&#8217; l&#8217;ambiente in occasione della festa dei pirati di Askr!<\/dt>\r\n                        <dd class=\"sec_dd\">\r\n                            <a href=\"https:\/\/guide.fire-emblem-heroes.com\/wp-content\/uploads\/surtr_pirate_of_red_sky_pop01.png\" class=\"popup-image\">\r\n                                <img decoding=\"async\" src=\"https:\/\/guide.fire-emblem-heroes.com\/wp-content\/uploads\/surtr_pirate_of_red_sky_info01.png\" alt=\"\" \/>\r\n                            <\/a>\r\n                        <\/dd>\r\n                        <dt id=\"CHARA_491_010\" class=\"sec_dt\">Se c&#8217;\u00e8 una cosa che si pu\u00f2 dire di Surtr, \u00e8 che \u00e8 del tutto implacabile. Sapete, forse potremmo dire che nella sua smania di devastare altri regni c&#8217;\u00e8 qualcosa di un po&#8217; piratesco&#8230;<\/dt>\r\n                        <dd class=\"sec_dd\">\r\n                            <a href=\"https:\/\/guide.fire-emblem-heroes.com\/wp-content\/uploads\/surtr_pirate_of_red_sky_pop02.png\" class=\"popup-image\">\r\n                                <img decoding=\"async\" src=\"https:\/\/guide.fire-emblem-heroes.com\/wp-content\/uploads\/surtr_pirate_of_red_sky_info02.png\" alt=\"\" \/>\r\n                            <\/a>\r\n                        <\/dd>\r\n                        <dt id=\"CHARA_491_011\" class=\"sec_dt\">Il retro del suo mantello \u00e8 ornato dal simbolo di M\u00faspell. Scommetto che tutti scapperebbero a gambe levate se vedessero una nave pirata con quel marchio impresso sulla bandiera!<\/dt>\r\n                        <dd class=\"sec_dd\">\r\n                            <a href=\"https:\/\/guide.fire-emblem-heroes.com\/wp-content\/uploads\/surtr_pirate_of_red_sky_pop03.png\" class=\"popup-image\">\r\n                                <img decoding=\"async\" src=\"https:\/\/guide.fire-emblem-heroes.com\/wp-content\/uploads\/surtr_pirate_of_red_sky_info03.png\" alt=\"\" \/>\r\n                            <\/a>\r\n                        <\/dd>\r\n                        <dt id=\"CHARA_491_012\" class=\"sec_dt\">Surtr \u00e8 vestito come un tiranno dei mari e scommetto che anche gli squali pi\u00f9 selvaggi seguirebbero la sua guida. Sembra pronto a inondare il mondo con un mare di fuoco, perci\u00f2 spero davvero che si ricordi che questa \u00e8 solo una festa!<\/dt>\r\n                        <dd class=\"sec_dd\">\r\n                            <a href=\"https:\/\/guide.fire-emblem-heroes.com\/wp-content\/uploads\/surtr_pirate_of_red_sky_pop04.png\" class=\"popup-image\">\r\n                                <img decoding=\"async\" src=\"https:\/\/guide.fire-emblem-heroes.com\/wp-content\/uploads\/surtr_pirate_of_red_sky_info04.png\" alt=\"\" \/>\r\n                            <\/a>\r\n                        <\/dd>\r\n                    <\/dl>\r\n                    <h3 id=\"CHARA_491_013\" class=\"sec_h3charatxt\">Personaggi strettamente collegati<\/h3>\r\n                    <h4 id=\"CHARA_491_014\" class=\"sec_h4charatxt\">Laegjarn<\/h4>\r\n                    <p id=\"CHARA_491_015\" class=\"sec_charatxt\">La principessa maggiore di M\u00faspell, il regno del fuoco, e sorella pi\u00f9 grande di Laevatein. \u00c8 un generale che comanda gli eserciti di M\u00faspell con dignit\u00e0. \u00c8 la figlia di Surtr.<\/p>\r\n                    <h4 id=\"CHARA_491_016\" class=\"sec_h4charatxt\">Laevatein<\/h4>\r\n                    <p id=\"CHARA_491_017\" class=\"sec_charatxt\">La principessa minore di M\u00faspell, il regno del fuoco. Vede s\u00e9 stessa e la lama che brandisce come un&#8217;entit\u00e0 unica e tiene le sue emozioni costantemente sotto controllo. \u00c8 la figlia di Surtr.<\/p>\r\n                <\/section>\r\n            <\/article>\r\n        <\/main>","protected":false},"excerpt":{"rendered":"Eroi speciali Il pirata cremisi Surtr Appare in Fire Emblem Heroes Lascia che sia Sharena a presentarti! Il pirata cremisi Surtr Surtr \u00e8 il re di M\u00faspell, il regno del fuoco, e nelle sue vene scorre il sangue del drago del fuoco! Questa volta, per\u00f2, \u00e8 qui per riscaldare un po&#8217; l&#8217;ambiente in occasione della [&hellip;]","protected":false},"author":1,"featured_media":28063,"comment_status":"closed","ping_status":"closed","sticky":false,"template":"","format":"standard","meta":{"advanced_seo_description":"","jetpack_seo_html_title":"","jetpack_seo_noindex":false,"_jetpack_newsletter_access":"","_jetpack_dont_email_post_to_subs":false,"_jetpack_newsletter_tier_id":0,"_jetpack_memberships_contains_paywalled_content":false,"_locale":"it_IT","_original_post":"https:\/\/guide.fire-emblem-heroes.com\/?p=27909","_jetpack_memberships_contains_paid_content":false,"footnotes":"","jetpack_publicize_message":"","jetpack_publicize_feature_enabled":true,"jetpack_social_post_already_shared":true,"jetpack_social_options":{"image_generator_settings":{"template":"highway","default_image_id":0,"font":"","enabled":false},"version":2},"_wpas_customize_per_network":false,"jetpack_post_was_ever_published":false},"categories":[1384,1423,1405,1390],"tags":[1411],"class_list":["post-27918","post","type-post","status-publish","format-standard","has-post-thumbnail","hentry","category-character","category-ex_works_heroes","category-special_heroes","category-stay_heroes","tag-eroi-speciali","it-IT"],"jetpack_publicize_connections":[],"jetpack_featured_media_url":"https:\/\/guide.fire-emblem-heroes.com\/wp-content\/uploads\/surtr_pirate_of_red_sky.png","jetpack_sharing_enabled":false,"jetpack_shortlink":"https:\/\/wp.me\/pa0Mj3-7gi","jetpack_likes_enabled":false,"amp_enabled":false,"_links":{"self":[{"href":"https:\/\/guide.fire-emblem-heroes.com\/wp-json\/wp\/v2\/posts\/27918","targetHints":{"allow":["GET"]}}],"collection":[{"href":"https:\/\/guide.fire-emblem-heroes.com\/wp-json\/wp\/v2\/posts"}],"about":[{"href":"https:\/\/guide.fire-emblem-heroes.com\/wp-json\/wp\/v2\/types\/post"}],"author":[{"embeddable":true,"href":"https:\/\/guide.fire-emblem-heroes.com\/wp-json\/wp\/v2\/users\/1"}],"replies":[{"embeddable":true,"href":"https:\/\/guide.fire-emblem-heroes.com\/wp-json\/wp\/v2\/comments?post=27918"}],"version-history":[{"count":1,"href":"https:\/\/guide.fire-emblem-heroes.com\/wp-json\/wp\/v2\/posts\/27918\/revisions"}],"predecessor-version":[{"id":27922,"href":"https:\/\/guide.fire-emblem-heroes.com\/wp-json\/wp\/v2\/posts\/27918\/revisions\/27922"}],"wp:featuredmedia":[{"embeddable":true,"href":"https:\/\/guide.fire-emblem-heroes.com\/wp-json\/wp\/v2\/media\/28063"}],"wp:attachment":[{"href":"https:\/\/guide.fire-emblem-heroes.com\/wp-json\/wp\/v2\/media?parent=27918"}],"wp:term":[{"taxonomy":"category","embeddable":true,"href":"https:\/\/guide.fire-emblem-heroes.com\/wp-json\/wp\/v2\/categories?post=27918"},{"taxonomy":"post_tag","embeddable":true,"href":"https:\/\/guide.fire-emblem-heroes.com\/wp-json\/wp\/v2\/tags?post=27918"}],"curies":[{"name":"wp","href":"https:\/\/api.w.org\/{rel}","templated":true}]}}