






{"id":28291,"date":"2021-08-27T11:17:17","date_gmt":"2021-08-27T02:17:17","guid":{"rendered":"https:\/\/guide.fire-emblem-heroes.com\/?p=28291"},"modified":"2021-08-30T12:55:53","modified_gmt":"2021-08-30T03:55:53","slug":"03079002000246-2","status":"publish","type":"post","link":"https:\/\/guide.fire-emblem-heroes.com\/it\/03079002000246-2\/","title":{"rendered":"<span class=\"character_nick\">Il nero erede<\/span><span class=\"character_name\">Ares<\/span>"},"content":{"rendered":"<main id=\"CHARA_501\" class=\"main_page character\">\r\n            <article>\r\n                <section class=\"sec sec_character\">\r\n                    <ul class=\"sec_ul sec_ul--character slick-box\">\r\n                        <li class=\"sec_li sec_li--character\">\r\n                            <img decoding=\"async\" src=\"https:\/\/guide.fire-emblem-heroes.com\/wp-content\/uploads\/aless_black_knight_slide01.png\" alt=\"\" \/>\r\n                        <\/li>\r\n                        <li class=\"sec_li sec_li--character\">\r\n                            <img decoding=\"async\" src=\"https:\/\/guide.fire-emblem-heroes.com\/wp-content\/uploads\/aless_black_knight_slide02.png\" alt=\"\" \/>\r\n                        <\/li>\r\n                        <li class=\"sec_li sec_li--character\">\r\n                            <img decoding=\"async\" src=\"https:\/\/guide.fire-emblem-heroes.com\/wp-content\/uploads\/aless_black_knight_slide03.png\" alt=\"\" \/>\r\n                        <\/li>\r\n                        <li class=\"sec_li sec_li--character\">\r\n                            <img decoding=\"async\" src=\"https:\/\/guide.fire-emblem-heroes.com\/wp-content\/uploads\/aless_black_knight_slide04.png\" alt=\"\" \/>\r\n                        <\/li>\r\n                    <\/ul>\r\n                    <div class=\"sec_charainfoarea flex\">\r\n                        <div class=\"sec_gif\"><img loading=\"lazy\" decoding=\"async\" src=\"https:\/\/guide.fire-emblem-heroes.com\/wp-content\/uploads\/aless_black_knight.png\" alt=\"\" width=\"210\" height=\"190\"\/><\/div>\r\n                        <div class=\"sec_charainfo\">\r\n                            <p id=\"CHARA_501_002\" class=\"sec_characate sec_characate--heroes\">Eroi<\/p>\r\n                            <p id=\"CHARA_501_003\" class=\"sec_charanick\">Il nero erede<\/p>\r\n                            <p id=\"CHARA_501_004\" class=\"sec_charaname\">Ares<\/p>\r\n                            <p id=\"CHARA_501_005\" class=\"sec_charaappearancetxt\">Appare in<\/p>\r\n                            <p id=\"CHARA_501_006\" class=\"sec_charaappearancetxt\">Fire Emblem: Genealogy of the Holy War<\/p>\r\n                        <\/div>\r\n                    <\/div>\r\n                <\/section>\r\n            <\/article>\r\n            <article>\r\n                <section class=\"sec sec_characterarea\">\r\n                    <div class=\"sec_h2chara\">\r\n                        <p id=\"CHARA_501_007\" class=\"sec_h2charattl\">Lascia che sia Sharena a presentarti!<\/p>\r\n                        <h2 id=\"CHARA_501_008\" class=\"sec_h2charatxt\">Il nero erede Ares<\/h2>\r\n                    <\/div>\r\n                    <dl class=\"sec_dl flex\">\r\n                        <dt id=\"CHARA_501_009\" class=\"sec_dt\">Ares \u00e8 il figlio di Eldigan, il re di Nordion. Noto anche come &#8220;il nero erede&#8221;, \u00e8 un discendente del crociato Ho\u00f0r e ha dunque il permesso di brandire Mystletainn, la lama demoniaca!<\/dt>\r\n                        <dd class=\"sec_dd\">\r\n                            <a href=\"https:\/\/guide.fire-emblem-heroes.com\/wp-content\/uploads\/aless_black_knight_pop01.png\" class=\"popup-image\">\r\n                                <img decoding=\"async\" src=\"https:\/\/guide.fire-emblem-heroes.com\/wp-content\/uploads\/aless_black_knight_info01.png\" alt=\"\" \/>\r\n                            <\/a>\r\n                        <\/dd>\r\n                        <dt id=\"CHARA_501_010\" class=\"sec_dt\">Dopo aver perso entrambi i genitori da bambino, Ares si unisce a una banda di mercenari, passando di battaglia in battaglia in tutto il continente. Grazie alle sue eccezionali abilit\u00e0, ben presto si distingue come un cavaliere davvero capace.<\/dt>\r\n                        <dd class=\"sec_dd\">\r\n                            <a href=\"https:\/\/guide.fire-emblem-heroes.com\/wp-content\/uploads\/aless_black_knight_pop02.png\" class=\"popup-image\">\r\n                                <img decoding=\"async\" src=\"https:\/\/guide.fire-emblem-heroes.com\/wp-content\/uploads\/aless_black_knight_info02.png\" alt=\"\" \/>\r\n                            <\/a>\r\n                        <\/dd>\r\n                        <dt id=\"CHARA_501_011\" class=\"sec_dt\">Dopo aver appreso dal suo capitano che la sua cara compagna Lene \u00e8 stata imprigionata dal signore di Dahna, taglia tutti i ponti e si ribella unendosi all&#8217;esercito di Seliph, impegnato in una battaglia contro l&#8217;Impero di Grannvale.<\/dt>\r\n                        <dd class=\"sec_dd\">\r\n                            <a href=\"https:\/\/guide.fire-emblem-heroes.com\/wp-content\/uploads\/aless_black_knight_pop03.png\" class=\"popup-image\">\r\n                                <img decoding=\"async\" src=\"https:\/\/guide.fire-emblem-heroes.com\/wp-content\/uploads\/aless_black_knight_info03.png\" alt=\"\" \/>\r\n                            <\/a>\r\n                        <\/dd>\r\n                        <dt id=\"CHARA_501_012\" class=\"sec_dt\">Con la sua straordinaria abilit\u00e0 con la spada e una lama leggendaria a sua disposizione, Ares \u00e8 davvero indomabile sul campo di battaglia. \u00c8 come se i suoi leggendari antenati fossero tornati in vita una seconda volta!<\/dt>\r\n                        <dd class=\"sec_dd\">\r\n                            <a href=\"https:\/\/guide.fire-emblem-heroes.com\/wp-content\/uploads\/aless_black_knight_pop04.png\" class=\"popup-image\">\r\n                                <img decoding=\"async\" src=\"https:\/\/guide.fire-emblem-heroes.com\/wp-content\/uploads\/aless_black_knight_info04.png\" alt=\"\" \/>\r\n                            <\/a>\r\n                        <\/dd>\r\n                    <\/dl>\r\n                    <h3 id=\"CHARA_501_013\" class=\"sec_h3charatxt\">Personaggi strettamente collegati<\/h3>\r\n                    <h4 id=\"CHARA_501_014\" class=\"sec_h4charatxt\">Eldigan<\/h4>\r\n                    <p id=\"CHARA_501_015\" class=\"sec_charatxt\">Sovrano del casato di Nordion. Brandisce la lama demoniaca con devozione cavalleresca. Fratello maggiore di Lachesis, nonch\u00e9 padre di Ares.<\/p>\r\n                    <h4 id=\"CHARA_501_016\" class=\"sec_h4charatxt\">Seliph<\/h4>\r\n                    <p id=\"CHARA_501_017\" class=\"sec_charatxt\">Erede della sacra spada Tyrfing, salv\u00f2 un intero continente, sebbene non gli piaccia combattere. Fratellastro di Julia e i suoi genitori erano amici intimi dei genitori di Ares.<\/p>\r\n                    <h4 id=\"CHARA_501_018\" class=\"sec_h4charatxt\">Lene<\/h4>\r\n                    <p id=\"CHARA_501_019\" class=\"sec_charatxt\">Danzatrice e discendente del gran sacerdote Bragi. Sa come funziona il mondo e non ne \u00e8 scoraggiata. Viene salvata dal pericolo da Ares.<\/p>\r\n                <\/section>\r\n            <\/article>\r\n        <\/main>","protected":false},"excerpt":{"rendered":"Eroi Il nero erede Ares Appare in Fire Emblem: Genealogy of the Holy War Lascia che sia Sharena a presentarti! Il nero erede Ares Ares \u00e8 il figlio di Eldigan, il re di Nordion. Noto anche come &#8220;il nero erede&#8221;, \u00e8 un discendente del crociato Ho\u00f0r e ha dunque il permesso di brandire Mystletainn, la [&hellip;]","protected":false},"author":1,"featured_media":28378,"comment_status":"closed","ping_status":"closed","sticky":false,"template":"","format":"standard","meta":{"advanced_seo_description":"","jetpack_seo_html_title":"","jetpack_seo_noindex":false,"_jetpack_newsletter_access":"","_jetpack_dont_email_post_to_subs":false,"_jetpack_newsletter_tier_id":0,"_jetpack_memberships_contains_paywalled_content":false,"_locale":"it_IT","_original_post":"https:\/\/guide.fire-emblem-heroes.com\/?p=28282","_jetpack_memberships_contains_paid_content":false,"footnotes":"","jetpack_publicize_message":"","jetpack_publicize_feature_enabled":true,"jetpack_social_post_already_shared":true,"jetpack_social_options":{"image_generator_settings":{"template":"highway","default_image_id":0,"font":"","enabled":false},"version":2},"_wpas_customize_per_network":false,"jetpack_post_was_ever_published":false},"categories":[1384,1436,1415,1390],"tags":[1420],"class_list":["post-28291","post","type-post","status-publish","format-standard","has-post-thumbnail","hentry","category-character","category-ex_works_genealogy_of_the_holy_war","category-heroes","category-stay_heroes","tag-eroi","it-IT"],"jetpack_publicize_connections":[],"jetpack_featured_media_url":"https:\/\/guide.fire-emblem-heroes.com\/wp-content\/uploads\/aless_black_knight.png","jetpack_sharing_enabled":false,"jetpack_shortlink":"https:\/\/wp.me\/pa0Mj3-7mj","jetpack_likes_enabled":false,"amp_enabled":false,"_links":{"self":[{"href":"https:\/\/guide.fire-emblem-heroes.com\/wp-json\/wp\/v2\/posts\/28291","targetHints":{"allow":["GET"]}}],"collection":[{"href":"https:\/\/guide.fire-emblem-heroes.com\/wp-json\/wp\/v2\/posts"}],"about":[{"href":"https:\/\/guide.fire-emblem-heroes.com\/wp-json\/wp\/v2\/types\/post"}],"author":[{"embeddable":true,"href":"https:\/\/guide.fire-emblem-heroes.com\/wp-json\/wp\/v2\/users\/1"}],"replies":[{"embeddable":true,"href":"https:\/\/guide.fire-emblem-heroes.com\/wp-json\/wp\/v2\/comments?post=28291"}],"version-history":[{"count":1,"href":"https:\/\/guide.fire-emblem-heroes.com\/wp-json\/wp\/v2\/posts\/28291\/revisions"}],"predecessor-version":[{"id":28300,"href":"https:\/\/guide.fire-emblem-heroes.com\/wp-json\/wp\/v2\/posts\/28291\/revisions\/28300"}],"wp:featuredmedia":[{"embeddable":true,"href":"https:\/\/guide.fire-emblem-heroes.com\/wp-json\/wp\/v2\/media\/28378"}],"wp:attachment":[{"href":"https:\/\/guide.fire-emblem-heroes.com\/wp-json\/wp\/v2\/media?parent=28291"}],"wp:term":[{"taxonomy":"category","embeddable":true,"href":"https:\/\/guide.fire-emblem-heroes.com\/wp-json\/wp\/v2\/categories?post=28291"},{"taxonomy":"post_tag","embeddable":true,"href":"https:\/\/guide.fire-emblem-heroes.com\/wp-json\/wp\/v2\/tags?post=28291"}],"curies":[{"name":"wp","href":"https:\/\/api.w.org\/{rel}","templated":true}]}}