






{"id":29063,"date":"2021-10-05T11:58:42","date_gmt":"2021-10-05T02:58:42","guid":{"rendered":"https:\/\/guide.fire-emblem-heroes.com\/?p=29063"},"modified":"2022-09-14T14:03:23","modified_gmt":"2022-09-14T05:03:23","slug":"09005002000716-2","status":"publish","type":"post","link":"https:\/\/guide.fire-emblem-heroes.com\/it\/09005002000716-2\/","title":{"rendered":"<span class=\"character_nick\">Il principe d&#8217;autunno<\/span><span class=\"character_name\">Kurthnaga<\/span>"},"content":{"rendered":"<main id=\"CHARA_523\" class=\"main_page character\">\r\n            <article>\r\n                <section class=\"sec sec_character\">\r\n                    <ul class=\"sec_ul sec_ul--character slick-box\">\r\n                        <li class=\"sec_li sec_li--character\">\r\n                            <img decoding=\"async\" src=\"https:\/\/guide.fire-emblem-heroes.com\/wp-content\/uploads\/kurt_goldoa_harvester_slide01.png\" alt=\"\" \/>\r\n                        <\/li>\r\n                        <li class=\"sec_li sec_li--character\">\r\n                            <img decoding=\"async\" src=\"https:\/\/guide.fire-emblem-heroes.com\/wp-content\/uploads\/kurt_goldoa_harvester_slide02.png\" alt=\"\" \/>\r\n                        <\/li>\r\n                        <li class=\"sec_li sec_li--character\">\r\n                            <img decoding=\"async\" src=\"https:\/\/guide.fire-emblem-heroes.com\/wp-content\/uploads\/kurt_goldoa_harvester_slide03.png\" alt=\"\" \/>\r\n                        <\/li>\r\n                        <li class=\"sec_li sec_li--character\">\r\n                            <img decoding=\"async\" src=\"https:\/\/guide.fire-emblem-heroes.com\/wp-content\/uploads\/kurt_goldoa_harvester_slide04.png\" alt=\"\" \/>\r\n                        <\/li>\r\n                    <\/ul>\r\n                    <div class=\"sec_charainfoarea flex\">\r\n                        <div class=\"sec_gif\"><img loading=\"lazy\" decoding=\"async\" src=\"https:\/\/guide.fire-emblem-heroes.com\/wp-content\/uploads\/kurt_goldoa_harvester.png\" alt=\"\" width=\"210\" height=\"190\"\/><\/div>\r\n                        <div class=\"sec_charainfo\">\r\n                            <p id=\"CHARA_523_002\" class=\"sec_characate sec_characate--special_heroes\">Eroi speciali<\/p>\r\n                            <p id=\"CHARA_523_003\" class=\"sec_charanick\">Il principe d&#8217;autunno<\/p>\r\n                            <p id=\"CHARA_523_004\" class=\"sec_charaname\">Kurthnaga<\/p>\r\n                            <p id=\"CHARA_523_005\" class=\"sec_charaappearancetxt\">Appare in<\/p>\r\n                            <p id=\"CHARA_523_006\" class=\"sec_charaappearancetxt\">Fire Emblem: Radiant Dawn<\/p>\r\n                        <\/div>\r\n                    <\/div>\r\n                <\/section>\r\n            <\/article>\r\n            <article>\r\n                <section class=\"sec sec_characterarea\">\r\n                    <div class=\"sec_h2chara\">\r\n                        <p id=\"CHARA_523_007\" class=\"sec_h2charattl\">Lascia che sia Sharena a presentarti!<\/p>\r\n                        <h2 id=\"CHARA_523_008\" class=\"sec_h2charatxt\">Il principe d&#8217;autunno Kurthnaga<\/h2>\r\n                    <\/div>\r\n                    <dl class=\"sec_dl flex\">\r\n                        <dt id=\"CHARA_523_009\" class=\"sec_dt\">Goldoa, terra dei laguz drago, \u00e8 il regno pi\u00f9 misterioso di tutta Tellius. Perci\u00f2 \u00e8 una vera fortuna che il principe di Goldoa in persona si unisca a noi per la festa del raccolto! Benvenuto, Kurthnaga!<\/dt>\r\n                        <dd class=\"sec_dd\">\r\n                            <a href=\"https:\/\/guide.fire-emblem-heroes.com\/wp-content\/uploads\/kurt_goldoa_harvester_pop01.png\" class=\"popup-image\">\r\n                                <img decoding=\"async\" src=\"https:\/\/guide.fire-emblem-heroes.com\/wp-content\/uploads\/kurt_goldoa_harvester_info01.png\" alt=\"\" \/>\r\n                            <\/a>\r\n                        <\/dd>\r\n                        <dt id=\"CHARA_523_010\" class=\"sec_dt\">Kurthnaga indossa un completo speciale non goldoano per la festa, molto diverso dal suo abbigliamento usuale. Pare che sia ispirato agli abiti indossati dai maghi di una terra lontana!<\/dt>\r\n                        <dd class=\"sec_dd\">\r\n                            <a href=\"https:\/\/guide.fire-emblem-heroes.com\/wp-content\/uploads\/kurt_goldoa_harvester_pop02.png\" class=\"popup-image\">\r\n                                <img decoding=\"async\" src=\"https:\/\/guide.fire-emblem-heroes.com\/wp-content\/uploads\/kurt_goldoa_harvester_info02.png\" alt=\"\" \/>\r\n                            <\/a>\r\n                        <\/dd>\r\n                        <dt id=\"CHARA_523_011\" class=\"sec_dt\">Date un&#8217;occhiata all&#8217;arma magica che ha con s\u00e9! Se ho capito bene, \u00e8 una specie di lanterna di carta che emette un bagliore incantevole!<\/dt>\r\n                        <dd class=\"sec_dd\">\r\n                            <a href=\"https:\/\/guide.fire-emblem-heroes.com\/wp-content\/uploads\/kurt_goldoa_harvester_pop03.png\" class=\"popup-image\">\r\n                                <img decoding=\"async\" src=\"https:\/\/guide.fire-emblem-heroes.com\/wp-content\/uploads\/kurt_goldoa_harvester_info03.png\" alt=\"\" \/>\r\n                            <\/a>\r\n                        <\/dd>\r\n                        <dt id=\"CHARA_523_012\" class=\"sec_dt\">I laguz drago di Goldoa hanno raramente contatti con il mondo esterno, perci\u00f2 questo deve essere un giorno davvero speciale per Kurthnaga. Spero che abbia la possibilit\u00e0 di vedere tutte le attrazioni che la festa del raccolto ha da offrire!<\/dt>\r\n                        <dd class=\"sec_dd\">\r\n                            <a href=\"https:\/\/guide.fire-emblem-heroes.com\/wp-content\/uploads\/kurt_goldoa_harvester_pop04.png\" class=\"popup-image\">\r\n                                <img decoding=\"async\" src=\"https:\/\/guide.fire-emblem-heroes.com\/wp-content\/uploads\/kurt_goldoa_harvester_info04.png\" alt=\"\" \/>\r\n                            <\/a>\r\n                        <\/dd>\r\n                    <\/dl>\r\n                    <h3 id=\"CHARA_523_013\" class=\"sec_h3charatxt\">Personaggi strettamente collegati<\/h3>\r\n                    <h4 id=\"CHARA_523_014\" class=\"sec_h4charatxt\">Deghinsea<\/h4>\r\n                    <p id=\"CHARA_523_015\" class=\"sec_charatxt\">Uno dei Tre Eroi che salvarono il continente di Tellius dal caos. Si \u00e8 unito alla festa del raccolto dopo aver sentito che ci sarebbero stati altri draghi. \u00c8 il padre di Kurthnaga.<\/p>\r\n                <\/section>\r\n            <\/article>\r\n        <\/main>","protected":false},"excerpt":{"rendered":"Eroi speciali Il principe d&#8217;autunno Kurthnaga Appare in Fire Emblem: Radiant Dawn Lascia che sia Sharena a presentarti! Il principe d&#8217;autunno Kurthnaga Goldoa, terra dei laguz drago, \u00e8 il regno pi\u00f9 misterioso di tutta Tellius. Perci\u00f2 \u00e8 una vera fortuna che il principe di Goldoa in persona si unisca a noi per la festa del [&hellip;]","protected":false},"author":1,"featured_media":29135,"comment_status":"closed","ping_status":"closed","sticky":false,"template":"","format":"standard","meta":{"advanced_seo_description":"","jetpack_seo_html_title":"","jetpack_seo_noindex":false,"_jetpack_newsletter_access":"","_jetpack_dont_email_post_to_subs":false,"_jetpack_newsletter_tier_id":0,"_jetpack_memberships_contains_paywalled_content":false,"_locale":"it_IT","_original_post":"https:\/\/guide.fire-emblem-heroes.com\/?p=29054","_jetpack_memberships_contains_paid_content":false,"footnotes":"","jetpack_publicize_message":"","jetpack_publicize_feature_enabled":true,"jetpack_social_post_already_shared":true,"jetpack_social_options":{"image_generator_settings":{"template":"highway","default_image_id":0,"font":"","enabled":false},"version":2},"_wpas_customize_per_network":false,"jetpack_post_was_ever_published":false},"categories":[1384,1405,1390,1430],"tags":[1411],"class_list":["post-29063","post","type-post","status-publish","format-standard","has-post-thumbnail","hentry","category-character","category-special_heroes","category-stay_heroes","category-ex_works_radiant_dawn","tag-eroi-speciali","it-IT"],"jetpack_publicize_connections":[],"jetpack_featured_media_url":"https:\/\/guide.fire-emblem-heroes.com\/wp-content\/uploads\/kurt_goldoa_harvester.png","jetpack_sharing_enabled":false,"jetpack_shortlink":"https:\/\/wp.me\/pa0Mj3-7yL","jetpack_likes_enabled":false,"amp_enabled":false,"_links":{"self":[{"href":"https:\/\/guide.fire-emblem-heroes.com\/wp-json\/wp\/v2\/posts\/29063","targetHints":{"allow":["GET"]}}],"collection":[{"href":"https:\/\/guide.fire-emblem-heroes.com\/wp-json\/wp\/v2\/posts"}],"about":[{"href":"https:\/\/guide.fire-emblem-heroes.com\/wp-json\/wp\/v2\/types\/post"}],"author":[{"embeddable":true,"href":"https:\/\/guide.fire-emblem-heroes.com\/wp-json\/wp\/v2\/users\/1"}],"replies":[{"embeddable":true,"href":"https:\/\/guide.fire-emblem-heroes.com\/wp-json\/wp\/v2\/comments?post=29063"}],"version-history":[{"count":2,"href":"https:\/\/guide.fire-emblem-heroes.com\/wp-json\/wp\/v2\/posts\/29063\/revisions"}],"predecessor-version":[{"id":37032,"href":"https:\/\/guide.fire-emblem-heroes.com\/wp-json\/wp\/v2\/posts\/29063\/revisions\/37032"}],"wp:featuredmedia":[{"embeddable":true,"href":"https:\/\/guide.fire-emblem-heroes.com\/wp-json\/wp\/v2\/media\/29135"}],"wp:attachment":[{"href":"https:\/\/guide.fire-emblem-heroes.com\/wp-json\/wp\/v2\/media?parent=29063"}],"wp:term":[{"taxonomy":"category","embeddable":true,"href":"https:\/\/guide.fire-emblem-heroes.com\/wp-json\/wp\/v2\/categories?post=29063"},{"taxonomy":"post_tag","embeddable":true,"href":"https:\/\/guide.fire-emblem-heroes.com\/wp-json\/wp\/v2\/tags?post=29063"}],"curies":[{"name":"wp","href":"https:\/\/api.w.org\/{rel}","templated":true}]}}