






{"id":29925,"date":"2021-11-15T12:37:48","date_gmt":"2021-11-15T03:37:48","guid":{"rendered":"https:\/\/guide.fire-emblem-heroes.com\/?p=29925"},"modified":"2021-12-07T16:20:54","modified_gmt":"2021-12-07T07:20:54","slug":"08009020000733-2","status":"publish","type":"post","link":"https:\/\/guide.fire-emblem-heroes.com\/it\/08009020000733-2\/","title":{"rendered":"<span class=\"character_nick\">La dama decisa<\/span><span class=\"character_name\">Astrid<\/span>"},"content":{"rendered":"<main id=\"CHARA_544\" class=\"main_page character\">\r\n            <article>\r\n                <section class=\"sec sec_character\">\r\n                    <ul class=\"sec_ul sec_ul--character slick-box\">\r\n                        <li class=\"sec_li sec_li--character\">\r\n                            <img decoding=\"async\" src=\"https:\/\/guide.fire-emblem-heroes.com\/wp-content\/uploads\/stella_resolute_damsel_slide01.png\" alt=\"\" \/>\r\n                        <\/li>\r\n                        <li class=\"sec_li sec_li--character\">\r\n                            <img decoding=\"async\" src=\"https:\/\/guide.fire-emblem-heroes.com\/wp-content\/uploads\/stella_resolute_damsel_slide02.png\" alt=\"\" \/>\r\n                        <\/li>\r\n                        <li class=\"sec_li sec_li--character\">\r\n                            <img decoding=\"async\" src=\"https:\/\/guide.fire-emblem-heroes.com\/wp-content\/uploads\/stella_resolute_damsel_slide03.png\" alt=\"\" \/>\r\n                        <\/li>\r\n                        <li class=\"sec_li sec_li--character\">\r\n                            <img decoding=\"async\" src=\"https:\/\/guide.fire-emblem-heroes.com\/wp-content\/uploads\/stella_resolute_damsel_slide04.png\" alt=\"\" \/>\r\n                        <\/li>\r\n                    <\/ul>\r\n                    <div class=\"sec_charainfoarea flex\">\r\n                        <div class=\"sec_gif\"><img loading=\"lazy\" decoding=\"async\" src=\"https:\/\/guide.fire-emblem-heroes.com\/wp-content\/uploads\/stella_resolute_damsel.png\" alt=\"\" width=\"210\" height=\"190\"\/><\/div>\r\n                        <div class=\"sec_charainfo\">\r\n                            <p id=\"CHARA_544_002\" class=\"sec_characate sec_characate--heroes\">Eroi<\/p>\r\n                            <p id=\"CHARA_544_003\" class=\"sec_charanick\">La dama decisa<\/p>\r\n                            <p id=\"CHARA_544_004\" class=\"sec_charaname\">Astrid<\/p>\r\n                            <p id=\"CHARA_544_005\" class=\"sec_charaappearancetxt\">Appare in<\/p>\r\n                            <p id=\"CHARA_544_006\" class=\"sec_charaappearancetxt\">Fire Emblem: Path of Radiance<\/p>\r\n                        <\/div>\r\n                    <\/div>\r\n                <\/section>\r\n            <\/article>\r\n            <article>\r\n                <section class=\"sec sec_characterarea\">\r\n                    <div class=\"sec_h2chara\">\r\n                        <p id=\"CHARA_544_007\" class=\"sec_h2charattl\">Lascia che sia Sharena a presentarti!<\/p>\r\n                        <h2 id=\"CHARA_544_008\" class=\"sec_h2charatxt\">La dama decisa Astrid<\/h2>\r\n                    <\/div>\r\n                    <dl class=\"sec_dl flex\">\r\n                        <dt id=\"CHARA_544_009\" class=\"sec_dt\">Astrid \u00e8 una giovane nobildonna nata nella casata di Damiell di Begnion. Pur provenendo da un ambiente raffinato, \u00e8 tutt&#8217;altro che timida, anzi: \u00e8 un soldato di talento che combatte in prima linea come cavaliera arciera!<\/dt>\r\n                        <dd class=\"sec_dd\">\r\n                            <a href=\"https:\/\/guide.fire-emblem-heroes.com\/wp-content\/uploads\/stella_resolute_damsel_pop01.png\" class=\"popup-image\">\r\n                                <img decoding=\"async\" src=\"https:\/\/guide.fire-emblem-heroes.com\/wp-content\/uploads\/stella_resolute_damsel_info01.png\" alt=\"\" \/>\r\n                            <\/a>\r\n                        <\/dd>\r\n                        <dt id=\"CHARA_544_010\" class=\"sec_dt\">La famiglia di Astrid dava molta importanza al prestigio della loro casata. Tuttavia, malgrado fosse economicamente benestante, la nostra eroina si sentiva insoddisfatta, avendo dei genitori che le dettavano la strada da seguire.<\/dt>\r\n                        <dd class=\"sec_dd\">\r\n                            <a href=\"https:\/\/guide.fire-emblem-heroes.com\/wp-content\/uploads\/stella_resolute_damsel_pop02.png\" class=\"popup-image\">\r\n                                <img decoding=\"async\" src=\"https:\/\/guide.fire-emblem-heroes.com\/wp-content\/uploads\/stella_resolute_damsel_info02.png\" alt=\"\" \/>\r\n                            <\/a>\r\n                        <\/dd>\r\n                        <dt id=\"CHARA_544_011\" class=\"sec_dt\">Astrid, invece, scelse di fare di testa sua e di accettare le conseguenze delle sue decisioni: cos\u00ec si un\u00ec ai cavalieri di Begnion. In seguit\u00f2 incontr\u00f2 Ike ed entr\u00f2 a far parte dei Mercenari di Greil guidati da lui.<\/dt>\r\n                        <dd class=\"sec_dd\">\r\n                            <a href=\"https:\/\/guide.fire-emblem-heroes.com\/wp-content\/uploads\/stella_resolute_damsel_pop03.png\" class=\"popup-image\">\r\n                                <img decoding=\"async\" src=\"https:\/\/guide.fire-emblem-heroes.com\/wp-content\/uploads\/stella_resolute_damsel_info03.png\" alt=\"\" \/>\r\n                            <\/a>\r\n                        <\/dd>\r\n                        <dt id=\"CHARA_544_012\" class=\"sec_dt\">Astrid \u00e8 stata l&#8217;artefice del proprio destino nonostante l&#8217;opposizione da parte dei suoi pari e della sua famiglia. Credo che potrei imparare molto da una persona con una tale volont\u00e0 di ferro!<\/dt>\r\n                        <dd class=\"sec_dd\">\r\n                            <a href=\"https:\/\/guide.fire-emblem-heroes.com\/wp-content\/uploads\/stella_resolute_damsel_pop04.png\" class=\"popup-image\">\r\n                                <img decoding=\"async\" src=\"https:\/\/guide.fire-emblem-heroes.com\/wp-content\/uploads\/stella_resolute_damsel_info04.png\" alt=\"\" \/>\r\n                            <\/a>\r\n                        <\/dd>\r\n                    <\/dl>\r\n                    <h3 id=\"CHARA_544_013\" class=\"sec_h3charatxt\">Personaggi strettamente collegati<\/h3>\r\n                    <h4 id=\"CHARA_544_014\" class=\"sec_h4charatxt\">Ike<\/h4>\r\n                    <p id=\"CHARA_544_015\" class=\"sec_charatxt\">Un giovane dall&#8217;animo gentile ma stoico che ha assunto il comando della banda di mercenari del padre. Invita Astrid a unirsi ai Mercenari di Greil dopo averla incontrata sul campo di battaglia.<\/p>\r\n                <\/section>\r\n            <\/article>\r\n        <\/main>","protected":false},"excerpt":{"rendered":"Eroi La dama decisa Astrid Appare in Fire Emblem: Path of Radiance Lascia che sia Sharena a presentarti! La dama decisa Astrid Astrid \u00e8 una giovane nobildonna nata nella casata di Damiell di Begnion. Pur provenendo da un ambiente raffinato, \u00e8 tutt&#8217;altro che timida, anzi: \u00e8 un soldato di talento che combatte in prima linea [&hellip;]","protected":false},"author":1,"featured_media":30054,"comment_status":"closed","ping_status":"closed","sticky":false,"template":"","format":"standard","meta":{"advanced_seo_description":"","jetpack_seo_html_title":"","jetpack_seo_noindex":false,"jetpack_post_was_ever_published":false,"_jetpack_newsletter_access":"","_jetpack_dont_email_post_to_subs":false,"_jetpack_newsletter_tier_id":0,"_jetpack_memberships_contains_paywalled_content":false,"_locale":"it_IT","_original_post":"https:\/\/guide.fire-emblem-heroes.com\/?p=29916","_jetpack_memberships_contains_paid_content":false,"footnotes":"","jetpack_publicize_message":"","jetpack_publicize_feature_enabled":true,"jetpack_social_post_already_shared":true,"jetpack_social_options":{"image_generator_settings":{"template":"highway","default_image_id":0,"font":"","enabled":false},"version":2},"_wpas_customize_per_network":false},"categories":[1384,1415,1429,1390],"tags":[1420],"class_list":["post-29925","post","type-post","status-publish","format-standard","has-post-thumbnail","hentry","category-character","category-heroes","category-ex_works_path_of_radiance","category-stay_heroes","tag-eroi","it-IT"],"jetpack_publicize_connections":[],"jetpack_featured_media_url":"https:\/\/guide.fire-emblem-heroes.com\/wp-content\/uploads\/stella_resolute_damsel.png","jetpack_sharing_enabled":false,"jetpack_shortlink":"https:\/\/wp.me\/pa0Mj3-7MF","jetpack_likes_enabled":false,"amp_enabled":false,"_links":{"self":[{"href":"https:\/\/guide.fire-emblem-heroes.com\/wp-json\/wp\/v2\/posts\/29925","targetHints":{"allow":["GET"]}}],"collection":[{"href":"https:\/\/guide.fire-emblem-heroes.com\/wp-json\/wp\/v2\/posts"}],"about":[{"href":"https:\/\/guide.fire-emblem-heroes.com\/wp-json\/wp\/v2\/types\/post"}],"author":[{"embeddable":true,"href":"https:\/\/guide.fire-emblem-heroes.com\/wp-json\/wp\/v2\/users\/1"}],"replies":[{"embeddable":true,"href":"https:\/\/guide.fire-emblem-heroes.com\/wp-json\/wp\/v2\/comments?post=29925"}],"version-history":[{"count":1,"href":"https:\/\/guide.fire-emblem-heroes.com\/wp-json\/wp\/v2\/posts\/29925\/revisions"}],"predecessor-version":[{"id":29933,"href":"https:\/\/guide.fire-emblem-heroes.com\/wp-json\/wp\/v2\/posts\/29925\/revisions\/29933"}],"wp:featuredmedia":[{"embeddable":true,"href":"https:\/\/guide.fire-emblem-heroes.com\/wp-json\/wp\/v2\/media\/30054"}],"wp:attachment":[{"href":"https:\/\/guide.fire-emblem-heroes.com\/wp-json\/wp\/v2\/media?parent=29925"}],"wp:term":[{"taxonomy":"category","embeddable":true,"href":"https:\/\/guide.fire-emblem-heroes.com\/wp-json\/wp\/v2\/categories?post=29925"},{"taxonomy":"post_tag","embeddable":true,"href":"https:\/\/guide.fire-emblem-heroes.com\/wp-json\/wp\/v2\/tags?post=29925"}],"curies":[{"name":"wp","href":"https:\/\/api.w.org\/{rel}","templated":true}]}}