






{"id":30157,"date":"2021-11-26T12:32:42","date_gmt":"2021-11-26T03:32:42","guid":{"rendered":"https:\/\/guide.fire-emblem-heroes.com\/?p=30157"},"modified":"2021-12-15T18:22:58","modified_gmt":"2021-12-15T09:22:58","slug":"00004000900737-2","status":"publish","type":"post","link":"https:\/\/guide.fire-emblem-heroes.com\/it\/00004000900737-2\/","title":{"rendered":"<span class=\"character_nick\">Dea della guerra<\/span><span class=\"character_name\">Th\u00f3rr<\/span>"},"content":{"rendered":"<main id=\"CHARA_549\" class=\"main_page character\">\r\n            <article>\r\n                <section class=\"sec sec_character\">\r\n                    <ul class=\"sec_ul sec_ul--character slick-box\">\r\n                        <li class=\"sec_li sec_li--character\">\r\n                            <img decoding=\"async\" src=\"https:\/\/guide.fire-emblem-heroes.com\/wp-content\/uploads\/tor_god_of_war_slide01.png\" alt=\"\" \/>\r\n                        <\/li>\r\n                        <li class=\"sec_li sec_li--character\">\r\n                            <img decoding=\"async\" src=\"https:\/\/guide.fire-emblem-heroes.com\/wp-content\/uploads\/tor_god_of_war_slide02.png\" alt=\"\" \/>\r\n                        <\/li>\r\n                        <li class=\"sec_li sec_li--character\">\r\n                            <img decoding=\"async\" src=\"https:\/\/guide.fire-emblem-heroes.com\/wp-content\/uploads\/tor_god_of_war_slide03.png\" alt=\"\" \/>\r\n                        <\/li>\r\n                        <li class=\"sec_li sec_li--character\">\r\n                            <img decoding=\"async\" src=\"https:\/\/guide.fire-emblem-heroes.com\/wp-content\/uploads\/tor_god_of_war_slide04.png\" alt=\"\" \/>\r\n                        <\/li>\r\n                    <\/ul>\r\n                    <div class=\"sec_charainfoarea flex\">\r\n                        <div class=\"sec_gif\"><img loading=\"lazy\" decoding=\"async\" src=\"https:\/\/guide.fire-emblem-heroes.com\/wp-content\/uploads\/tor_god_of_war.png\" alt=\"\" width=\"210\" height=\"190\"\/><\/div>\r\n                        <div class=\"sec_charainfo\">\r\n                            <p id=\"CHARA_549_002\" class=\"sec_characate sec_characate--mythic_heroes\">Eroi mitici<\/p>\r\n                            <p id=\"CHARA_549_003\" class=\"sec_charanick\">Dea della guerra<\/p>\r\n                            <p id=\"CHARA_549_004\" class=\"sec_charaname\">Th\u00f3rr<\/p>\r\n                            <p id=\"CHARA_549_005\" class=\"sec_charaappearancetxt\">Appare in<\/p>\r\n                            <p id=\"CHARA_549_006\" class=\"sec_charaappearancetxt\">Fire Emblem Heroes<\/p>\r\n                        <\/div>\r\n                    <\/div>\r\n                <\/section>\r\n            <\/article>\r\n            <article>\r\n                <section class=\"sec sec_characterarea\">\r\n                    <div class=\"sec_h2chara\">\r\n                        <p id=\"CHARA_549_007\" class=\"sec_h2charattl\">Lascia che sia Sharena a presentarti!<\/p>\r\n                        <h2 id=\"CHARA_549_008\" class=\"sec_h2charatxt\">Dea della guerra Th\u00f3rr<\/h2>\r\n                    <\/div>\r\n                    <dl class=\"sec_dl flex\">\r\n                        <dt id=\"CHARA_549_009\" class=\"sec_dt\">Askr \u00e8 stato sfidato dal cielo a sottoporsi alle prove del Rombo di Mj\u00f6lnir. A comandare l&#8217;assalto nemico \u00e8 Th\u00f3rr, la dea della guerra in persona!<\/dt>\r\n                        <dd class=\"sec_dd\">\r\n                            <a href=\"https:\/\/guide.fire-emblem-heroes.com\/wp-content\/uploads\/tor_god_of_war_pop01.png\" class=\"popup-image\">\r\n                                <img decoding=\"async\" src=\"https:\/\/guide.fire-emblem-heroes.com\/wp-content\/uploads\/tor_god_of_war_info01.png\" alt=\"\" \/>\r\n                            <\/a>\r\n                        <\/dd>\r\n                        <dt id=\"CHARA_549_010\" class=\"sec_dt\">Th\u00f3rr ha scatenato il potere di Mj\u00f6lnir per invadere Askr e mettere alla prova l&#8217;umanit\u00e0, ma non \u00e8 stata del tutto sincera sui motivi che l&#8217;hanno spinta a farlo.<\/dt>\r\n                        <dd class=\"sec_dd\">\r\n                            <a href=\"https:\/\/guide.fire-emblem-heroes.com\/wp-content\/uploads\/tor_god_of_war_pop02.png\" class=\"popup-image\">\r\n                                <img decoding=\"async\" src=\"https:\/\/guide.fire-emblem-heroes.com\/wp-content\/uploads\/tor_god_of_war_info02.png\" alt=\"\" \/>\r\n                            <\/a>\r\n                        <\/dd>\r\n                        <dt id=\"CHARA_549_011\" class=\"sec_dt\">Tuttavia, non sembra che abbia intenzione di distruggere completamente l&#8217;umanit\u00e0. Per rispetto alla forza umana, ci ha parlato dello Scudo di Midgard, che ci permetter\u00e0 di sopravvivere all&#8217;attacco e di combattere.<\/dt>\r\n                        <dd class=\"sec_dd\">\r\n                            <a href=\"https:\/\/guide.fire-emblem-heroes.com\/wp-content\/uploads\/tor_god_of_war_pop03.png\" class=\"popup-image\">\r\n                                <img decoding=\"async\" src=\"https:\/\/guide.fire-emblem-heroes.com\/wp-content\/uploads\/tor_god_of_war_info03.png\" alt=\"\" \/>\r\n                            <\/a>\r\n                        <\/dd>\r\n                        <dt id=\"CHARA_549_012\" class=\"sec_dt\">Ha anche stretto dei patti con L\u00edf e Thrasir, rendendoli paladini divini al servizio degli dei. Th\u00f3rr stessa \u00e8 al servizio di colui che ha creato tutto&#8230; sono davvero curiosa di sapere quale sia il suo vero obiettivo!<\/dt>\r\n                        <dd class=\"sec_dd\">\r\n                            <a href=\"https:\/\/guide.fire-emblem-heroes.com\/wp-content\/uploads\/tor_god_of_war_pop04.png\" class=\"popup-image\">\r\n                                <img decoding=\"async\" src=\"https:\/\/guide.fire-emblem-heroes.com\/wp-content\/uploads\/tor_god_of_war_info04.png\" alt=\"\" \/>\r\n                            <\/a>\r\n                        <\/dd>\r\n                    <\/dl>\r\n                    <h3 id=\"CHARA_549_013\" class=\"sec_h3charatxt\">Personaggi strettamente collegati<\/h3>\r\n                    <h4 id=\"CHARA_549_014\" class=\"sec_h4charatxt\">Loki<\/h4>\r\n                    <p id=\"CHARA_549_015\" class=\"sec_charatxt\">\u00c8 la stratega di M\u00faspell, il regno del fuoco. Non fa che ingannare e manipolare la gente. \u00c8 una vecchia conoscenza di Th\u00f3rr.<\/p>\r\n                    <h4 id=\"CHARA_549_016\" class=\"sec_h4charatxt\">L\u00edf<\/h4>\r\n                    <p id=\"CHARA_549_017\" class=\"sec_charatxt\">Generale del regno dei morti fedele alla sua regina. Questo oscuro spadaccino lotta con la speranza di convertire tutti i vivi in nuovi sudditi del regno. Dopo essere sfuggito al controllo di Hel, stringe un patto con Th\u00f3rr per diventare un guerriero celeste con dominio sui nove mondi.<\/p>\r\n                    <h4 id=\"CHARA_549_018\" class=\"sec_h4charatxt\">Thrasir<\/h4>\r\n                    <p id=\"CHARA_549_019\" class=\"sec_charatxt\">Generale del regno dei morti fedele alla sua regina. Questa strega usa i suoi poteri per accrescere la popolazione di Hel. Dopo essere sfuggita al controllo di Hel, stringe un patto con Th\u00f3rr per diventare una guerriera celeste con dominio sui nove mondi.<\/p>\r\n                <\/section>\r\n            <\/article>\r\n        <\/main>","protected":false},"excerpt":{"rendered":"Eroi mitici Dea della guerra Th\u00f3rr Appare in Fire Emblem Heroes Lascia che sia Sharena a presentarti! Dea della guerra Th\u00f3rr Askr \u00e8 stato sfidato dal cielo a sottoporsi alle prove del Rombo di Mj\u00f6lnir. A comandare l&#8217;assalto nemico \u00e8 Th\u00f3rr, la dea della guerra in persona! Th\u00f3rr ha scatenato il potere di Mj\u00f6lnir per [&hellip;]","protected":false},"author":1,"featured_media":30238,"comment_status":"closed","ping_status":"closed","sticky":false,"template":"","format":"standard","meta":{"advanced_seo_description":"","jetpack_seo_html_title":"","jetpack_seo_noindex":false,"_jetpack_newsletter_access":"","_jetpack_dont_email_post_to_subs":false,"_jetpack_newsletter_tier_id":0,"_jetpack_memberships_contains_paywalled_content":false,"_locale":"it_IT","_original_post":"https:\/\/guide.fire-emblem-heroes.com\/?p=30148","_jetpack_memberships_contains_paid_content":false,"footnotes":"","jetpack_publicize_message":"","jetpack_publicize_feature_enabled":true,"jetpack_social_post_already_shared":true,"jetpack_social_options":{"image_generator_settings":{"template":"highway","default_image_id":0,"font":"","enabled":false},"version":2},"_wpas_customize_per_network":false,"jetpack_post_was_ever_published":false},"categories":[1384,1423,1385,1390],"tags":[1403],"class_list":["post-30157","post","type-post","status-publish","format-standard","has-post-thumbnail","hentry","category-character","category-ex_works_heroes","category-mythic_heroes","category-stay_heroes","tag-eroi-mitici","it-IT"],"jetpack_publicize_connections":[],"jetpack_featured_media_url":"https:\/\/guide.fire-emblem-heroes.com\/wp-content\/uploads\/tor_god_of_war.png","jetpack_sharing_enabled":false,"jetpack_shortlink":"https:\/\/wp.me\/pa0Mj3-7Qp","jetpack_likes_enabled":false,"amp_enabled":false,"_links":{"self":[{"href":"https:\/\/guide.fire-emblem-heroes.com\/wp-json\/wp\/v2\/posts\/30157","targetHints":{"allow":["GET"]}}],"collection":[{"href":"https:\/\/guide.fire-emblem-heroes.com\/wp-json\/wp\/v2\/posts"}],"about":[{"href":"https:\/\/guide.fire-emblem-heroes.com\/wp-json\/wp\/v2\/types\/post"}],"author":[{"embeddable":true,"href":"https:\/\/guide.fire-emblem-heroes.com\/wp-json\/wp\/v2\/users\/1"}],"replies":[{"embeddable":true,"href":"https:\/\/guide.fire-emblem-heroes.com\/wp-json\/wp\/v2\/comments?post=30157"}],"version-history":[{"count":1,"href":"https:\/\/guide.fire-emblem-heroes.com\/wp-json\/wp\/v2\/posts\/30157\/revisions"}],"predecessor-version":[{"id":30166,"href":"https:\/\/guide.fire-emblem-heroes.com\/wp-json\/wp\/v2\/posts\/30157\/revisions\/30166"}],"wp:featuredmedia":[{"embeddable":true,"href":"https:\/\/guide.fire-emblem-heroes.com\/wp-json\/wp\/v2\/media\/30238"}],"wp:attachment":[{"href":"https:\/\/guide.fire-emblem-heroes.com\/wp-json\/wp\/v2\/media?parent=30157"}],"wp:term":[{"taxonomy":"category","embeddable":true,"href":"https:\/\/guide.fire-emblem-heroes.com\/wp-json\/wp\/v2\/categories?post=30157"},{"taxonomy":"post_tag","embeddable":true,"href":"https:\/\/guide.fire-emblem-heroes.com\/wp-json\/wp\/v2\/tags?post=30157"}],"curies":[{"name":"wp","href":"https:\/\/api.w.org\/{rel}","templated":true}]}}