






{"id":30305,"date":"2021-12-03T11:56:01","date_gmt":"2021-12-03T02:56:01","guid":{"rendered":"https:\/\/guide.fire-emblem-heroes.com\/?p=30305"},"modified":"2021-12-24T16:57:12","modified_gmt":"2021-12-24T07:57:12","slug":"10049004000739-2","status":"publish","type":"post","link":"https:\/\/guide.fire-emblem-heroes.com\/it\/10049004000739-2\/","title":{"rendered":"<span class=\"character_nick\">Eroe della fiamma<\/span><span class=\"character_name\">Priam<\/span>"},"content":{"rendered":"<main id=\"CHARA_552\" class=\"main_page character\">\r\n            <article>\r\n                <section class=\"sec sec_character\">\r\n                    <ul class=\"sec_ul sec_ul--character slick-box\">\r\n                        <li class=\"sec_li sec_li--character\">\r\n                            <img decoding=\"async\" src=\"https:\/\/guide.fire-emblem-heroes.com\/wp-content\/uploads\/paris_radiant_hero_slide01.png\" alt=\"\" \/>\r\n                        <\/li>\r\n                        <li class=\"sec_li sec_li--character\">\r\n                            <img decoding=\"async\" src=\"https:\/\/guide.fire-emblem-heroes.com\/wp-content\/uploads\/paris_radiant_hero_slide02.png\" alt=\"\" \/>\r\n                        <\/li>\r\n                        <li class=\"sec_li sec_li--character\">\r\n                            <img decoding=\"async\" src=\"https:\/\/guide.fire-emblem-heroes.com\/wp-content\/uploads\/paris_radiant_hero_slide03.png\" alt=\"\" \/>\r\n                        <\/li>\r\n                        <li class=\"sec_li sec_li--character\">\r\n                            <img decoding=\"async\" src=\"https:\/\/guide.fire-emblem-heroes.com\/wp-content\/uploads\/paris_radiant_hero_slide04.png\" alt=\"\" \/>\r\n                        <\/li>\r\n                    <\/ul>\r\n                    <div class=\"sec_charainfoarea flex\">\r\n                        <div class=\"sec_gif\"><img loading=\"lazy\" decoding=\"async\" src=\"https:\/\/guide.fire-emblem-heroes.com\/wp-content\/uploads\/paris_radiant_hero.png\" alt=\"\" width=\"210\" height=\"190\"\/><\/div>\r\n                        <div class=\"sec_charainfo\">\r\n                            <p id=\"CHARA_552_002\" class=\"sec_characate sec_characate--heroes\">Eroi<\/p>\r\n                            <p id=\"CHARA_552_003\" class=\"sec_charanick\">Eroe della fiamma<\/p>\r\n                            <p id=\"CHARA_552_004\" class=\"sec_charaname\">Priam<\/p>\r\n                            <p id=\"CHARA_552_005\" class=\"sec_charaappearancetxt\">Appare in<\/p>\r\n                            <p id=\"CHARA_552_006\" class=\"sec_charaappearancetxt\">Fire Emblem: Awakening<\/p>\r\n                        <\/div>\r\n                    <\/div>\r\n                <\/section>\r\n            <\/article>\r\n            <article>\r\n                <section class=\"sec sec_characterarea\">\r\n                    <div class=\"sec_h2chara\">\r\n                        <p id=\"CHARA_552_007\" class=\"sec_h2charattl\">Lascia che sia Sharena a presentarti!<\/p>\r\n                        <h2 id=\"CHARA_552_008\" class=\"sec_h2charatxt\">Eroe della fiamma Priam<\/h2>\r\n                    <\/div>\r\n                    <dl class=\"sec_dl flex\">\r\n                        <dt id=\"CHARA_552_009\" class=\"sec_dt\">Ecco Priam, un eroe che vive per il brivido della battaglia! Si tratta di un potente spadaccino che viaggia per il mondo alla ricerca di degni avversari da sfidare.<\/dt>\r\n                        <dd class=\"sec_dd\">\r\n                            <a href=\"https:\/\/guide.fire-emblem-heroes.com\/wp-content\/uploads\/paris_radiant_hero_pop01.png\" class=\"popup-image\">\r\n                                <img decoding=\"async\" src=\"https:\/\/guide.fire-emblem-heroes.com\/wp-content\/uploads\/paris_radiant_hero_info01.png\" alt=\"\" \/>\r\n                            <\/a>\r\n                        <\/dd>\r\n                        <dt id=\"CHARA_552_010\" class=\"sec_dt\">A Ylisse circolano leggende di un eroe della fiamma che riun\u00ec razze in guerra e sfid\u00f2 un dio. Beh, Priam sostiene di esserne il discendente!<\/dt>\r\n                        <dd class=\"sec_dd\">\r\n                            <a href=\"https:\/\/guide.fire-emblem-heroes.com\/wp-content\/uploads\/paris_radiant_hero_pop02.png\" class=\"popup-image\">\r\n                                <img decoding=\"async\" src=\"https:\/\/guide.fire-emblem-heroes.com\/wp-content\/uploads\/paris_radiant_hero_info02.png\" alt=\"\" \/>\r\n                            <\/a>\r\n                        <\/dd>\r\n                        <dt id=\"CHARA_552_011\" class=\"sec_dt\">Cos\u00ec Chrom, che aveva sentito delle voci su Priam, lo invit\u00f2 a entrare nel suo esercito. Naturalmente, per tutta risposta, Priam lo sfid\u00f2 a combattere, poich\u00e9 avrebbe accettato di unirsi a lui solo se Chrom fosse riuscito a sconfiggerlo!<\/dt>\r\n                        <dd class=\"sec_dd\">\r\n                            <a href=\"https:\/\/guide.fire-emblem-heroes.com\/wp-content\/uploads\/paris_radiant_hero_pop03.png\" class=\"popup-image\">\r\n                                <img decoding=\"async\" src=\"https:\/\/guide.fire-emblem-heroes.com\/wp-content\/uploads\/paris_radiant_hero_info03.png\" alt=\"\" \/>\r\n                            <\/a>\r\n                        <\/dd>\r\n                        <dt id=\"CHARA_552_012\" class=\"sec_dt\">Priam \u00e8 uguale al suo leggendario antenato in tutto e per tutto: condivide con lui perfino un vorace appetito per la carne. E ora che impugna l&#8217;antica Ragnell, avr\u00e0 senz&#8217;altro un grande impatto anche sull&#8217;Askr!<\/dt>\r\n                        <dd class=\"sec_dd\">\r\n                            <a href=\"https:\/\/guide.fire-emblem-heroes.com\/wp-content\/uploads\/paris_radiant_hero_pop04.png\" class=\"popup-image\">\r\n                                <img decoding=\"async\" src=\"https:\/\/guide.fire-emblem-heroes.com\/wp-content\/uploads\/paris_radiant_hero_info04.png\" alt=\"\" \/>\r\n                            <\/a>\r\n                        <\/dd>\r\n                    <\/dl>\r\n                    <h3 id=\"CHARA_552_013\" class=\"sec_h3charatxt\">Personaggi strettamente collegati<\/h3>\r\n                    <h4 id=\"CHARA_552_014\" class=\"sec_h4charatxt\">Ike<\/h4>\r\n                    <p id=\"CHARA_552_015\" class=\"sec_charatxt\">Un giovane dall&#8217;animo gentile ma stoico che ha assunto il comando della banda mercenaria del padre. In qualit\u00e0 di eroe della fiamma, ha brandito Ragnell per salvare Tellius dalla calamit\u00e0.<\/p>\r\n                    <h4 id=\"CHARA_552_016\" class=\"sec_h4charatxt\">Chrom<\/h4>\r\n                    <p id=\"CHARA_552_017\" class=\"sec_charatxt\">Principe di Ylisse e discendente del re eroico, guida i Pastori. Dopo aver sentito delle voci su Priam, si reca nel continente di Valm per reclutarlo.<\/p>\r\n                <\/section>\r\n            <\/article>\r\n        <\/main>","protected":false},"excerpt":{"rendered":"Eroi Eroe della fiamma Priam Appare in Fire Emblem: Awakening Lascia che sia Sharena a presentarti! Eroe della fiamma Priam Ecco Priam, un eroe che vive per il brivido della battaglia! Si tratta di un potente spadaccino che viaggia per il mondo alla ricerca di degni avversari da sfidare. A Ylisse circolano leggende di un [&hellip;]","protected":false},"author":1,"featured_media":30474,"comment_status":"closed","ping_status":"closed","sticky":false,"template":"","format":"standard","meta":{"advanced_seo_description":"","jetpack_seo_html_title":"","jetpack_seo_noindex":false,"_jetpack_newsletter_access":"","_jetpack_dont_email_post_to_subs":false,"_jetpack_newsletter_tier_id":0,"_jetpack_memberships_contains_paywalled_content":false,"_locale":"it_IT","_original_post":"https:\/\/guide.fire-emblem-heroes.com\/?p=30296","_jetpack_memberships_contains_paid_content":false,"footnotes":"","jetpack_publicize_message":"","jetpack_publicize_feature_enabled":true,"jetpack_social_post_already_shared":true,"jetpack_social_options":{"image_generator_settings":{"template":"highway","default_image_id":0,"font":"","enabled":false},"version":2},"_wpas_customize_per_network":false,"jetpack_post_was_ever_published":false},"categories":[1384,1415,1431,1390],"tags":[1420],"class_list":["post-30305","post","type-post","status-publish","format-standard","has-post-thumbnail","hentry","category-character","category-heroes","category-ex_works_awakening","category-stay_heroes","tag-eroi","it-IT"],"jetpack_publicize_connections":[],"jetpack_featured_media_url":"https:\/\/guide.fire-emblem-heroes.com\/wp-content\/uploads\/paris_radiant_hero.png","jetpack_sharing_enabled":false,"jetpack_shortlink":"https:\/\/wp.me\/pa0Mj3-7SN","jetpack_likes_enabled":false,"amp_enabled":false,"_links":{"self":[{"href":"https:\/\/guide.fire-emblem-heroes.com\/wp-json\/wp\/v2\/posts\/30305","targetHints":{"allow":["GET"]}}],"collection":[{"href":"https:\/\/guide.fire-emblem-heroes.com\/wp-json\/wp\/v2\/posts"}],"about":[{"href":"https:\/\/guide.fire-emblem-heroes.com\/wp-json\/wp\/v2\/types\/post"}],"author":[{"embeddable":true,"href":"https:\/\/guide.fire-emblem-heroes.com\/wp-json\/wp\/v2\/users\/1"}],"replies":[{"embeddable":true,"href":"https:\/\/guide.fire-emblem-heroes.com\/wp-json\/wp\/v2\/comments?post=30305"}],"version-history":[{"count":1,"href":"https:\/\/guide.fire-emblem-heroes.com\/wp-json\/wp\/v2\/posts\/30305\/revisions"}],"predecessor-version":[{"id":30316,"href":"https:\/\/guide.fire-emblem-heroes.com\/wp-json\/wp\/v2\/posts\/30305\/revisions\/30316"}],"wp:featuredmedia":[{"embeddable":true,"href":"https:\/\/guide.fire-emblem-heroes.com\/wp-json\/wp\/v2\/media\/30474"}],"wp:attachment":[{"href":"https:\/\/guide.fire-emblem-heroes.com\/wp-json\/wp\/v2\/media?parent=30305"}],"wp:term":[{"taxonomy":"category","embeddable":true,"href":"https:\/\/guide.fire-emblem-heroes.com\/wp-json\/wp\/v2\/categories?post=30305"},{"taxonomy":"post_tag","embeddable":true,"href":"https:\/\/guide.fire-emblem-heroes.com\/wp-json\/wp\/v2\/tags?post=30305"}],"curies":[{"name":"wp","href":"https:\/\/api.w.org\/{rel}","templated":true}]}}