






{"id":32470,"date":"2022-03-04T11:37:09","date_gmt":"2022-03-04T02:37:09","guid":{"rendered":"https:\/\/guide.fire-emblem-heroes.com\/?p=32470"},"modified":"2022-04-08T17:30:37","modified_gmt":"2022-04-08T08:30:37","slug":"02003002000778-2","status":"publish","type":"post","link":"https:\/\/guide.fire-emblem-heroes.com\/it\/02003002000778-2\/","title":{"rendered":"<span class=\"character_nick\">Il prodigio in fiore<\/span><span class=\"character_name\">Delthea<\/span>"},"content":{"rendered":"<main id=\"CHARA_611\" class=\"main_page character\">\r\n            <article>\r\n                <section class=\"sec sec_character\">\r\n                    <ul class=\"sec_ul sec_ul--character slick-box\">\r\n                        <li class=\"sec_li sec_li--character\">\r\n                            <img decoding=\"async\" src=\"https:\/\/guide.fire-emblem-heroes.com\/wp-content\/uploads\/dyute_prodigy_in_bloom_slide01.png\" alt=\"\" \/>\r\n                        <\/li>\r\n                        <li class=\"sec_li sec_li--character\">\r\n                            <img decoding=\"async\" src=\"https:\/\/guide.fire-emblem-heroes.com\/wp-content\/uploads\/dyute_prodigy_in_bloom_slide02.png\" alt=\"\" \/>\r\n                        <\/li>\r\n                        <li class=\"sec_li sec_li--character\">\r\n                            <img decoding=\"async\" src=\"https:\/\/guide.fire-emblem-heroes.com\/wp-content\/uploads\/dyute_prodigy_in_bloom_slide03.png\" alt=\"\" \/>\r\n                        <\/li>\r\n                        <li class=\"sec_li sec_li--character\">\r\n                            <img decoding=\"async\" src=\"https:\/\/guide.fire-emblem-heroes.com\/wp-content\/uploads\/dyute_prodigy_in_bloom_slide04.png\" alt=\"\" \/>\r\n                        <\/li>\r\n                    <\/ul>\r\n                    <div class=\"sec_charainfoarea flex\">\r\n                        <div class=\"sec_gif\"><img loading=\"lazy\" decoding=\"async\" src=\"https:\/\/guide.fire-emblem-heroes.com\/wp-content\/uploads\/dyute_prodigy_in_bloom.png\" alt=\"\" width=\"210\" height=\"190\"\/><\/div>\r\n                        <div class=\"sec_charainfo\">\r\n                            <p id=\"CHARA_611_002\" class=\"sec_characate sec_characate--special_heroes\">Eroi speciali<\/p>\r\n                            <p id=\"CHARA_611_003\" class=\"sec_charanick\">Il prodigio in fiore<\/p>\r\n                            <p id=\"CHARA_611_004\" class=\"sec_charaname\">Delthea<\/p>\r\n                            <p id=\"CHARA_611_005\" class=\"sec_charaappearancetxt\">Appare in<\/p>\r\n                            <p id=\"CHARA_611_006\" class=\"sec_charaappearancetxt\">Fire Emblem Echoes: Shadows of Valentia<\/p>\r\n                        <\/div>\r\n                    <\/div>\r\n                <\/section>\r\n            <\/article>\r\n            <article>\r\n                <section class=\"sec sec_characterarea\">\r\n                    <div class=\"sec_h2chara\">\r\n                        <p id=\"CHARA_611_007\" class=\"sec_h2charattl\">Lascia che sia Sharena a presentarti!<\/p>\r\n                        <h2 id=\"CHARA_611_008\" class=\"sec_h2charatxt\">Il prodigio in fiore Delthea<\/h2>\r\n                    <\/div>\r\n                    <dl class=\"sec_dl flex\">\r\n                        <dt id=\"CHARA_611_009\" class=\"sec_dt\">Ecco Delthea, tutta agghindata per la festa di primavera! Anche se un tempo aiutava i Liberatori servendosi del suo naturale talento per la magia, ora \u00e8 qui per fare baldoria con noi sfoggiando un outfit davvero adorabile!<\/dt>\r\n                        <dd class=\"sec_dd\">\r\n                            <a href=\"https:\/\/guide.fire-emblem-heroes.com\/wp-content\/uploads\/dyute_prodigy_in_bloom_pop01.png\" class=\"popup-image\">\r\n                                <img decoding=\"async\" src=\"https:\/\/guide.fire-emblem-heroes.com\/wp-content\/uploads\/dyute_prodigy_in_bloom_info01.png\" alt=\"\" \/>\r\n                            <\/a>\r\n                        <\/dd>\r\n                        <dt id=\"CHARA_611_010\" class=\"sec_dt\">Il pezzo forte del suo look festaiolo \u00e8 quel soffice coniglietto che porta in testa: un piccolo ornamento, prezioso e morbidissimo!<\/dt>\r\n                        <dd class=\"sec_dd\">\r\n                            <a href=\"https:\/\/guide.fire-emblem-heroes.com\/wp-content\/uploads\/dyute_prodigy_in_bloom_pop02.png\" class=\"popup-image\">\r\n                                <img decoding=\"async\" src=\"https:\/\/guide.fire-emblem-heroes.com\/wp-content\/uploads\/dyute_prodigy_in_bloom_info02.png\" alt=\"\" \/>\r\n                            <\/a>\r\n                        <\/dd>\r\n                        <dt id=\"CHARA_611_011\" class=\"sec_dt\">A proposito di cose preziose, avete notato la codina da coniglio? Se Delthea era gi\u00e0 carinissima di suo, guardandola ora potrei sciogliermi per la tenerezza!<\/dt>\r\n                        <dd class=\"sec_dd\">\r\n                            <a href=\"https:\/\/guide.fire-emblem-heroes.com\/wp-content\/uploads\/dyute_prodigy_in_bloom_pop03.png\" class=\"popup-image\">\r\n                                <img decoding=\"async\" src=\"https:\/\/guide.fire-emblem-heroes.com\/wp-content\/uploads\/dyute_prodigy_in_bloom_info03.png\" alt=\"\" \/>\r\n                            <\/a>\r\n                        <\/dd>\r\n                        <dt id=\"CHARA_611_012\" class=\"sec_dt\">Ah, indovinate un po&#8217;: mi \u00e8 giunta voce che anche suo fratello Luthier far\u00e0 una capatina alla festa, anche se sembra che manterr\u00e0 un basso profilo. Beh, spero che lui e Delthea approfittino di questa occasione per divertirsi insieme!<\/dt>\r\n                        <dd class=\"sec_dd\">\r\n                            <a href=\"https:\/\/guide.fire-emblem-heroes.com\/wp-content\/uploads\/dyute_prodigy_in_bloom_pop04.png\" class=\"popup-image\">\r\n                                <img decoding=\"async\" src=\"https:\/\/guide.fire-emblem-heroes.com\/wp-content\/uploads\/dyute_prodigy_in_bloom_info04.png\" alt=\"\" \/>\r\n                            <\/a>\r\n                        <\/dd>\r\n                    <\/dl>\r\n                    <h3 id=\"CHARA_611_013\" class=\"sec_h3charatxt\">Personaggi strettamente collegati<\/h3>\r\n                    <h4 id=\"CHARA_611_014\" class=\"sec_h4charatxt\">Luthier<\/h4>\r\n                    <p id=\"CHARA_611_015\" class=\"sec_charatxt\">Il suo fervente studio della magia pu\u00f2 essergli costato la possibilit\u00e0 di farsi degli amici, ma lo ha portato a questa festa. \u00c8 il fratello maggiore di Delthea.<\/p>\r\n                    <h4 id=\"CHARA_611_016\" class=\"sec_h4charatxt\">Clair<\/h4>\r\n                    <p id=\"CHARA_611_017\" class=\"sec_charatxt\">Una cavaliera pegaso che lotta con i Liberatori, sorella minore di Clive e segretamente innamorata di Alm. Si lega a Delthea perch\u00e9 le due chiacchierano spesso dei loro fratelli.<\/p>\r\n                <\/section>\r\n            <\/article>\r\n        <\/main>","protected":false},"excerpt":{"rendered":"Eroi speciali Il prodigio in fiore Delthea Appare in Fire Emblem Echoes: Shadows of Valentia Lascia che sia Sharena a presentarti! Il prodigio in fiore Delthea Ecco Delthea, tutta agghindata per la festa di primavera! Anche se un tempo aiutava i Liberatori servendosi del suo naturale talento per la magia, ora \u00e8 qui per fare [&hellip;]","protected":false},"author":1,"featured_media":32573,"comment_status":"closed","ping_status":"closed","sticky":false,"template":"","format":"standard","meta":{"advanced_seo_description":"","jetpack_seo_html_title":"","jetpack_seo_noindex":false,"jetpack_post_was_ever_published":false,"_jetpack_newsletter_access":"","_jetpack_dont_email_post_to_subs":false,"_jetpack_newsletter_tier_id":0,"_jetpack_memberships_contains_paywalled_content":false,"_locale":"it_IT","_original_post":"https:\/\/guide.fire-emblem-heroes.com\/?p=32461","_jetpack_memberships_contains_paid_content":false,"footnotes":"","jetpack_publicize_message":"","jetpack_publicize_feature_enabled":true,"jetpack_social_post_already_shared":true,"jetpack_social_options":{"image_generator_settings":{"template":"highway","default_image_id":0,"font":"","enabled":false},"version":2},"_wpas_customize_per_network":false},"categories":[1384,1425,1405,1390],"tags":[1411],"class_list":["post-32470","post","type-post","status-publish","format-standard","has-post-thumbnail","hentry","category-character","category-ex_works_shadows_of_valentia","category-special_heroes","category-stay_heroes","tag-eroi-speciali","it-IT"],"jetpack_publicize_connections":[],"jetpack_featured_media_url":"https:\/\/guide.fire-emblem-heroes.com\/wp-content\/uploads\/dyute_prodigy_in_bloom.png","jetpack_sharing_enabled":false,"jetpack_shortlink":"https:\/\/wp.me\/pa0Mj3-8rI","jetpack_likes_enabled":false,"amp_enabled":false,"_links":{"self":[{"href":"https:\/\/guide.fire-emblem-heroes.com\/wp-json\/wp\/v2\/posts\/32470","targetHints":{"allow":["GET"]}}],"collection":[{"href":"https:\/\/guide.fire-emblem-heroes.com\/wp-json\/wp\/v2\/posts"}],"about":[{"href":"https:\/\/guide.fire-emblem-heroes.com\/wp-json\/wp\/v2\/types\/post"}],"author":[{"embeddable":true,"href":"https:\/\/guide.fire-emblem-heroes.com\/wp-json\/wp\/v2\/users\/1"}],"replies":[{"embeddable":true,"href":"https:\/\/guide.fire-emblem-heroes.com\/wp-json\/wp\/v2\/comments?post=32470"}],"version-history":[{"count":1,"href":"https:\/\/guide.fire-emblem-heroes.com\/wp-json\/wp\/v2\/posts\/32470\/revisions"}],"predecessor-version":[{"id":32474,"href":"https:\/\/guide.fire-emblem-heroes.com\/wp-json\/wp\/v2\/posts\/32470\/revisions\/32474"}],"wp:featuredmedia":[{"embeddable":true,"href":"https:\/\/guide.fire-emblem-heroes.com\/wp-json\/wp\/v2\/media\/32573"}],"wp:attachment":[{"href":"https:\/\/guide.fire-emblem-heroes.com\/wp-json\/wp\/v2\/media?parent=32470"}],"wp:term":[{"taxonomy":"category","embeddable":true,"href":"https:\/\/guide.fire-emblem-heroes.com\/wp-json\/wp\/v2\/categories?post=32470"},{"taxonomy":"post_tag","embeddable":true,"href":"https:\/\/guide.fire-emblem-heroes.com\/wp-json\/wp\/v2\/tags?post=32470"}],"curies":[{"name":"wp","href":"https:\/\/api.w.org\/{rel}","templated":true}]}}