






{"id":32728,"date":"2022-03-16T12:01:14","date_gmt":"2022-03-16T03:01:14","guid":{"rendered":"https:\/\/guide.fire-emblem-heroes.com\/?p=32728"},"modified":"2022-04-07T16:16:22","modified_gmt":"2022-04-07T07:16:22","slug":"04059010000784-2","status":"publish","type":"post","link":"https:\/\/guide.fire-emblem-heroes.com\/it\/04059010000784-2\/","title":{"rendered":"<span class=\"character_nick\">La spada di Odo<\/span><span class=\"character_name\">Galzus<\/span>"},"content":{"rendered":"<main id=\"CHARA_607\" class=\"main_page character\">\r\n            <article>\r\n                <section class=\"sec sec_character\">\r\n                    <ul class=\"sec_ul sec_ul--character slick-box\">\r\n                        <li class=\"sec_li sec_li--character\">\r\n                            <img decoding=\"async\" src=\"https:\/\/guide.fire-emblem-heroes.com\/wp-content\/uploads\/garzas_dark_blade_of_od_slide01.png\" alt=\"\" \/>\r\n                        <\/li>\r\n                        <li class=\"sec_li sec_li--character\">\r\n                            <img decoding=\"async\" src=\"https:\/\/guide.fire-emblem-heroes.com\/wp-content\/uploads\/garzas_dark_blade_of_od_slide02.png\" alt=\"\" \/>\r\n                        <\/li>\r\n                        <li class=\"sec_li sec_li--character\">\r\n                            <img decoding=\"async\" src=\"https:\/\/guide.fire-emblem-heroes.com\/wp-content\/uploads\/garzas_dark_blade_of_od_slide03.png\" alt=\"\" \/>\r\n                        <\/li>\r\n                        <li class=\"sec_li sec_li--character\">\r\n                            <img decoding=\"async\" src=\"https:\/\/guide.fire-emblem-heroes.com\/wp-content\/uploads\/garzas_dark_blade_of_od_slide04.png\" alt=\"\" \/>\r\n                        <\/li>\r\n                    <\/ul>\r\n                    <div class=\"sec_charainfoarea flex\">\r\n                        <div class=\"sec_gif\"><img loading=\"lazy\" decoding=\"async\" src=\"https:\/\/guide.fire-emblem-heroes.com\/wp-content\/uploads\/garzas_dark_blade_of_od.png\" alt=\"\" width=\"210\" height=\"190\"\/><\/div>\r\n                        <div class=\"sec_charainfo\">\r\n                            <p id=\"CHARA_607_002\" class=\"sec_characate sec_characate--heroes\">Eroi<\/p>\r\n                            <p id=\"CHARA_607_003\" class=\"sec_charanick\">La spada di Odo<\/p>\r\n                            <p id=\"CHARA_607_004\" class=\"sec_charaname\">Galzus<\/p>\r\n                            <p id=\"CHARA_607_005\" class=\"sec_charaappearancetxt\">Appare in<\/p>\r\n                            <p id=\"CHARA_607_006\" class=\"sec_charaappearancetxt\">Fire Emblem: Thracia 776<\/p>\r\n                        <\/div>\r\n                    <\/div>\r\n                <\/section>\r\n            <\/article>\r\n            <article>\r\n                <section class=\"sec sec_characterarea\">\r\n                    <div class=\"sec_h2chara\">\r\n                        <p id=\"CHARA_607_007\" class=\"sec_h2charattl\">Lascia che sia Sharena a presentarti!<\/p>\r\n                        <h2 id=\"CHARA_607_008\" class=\"sec_h2charatxt\">La spada di Odo Galzus<\/h2>\r\n                    <\/div>\r\n                    <dl class=\"sec_dl flex\">\r\n                        <dt id=\"CHARA_607_009\" class=\"sec_dt\">Galzus \u00e8 uno dei pi\u00f9 grandi spadaccini del continente di Jugdral, ma c&#8217;\u00e8 di pi\u00f9: \u00e8 anche un membro della famiglia reale di Isaach, nonch\u00e9 un discendente del crociato Odo!<\/dt>\r\n                        <dd class=\"sec_dd\">\r\n                            <a href=\"https:\/\/guide.fire-emblem-heroes.com\/wp-content\/uploads\/garzas_dark_blade_of_od_pop01.png\" class=\"popup-image\">\r\n                                <img decoding=\"async\" src=\"https:\/\/guide.fire-emblem-heroes.com\/wp-content\/uploads\/garzas_dark_blade_of_od_info01.png\" alt=\"\" \/>\r\n                            <\/a>\r\n                        <\/dd>\r\n                        <dt id=\"CHARA_607_010\" class=\"sec_dt\">Avendo perso il suo regno durante la guerra, Galzus si mise in viaggio con la sua giovane figlia Mareeta. Un giorno, per\u00f2, distolse l&#8217;attenzione solo un attimo e Mareeta venne rapita!<\/dt>\r\n                        <dd class=\"sec_dd\">\r\n                            <a href=\"https:\/\/guide.fire-emblem-heroes.com\/wp-content\/uploads\/garzas_dark_blade_of_od_pop02.png\" class=\"popup-image\">\r\n                                <img decoding=\"async\" src=\"https:\/\/guide.fire-emblem-heroes.com\/wp-content\/uploads\/garzas_dark_blade_of_od_info02.png\" alt=\"\" \/>\r\n                            <\/a>\r\n                        <\/dd>\r\n                        <dt id=\"CHARA_607_011\" class=\"sec_dt\">Galzus vag\u00f2 in lungo e in largo alla ricerca della figlia, accettando di lavorare come mercenario per mantenersi. Ho sentito dire che la sua bravura con la spada fosse temuta non solo dai suoi nemici, ma anche dai suoi datori di lavoro!<\/dt>\r\n                        <dd class=\"sec_dd\">\r\n                            <a href=\"https:\/\/guide.fire-emblem-heroes.com\/wp-content\/uploads\/garzas_dark_blade_of_od_pop03.png\" class=\"popup-image\">\r\n                                <img decoding=\"async\" src=\"https:\/\/guide.fire-emblem-heroes.com\/wp-content\/uploads\/garzas_dark_blade_of_od_info03.png\" alt=\"\" \/>\r\n                            <\/a>\r\n                        <\/dd>\r\n                        <dt id=\"CHARA_607_012\" class=\"sec_dt\">Galzus potr\u00e0 sembrare anche un tipo inavvicinabile, ma \u00e8 un uomo affidabile e ligio al dovere. Sono sicura che far\u00e0 grandi cose con i Guardiani di Askr!<\/dt>\r\n                        <dd class=\"sec_dd\">\r\n                            <a href=\"https:\/\/guide.fire-emblem-heroes.com\/wp-content\/uploads\/garzas_dark_blade_of_od_pop04.png\" class=\"popup-image\">\r\n                                <img decoding=\"async\" src=\"https:\/\/guide.fire-emblem-heroes.com\/wp-content\/uploads\/garzas_dark_blade_of_od_info04.png\" alt=\"\" \/>\r\n                            <\/a>\r\n                        <\/dd>\r\n                    <\/dl>\r\n                    <h3 id=\"CHARA_607_013\" class=\"sec_h3charatxt\">Personaggi strettamente collegati<\/h3>\r\n                    <h4 id=\"CHARA_607_014\" class=\"sec_h4charatxt\">Mareeta<\/h4>\r\n                    <p id=\"CHARA_607_015\" class=\"sec_charatxt\">Figlia adottiva di Eyvel, la dama di Fiana. Dopo essere stata liberata da una maledizione, ha deciso di diventare una grande spadaccina. \u00c8 la figlia perduta da tempo di Galzus.<\/p>\r\n                    <h4 id=\"CHARA_607_016\" class=\"sec_h4charatxt\">Eyvel<\/h4>\r\n                    <p id=\"CHARA_607_017\" class=\"sec_charatxt\">La dama di Fiana, capo delle Libere Lame. Ha accolto Leif e gli altri quando erano in fuga dall&#8217;Impero di Grannvale. Adotta Mareeta dopo averla salvata dagli schiavisti.<\/p>\r\n                <\/section>\r\n            <\/article>\r\n        <\/main>","protected":false},"excerpt":{"rendered":"Eroi La spada di Odo Galzus Appare in Fire Emblem: Thracia 776 Lascia che sia Sharena a presentarti! La spada di Odo Galzus Galzus \u00e8 uno dei pi\u00f9 grandi spadaccini del continente di Jugdral, ma c&#8217;\u00e8 di pi\u00f9: \u00e8 anche un membro della famiglia reale di Isaach, nonch\u00e9 un discendente del crociato Odo! Avendo perso [&hellip;]","protected":false},"author":1,"featured_media":32814,"comment_status":"closed","ping_status":"closed","sticky":false,"template":"","format":"standard","meta":{"advanced_seo_description":"","jetpack_seo_html_title":"","jetpack_seo_noindex":false,"_jetpack_newsletter_access":"","_jetpack_dont_email_post_to_subs":false,"_jetpack_newsletter_tier_id":0,"_jetpack_memberships_contains_paywalled_content":false,"_locale":"it_IT","_original_post":"https:\/\/guide.fire-emblem-heroes.com\/?p=32719","_jetpack_memberships_contains_paid_content":false,"footnotes":"","jetpack_publicize_message":"","jetpack_publicize_feature_enabled":true,"jetpack_social_post_already_shared":true,"jetpack_social_options":{"image_generator_settings":{"template":"highway","default_image_id":0,"font":"","enabled":false},"version":2},"_wpas_customize_per_network":false,"jetpack_post_was_ever_published":false},"categories":[1384,1438,1415,1390],"tags":[1420],"class_list":["post-32728","post","type-post","status-publish","format-standard","has-post-thumbnail","hentry","category-character","category-ex_works_thracia_776","category-heroes","category-stay_heroes","tag-eroi","it-IT"],"jetpack_publicize_connections":[],"jetpack_featured_media_url":"https:\/\/guide.fire-emblem-heroes.com\/wp-content\/uploads\/garzas_dark_blade_of_od.png","jetpack_sharing_enabled":false,"jetpack_shortlink":"https:\/\/wp.me\/pa0Mj3-8vS","jetpack_likes_enabled":false,"amp_enabled":false,"_links":{"self":[{"href":"https:\/\/guide.fire-emblem-heroes.com\/wp-json\/wp\/v2\/posts\/32728","targetHints":{"allow":["GET"]}}],"collection":[{"href":"https:\/\/guide.fire-emblem-heroes.com\/wp-json\/wp\/v2\/posts"}],"about":[{"href":"https:\/\/guide.fire-emblem-heroes.com\/wp-json\/wp\/v2\/types\/post"}],"author":[{"embeddable":true,"href":"https:\/\/guide.fire-emblem-heroes.com\/wp-json\/wp\/v2\/users\/1"}],"replies":[{"embeddable":true,"href":"https:\/\/guide.fire-emblem-heroes.com\/wp-json\/wp\/v2\/comments?post=32728"}],"version-history":[{"count":1,"href":"https:\/\/guide.fire-emblem-heroes.com\/wp-json\/wp\/v2\/posts\/32728\/revisions"}],"predecessor-version":[{"id":32738,"href":"https:\/\/guide.fire-emblem-heroes.com\/wp-json\/wp\/v2\/posts\/32728\/revisions\/32738"}],"wp:featuredmedia":[{"embeddable":true,"href":"https:\/\/guide.fire-emblem-heroes.com\/wp-json\/wp\/v2\/media\/32814"}],"wp:attachment":[{"href":"https:\/\/guide.fire-emblem-heroes.com\/wp-json\/wp\/v2\/media?parent=32728"}],"wp:term":[{"taxonomy":"category","embeddable":true,"href":"https:\/\/guide.fire-emblem-heroes.com\/wp-json\/wp\/v2\/categories?post=32728"},{"taxonomy":"post_tag","embeddable":true,"href":"https:\/\/guide.fire-emblem-heroes.com\/wp-json\/wp\/v2\/tags?post=32728"}],"curies":[{"name":"wp","href":"https:\/\/api.w.org\/{rel}","templated":true}]}}