






{"id":32970,"date":"2022-03-29T12:54:40","date_gmt":"2022-03-29T03:54:40","guid":{"rendered":"https:\/\/guide.fire-emblem-heroes.com\/?p=32970"},"modified":"2022-03-30T13:16:45","modified_gmt":"2022-03-30T04:16:45","slug":"01005001000082-2","status":"publish","type":"post","link":"https:\/\/guide.fire-emblem-heroes.com\/it\/01005001000082-2\/","title":{"rendered":"<span class=\"character_nick\">Il mago vento<\/span><span class=\"character_name\">Merric<\/span>"},"content":{"rendered":"<main id=\"CHARA_618\" class=\"main_page character\">\r\n            <article>\r\n                <section class=\"sec sec_character\">\r\n                    <ul class=\"sec_ul sec_ul--character slick-box\">\r\n                        <li class=\"sec_li sec_li--character\">\r\n                            <img decoding=\"async\" src=\"https:\/\/guide.fire-emblem-heroes.com\/wp-content\/uploads\/marich_wind_mage_slide01.png\" alt=\"\" \/>\r\n                        <\/li>\r\n                        <li class=\"sec_li sec_li--character\">\r\n                            <img decoding=\"async\" src=\"https:\/\/guide.fire-emblem-heroes.com\/wp-content\/uploads\/marich_wind_mage_slide02.png\" alt=\"\" \/>\r\n                        <\/li>\r\n                        <li class=\"sec_li sec_li--character\">\r\n                            <img decoding=\"async\" src=\"https:\/\/guide.fire-emblem-heroes.com\/wp-content\/uploads\/marich_wind_mage_slide03.png\" alt=\"\" \/>\r\n                        <\/li>\r\n                        <li class=\"sec_li sec_li--character\">\r\n                            <img decoding=\"async\" src=\"https:\/\/guide.fire-emblem-heroes.com\/wp-content\/uploads\/marich_wind_mage_slide04.png\" alt=\"\" \/>\r\n                        <\/li>\r\n                    <\/ul>\r\n                    <div class=\"sec_charainfoarea flex\">\r\n                        <div class=\"sec_gif\"><img loading=\"lazy\" decoding=\"async\" src=\"https:\/\/guide.fire-emblem-heroes.com\/wp-content\/uploads\/marich_wind_mage.png\" alt=\"\" width=\"210\" height=\"190\"\/><\/div>\r\n                        <div class=\"sec_charainfo\">\r\n                            <p id=\"CHARA_618_002\" class=\"sec_characate sec_characate--heroes\">Eroi<\/p>\r\n                            <p id=\"CHARA_618_003\" class=\"sec_charanick\">Il mago vento<\/p>\r\n                            <p id=\"CHARA_618_004\" class=\"sec_charaname\">Merric<\/p>\r\n                            <p id=\"CHARA_618_005\" class=\"sec_charaappearancetxt\">Appare in<\/p>\r\n                            <p id=\"CHARA_618_006\" class=\"sec_charaappearancetxt\">Fire Emblem: Mystery of the Emblem<\/p>\r\n                        <\/div>\r\n                    <\/div>\r\n                <\/section>\r\n            <\/article>\r\n            <article>\r\n                <section class=\"sec sec_characterarea\">\r\n                    <div class=\"sec_h2chara\">\r\n                        <p id=\"CHARA_618_007\" class=\"sec_h2charattl\">Lascia che sia Sharena a presentarti!<\/p>\r\n                        <h2 id=\"CHARA_618_008\" class=\"sec_h2charatxt\">Il mago vento Merric<\/h2>\r\n                    <\/div>\r\n                    <dl class=\"sec_dl flex\">\r\n                        <dt id=\"CHARA_618_009\" class=\"sec_dt\">Nato in una prestigiosa famiglia altea, Merric \u00e8 un giovane gentile che non ama i conflitti. Fin da bambino, \u00e8 sempre stato molto pi\u00f9 interessato ai libri che alle spade.<\/dt>\r\n                        <dd class=\"sec_dd\">\r\n                            <a href=\"https:\/\/guide.fire-emblem-heroes.com\/wp-content\/uploads\/marich_wind_mage_pop01.png\" class=\"popup-image\">\r\n                                <img decoding=\"async\" src=\"https:\/\/guide.fire-emblem-heroes.com\/wp-content\/uploads\/marich_wind_mage_info01.png\" alt=\"\" \/>\r\n                            <\/a>\r\n                        <\/dd>\r\n                        <dt id=\"CHARA_618_010\" class=\"sec_dt\">In seguito, Merric ha deciso di studiare alla scuola di magia di Khadein per poter dare una mano al suo caro amico, il giovane principe Marth. Non lesinando gli sforzi nei suoi studi, ben presto il suo talento per la magia \u00e8 fiorito.<\/dt>\r\n                        <dd class=\"sec_dd\">\r\n                            <a href=\"https:\/\/guide.fire-emblem-heroes.com\/wp-content\/uploads\/marich_wind_mage_pop02.png\" class=\"popup-image\">\r\n                                <img decoding=\"async\" src=\"https:\/\/guide.fire-emblem-heroes.com\/wp-content\/uploads\/marich_wind_mage_info02.png\" alt=\"\" \/>\r\n                            <\/a>\r\n                        <\/dd>\r\n                        <dt id=\"CHARA_618_011\" class=\"sec_dt\">\u00c8 anche amico di Elice, la sorella maggiore di Marth. Che rimanga tra noi, ho sentito dire che i due sono pi\u00f9 che amici! Immagino che ci fosse pi\u00f9 di un motivo per dedicarsi allo studio della magia con tutta questa dedizione.<\/dt>\r\n                        <dd class=\"sec_dd\">\r\n                            <a href=\"https:\/\/guide.fire-emblem-heroes.com\/wp-content\/uploads\/marich_wind_mage_pop03.png\" class=\"popup-image\">\r\n                                <img decoding=\"async\" src=\"https:\/\/guide.fire-emblem-heroes.com\/wp-content\/uploads\/marich_wind_mage_info03.png\" alt=\"\" \/>\r\n                            <\/a>\r\n                        <\/dd>\r\n                        <dt id=\"CHARA_618_012\" class=\"sec_dt\">Comunque, \u00e8 stato grazie ai suoi sforzi a Khadein che Merric \u00e8 arrivato a padroneggiare la magia del vento Excalibur. Con quel tipo di potere, non ci sar\u00e0 nessun ostacolo a sbarrare la sua strada verso la pace!<\/dt>\r\n                        <dd class=\"sec_dd\">\r\n                            <a href=\"https:\/\/guide.fire-emblem-heroes.com\/wp-content\/uploads\/marich_wind_mage_pop04.png\" class=\"popup-image\">\r\n                                <img decoding=\"async\" src=\"https:\/\/guide.fire-emblem-heroes.com\/wp-content\/uploads\/marich_wind_mage_info04.png\" alt=\"\" \/>\r\n                            <\/a>\r\n                        <\/dd>\r\n                    <\/dl>\r\n                    <h3 id=\"CHARA_618_013\" class=\"sec_h3charatxt\">Personaggi strettamente collegati<\/h3>\r\n                    <h4 id=\"CHARA_618_014\" class=\"sec_h4charatxt\">Marth<\/h4>\r\n                    <p id=\"CHARA_618_015\" class=\"sec_charatxt\">Principe di Altea che combatte per la sua terra e stima profondamente i suoi amici. \u00c8 amico di Merric sin dall&#8217;infanzia.<\/p>\r\n                    <h4 id=\"CHARA_618_016\" class=\"sec_h4charatxt\">Elice<\/h4>\r\n                    <p id=\"CHARA_618_017\" class=\"sec_charatxt\">Principessa di Altea dall&#8217;animo gentile e con un forte senso del dovere, \u00e8 la sorella maggiore di Marth. Merric prova un grande affetto per lei.<\/p>\r\n                <\/section>\r\n            <\/article>\r\n        <\/main>","protected":false},"excerpt":{"rendered":"Eroi Il mago vento Merric Appare in Fire Emblem: Mystery of the Emblem Lascia che sia Sharena a presentarti! Il mago vento Merric Nato in una prestigiosa famiglia altea, Merric \u00e8 un giovane gentile che non ama i conflitti. Fin da bambino, \u00e8 sempre stato molto pi\u00f9 interessato ai libri che alle spade. In seguito, [&hellip;]","protected":false},"author":1,"featured_media":33075,"comment_status":"closed","ping_status":"closed","sticky":false,"template":"","format":"standard","meta":{"advanced_seo_description":"","jetpack_seo_html_title":"","jetpack_seo_noindex":false,"_jetpack_newsletter_access":"","_jetpack_dont_email_post_to_subs":false,"_jetpack_newsletter_tier_id":0,"_jetpack_memberships_contains_paywalled_content":false,"_locale":"it_IT","_original_post":"https:\/\/guide.fire-emblem-heroes.com\/?p=32961","_jetpack_memberships_contains_paid_content":false,"footnotes":"","jetpack_publicize_message":"","jetpack_publicize_feature_enabled":true,"jetpack_social_post_already_shared":true,"jetpack_social_options":{"image_generator_settings":{"template":"highway","default_image_id":0,"font":"","enabled":false},"version":2},"_wpas_customize_per_network":false,"jetpack_post_was_ever_published":false},"categories":[1384,1424,1415,1390],"tags":[1420],"class_list":["post-32970","post","type-post","status-publish","format-standard","has-post-thumbnail","hentry","category-character","category-ex_works_mystery_of_the_emblem","category-heroes","category-stay_heroes","tag-eroi","it-IT"],"jetpack_publicize_connections":[],"jetpack_featured_media_url":"https:\/\/guide.fire-emblem-heroes.com\/wp-content\/uploads\/marich_wind_mage.png","jetpack_sharing_enabled":false,"jetpack_shortlink":"https:\/\/wp.me\/pa0Mj3-8zM","jetpack_likes_enabled":false,"amp_enabled":false,"_links":{"self":[{"href":"https:\/\/guide.fire-emblem-heroes.com\/wp-json\/wp\/v2\/posts\/32970","targetHints":{"allow":["GET"]}}],"collection":[{"href":"https:\/\/guide.fire-emblem-heroes.com\/wp-json\/wp\/v2\/posts"}],"about":[{"href":"https:\/\/guide.fire-emblem-heroes.com\/wp-json\/wp\/v2\/types\/post"}],"author":[{"embeddable":true,"href":"https:\/\/guide.fire-emblem-heroes.com\/wp-json\/wp\/v2\/users\/1"}],"replies":[{"embeddable":true,"href":"https:\/\/guide.fire-emblem-heroes.com\/wp-json\/wp\/v2\/comments?post=32970"}],"version-history":[{"count":1,"href":"https:\/\/guide.fire-emblem-heroes.com\/wp-json\/wp\/v2\/posts\/32970\/revisions"}],"predecessor-version":[{"id":32981,"href":"https:\/\/guide.fire-emblem-heroes.com\/wp-json\/wp\/v2\/posts\/32970\/revisions\/32981"}],"wp:featuredmedia":[{"embeddable":true,"href":"https:\/\/guide.fire-emblem-heroes.com\/wp-json\/wp\/v2\/media\/33075"}],"wp:attachment":[{"href":"https:\/\/guide.fire-emblem-heroes.com\/wp-json\/wp\/v2\/media?parent=32970"}],"wp:term":[{"taxonomy":"category","embeddable":true,"href":"https:\/\/guide.fire-emblem-heroes.com\/wp-json\/wp\/v2\/categories?post=32970"},{"taxonomy":"post_tag","embeddable":true,"href":"https:\/\/guide.fire-emblem-heroes.com\/wp-json\/wp\/v2\/tags?post=32970"}],"curies":[{"name":"wp","href":"https:\/\/api.w.org\/{rel}","templated":true}]}}