






{"id":37392,"date":"2022-10-04T12:37:40","date_gmt":"2022-10-04T03:37:40","guid":{"rendered":"https:\/\/guide.fire-emblem-heroes.com\/?p=37392"},"modified":"2022-11-07T16:44:46","modified_gmt":"2022-11-07T07:44:46","slug":"02009301000857-2","status":"publish","type":"post","link":"https:\/\/guide.fire-emblem-heroes.com\/it\/02009301000857-2\/","title":{"rendered":"<span class=\"character_nick\">Il duo cuore forte<\/span><span class=\"character_name\">Duma<\/span>"},"content":{"rendered":"<main id=\"CHARA_715\" class=\"main_page character\">\r\n            <article>\r\n                <section class=\"sec sec_character\">\r\n                    <ul class=\"sec_ul sec_ul--character slick-box\">\r\n                        <li class=\"sec_li sec_li--character\">\r\n                            <img decoding=\"async\" src=\"https:\/\/guide.fire-emblem-heroes.com\/wp-content\/uploads\/doma_strength_and_love_slide01.png\" alt=\"\" \/>\r\n                        <\/li>\r\n                        <li class=\"sec_li sec_li--character\">\r\n                            <img decoding=\"async\" src=\"https:\/\/guide.fire-emblem-heroes.com\/wp-content\/uploads\/doma_strength_and_love_slide02.png\" alt=\"\" \/>\r\n                        <\/li>\r\n                        <li class=\"sec_li sec_li--character\">\r\n                            <img decoding=\"async\" src=\"https:\/\/guide.fire-emblem-heroes.com\/wp-content\/uploads\/doma_strength_and_love_slide03.png\" alt=\"\" \/>\r\n                        <\/li>\r\n                        <li class=\"sec_li sec_li--character\">\r\n                            <img decoding=\"async\" src=\"https:\/\/guide.fire-emblem-heroes.com\/wp-content\/uploads\/doma_strength_and_love_slide04.png\" alt=\"\" \/>\r\n                        <\/li>\r\n                    <\/ul>\r\n                    <div class=\"sec_charainfoarea flex\">\r\n                        <div class=\"sec_gif\"><img loading=\"lazy\" decoding=\"async\" src=\"https:\/\/guide.fire-emblem-heroes.com\/wp-content\/uploads\/doma_strength_and_love.png\" alt=\"\" width=\"210\" height=\"190\"\/><\/div>\r\n                        <div class=\"sec_charainfo\">\r\n                            <p id=\"CHARA_715_002\" class=\"sec_characate sec_characate--duo_hero\">Eroi Coppia<\/p>\r\n                            <p id=\"CHARA_715_003\" class=\"sec_charanick\">Il duo cuore forte<\/p>\r\n                            <p id=\"CHARA_715_004\" class=\"sec_charaname\">Duma<\/p>\r\n                            <p id=\"CHARA_715_005\" class=\"sec_charaappearancetxt\">Appare in<\/p>\r\n                            <p id=\"CHARA_715_006\" class=\"sec_charaappearancetxt\">Fire Emblem Echoes: Shadows of Valentia<\/p>\r\n                        <\/div>\r\n                    <\/div>\r\n                <\/section>\r\n            <\/article>\r\n            <article>\r\n                <section class=\"sec sec_characterarea\">\r\n                    <div class=\"sec_h2chara\">\r\n                        <p id=\"CHARA_715_007\" class=\"sec_h2charattl\">Lascia che sia Sharena a presentarti!<\/p>\r\n                        <h2 id=\"CHARA_715_008\" class=\"sec_h2charatxt\">Il duo cuore forte Duma<\/h2>\r\n                    <\/div>\r\n                    <dl class=\"sec_dl flex\">\r\n                        <dt id=\"CHARA_715_009\" class=\"sec_dt\">Duma e Mila, la coppia di divinit\u00e0 fratello e sorella che vegliano sul continente di Valentia sono venuti alla festa del raccolto! Come potete vedere, nemmeno loro riescono a resistere a mettersi in ghingheri per una bella festa!<\/dt>\r\n                        <dd class=\"sec_dd\">\r\n                            <a href=\"https:\/\/guide.fire-emblem-heroes.com\/wp-content\/uploads\/doma_strength_and_love_pop01.png\" class=\"popup-image\">\r\n                                <img decoding=\"async\" src=\"https:\/\/guide.fire-emblem-heroes.com\/wp-content\/uploads\/doma_strength_and_love_info01.png\" alt=\"\" \/>\r\n                            <\/a>\r\n                        <\/dd>\r\n                        <dt id=\"CHARA_715_010\" class=\"sec_dt\">Nella sua veste di &#8220;forza divina&#8221; e guardiano del nord di Valentia, Duma indossa un costume audace che rende bene l&#8217;idea della sua potenza. Tuttavia, il suo cappello, la sua spada e il suo scudo hanno anche uno stile giocoso del tutto in linea con l&#8217;atmosfera della festa!<\/dt>\r\n                        <dd class=\"sec_dd\">\r\n                            <a href=\"https:\/\/guide.fire-emblem-heroes.com\/wp-content\/uploads\/doma_strength_and_love_pop02.png\" class=\"popup-image\">\r\n                                <img decoding=\"async\" src=\"https:\/\/guide.fire-emblem-heroes.com\/wp-content\/uploads\/doma_strength_and_love_info02.png\" alt=\"\" \/>\r\n                            <\/a>\r\n                        <\/dd>\r\n                        <dt id=\"CHARA_715_011\" class=\"sec_dt\">Mila \u00e8 la dea dell&#8217;amore e protettrice del sud di Valentia. Il suo abito semplice e ampio \u00e8 accentuato magnificamente dai dettagli intricati degli accessori per i capelli e dalle ali!<\/dt>\r\n                        <dd class=\"sec_dd\">\r\n                            <a href=\"https:\/\/guide.fire-emblem-heroes.com\/wp-content\/uploads\/doma_strength_and_love_pop03.png\" class=\"popup-image\">\r\n                                <img decoding=\"async\" src=\"https:\/\/guide.fire-emblem-heroes.com\/wp-content\/uploads\/doma_strength_and_love_info03.png\" alt=\"\" \/>\r\n                            <\/a>\r\n                        <\/dd>\r\n                        <dt id=\"CHARA_715_012\" class=\"sec_dt\">Poich\u00e9 hanno caratteri diametralmente opposti, ogni tanto queste due divinit\u00e0 litigano&#8230; Beh, \u00e8 un bene che oggi vadano d&#8217;amore e d&#8217;accordo!<\/dt>\r\n                        <dd class=\"sec_dd\">\r\n                            <a href=\"https:\/\/guide.fire-emblem-heroes.com\/wp-content\/uploads\/doma_strength_and_love_pop04.png\" class=\"popup-image\">\r\n                                <img decoding=\"async\" src=\"https:\/\/guide.fire-emblem-heroes.com\/wp-content\/uploads\/doma_strength_and_love_info04.png\" alt=\"\" \/>\r\n                            <\/a>\r\n                        <\/dd>\r\n                    <\/dl>\r\n                    <h3 id=\"CHARA_715_013\" class=\"sec_h3charatxt\">Personaggi strettamente collegati<\/h3>\r\n                    <h4 id=\"CHARA_715_014\" class=\"sec_h4charatxt\">Rudolf<\/h4>\r\n                    <p id=\"CHARA_715_015\" class=\"sec_charatxt\">Il maestoso e severo imperatore del Rigel, padre di Alm e zio di Berkut. Duma gli dona Falchion, che usa per sigillare Mila.<\/p>\r\n                    <h4 id=\"CHARA_715_016\" class=\"sec_h4charatxt\">Celica<\/h4>\r\n                    <p id=\"CHARA_715_017\" class=\"sec_charatxt\">\u00c8 la principessa di Zofia e una sacerdotessa. Premurosa verso gli altri, non ama combattere. Porta il marchio di Mila sulla mano destra.<\/p>\r\n                <\/section>\r\n            <\/article>\r\n        <\/main>","protected":false},"excerpt":{"rendered":"Eroi Coppia Il duo cuore forte Duma Appare in Fire Emblem Echoes: Shadows of Valentia Lascia che sia Sharena a presentarti! Il duo cuore forte Duma Duma e Mila, la coppia di divinit\u00e0 fratello e sorella che vegliano sul continente di Valentia sono venuti alla festa del raccolto! Come potete vedere, nemmeno loro riescono a [&hellip;]","protected":false},"author":1,"featured_media":37517,"comment_status":"closed","ping_status":"closed","sticky":false,"template":"","format":"standard","meta":{"advanced_seo_description":"","jetpack_seo_html_title":"","jetpack_seo_noindex":false,"_jetpack_newsletter_access":"","_jetpack_dont_email_post_to_subs":false,"_jetpack_newsletter_tier_id":0,"_jetpack_memberships_contains_paywalled_content":false,"_locale":"it_IT","_original_post":"https:\/\/guide.fire-emblem-heroes.com\/?p=37383","_jetpack_memberships_contains_paid_content":false,"footnotes":"","jetpack_publicize_message":"","jetpack_publicize_feature_enabled":true,"jetpack_social_post_already_shared":false,"jetpack_social_options":{"image_generator_settings":{"template":"highway","default_image_id":0,"font":"","enabled":false},"version":2},"_wpas_customize_per_network":false,"jetpack_post_was_ever_published":false},"categories":[1384,1425,1390,1440],"tags":[1446],"class_list":["post-37392","post","type-post","status-publish","format-standard","has-post-thumbnail","hentry","category-character","category-ex_works_shadows_of_valentia","category-stay_heroes","category-duo_heroes","tag-eroi-coppia","it-IT"],"jetpack_publicize_connections":[],"jetpack_featured_media_url":"https:\/\/guide.fire-emblem-heroes.com\/wp-content\/uploads\/doma_strength_and_love.png","jetpack_sharing_enabled":false,"jetpack_shortlink":"https:\/\/wp.me\/pa0Mj3-9J6","jetpack_likes_enabled":false,"amp_enabled":false,"_links":{"self":[{"href":"https:\/\/guide.fire-emblem-heroes.com\/wp-json\/wp\/v2\/posts\/37392","targetHints":{"allow":["GET"]}}],"collection":[{"href":"https:\/\/guide.fire-emblem-heroes.com\/wp-json\/wp\/v2\/posts"}],"about":[{"href":"https:\/\/guide.fire-emblem-heroes.com\/wp-json\/wp\/v2\/types\/post"}],"author":[{"embeddable":true,"href":"https:\/\/guide.fire-emblem-heroes.com\/wp-json\/wp\/v2\/users\/1"}],"replies":[{"embeddable":true,"href":"https:\/\/guide.fire-emblem-heroes.com\/wp-json\/wp\/v2\/comments?post=37392"}],"version-history":[{"count":1,"href":"https:\/\/guide.fire-emblem-heroes.com\/wp-json\/wp\/v2\/posts\/37392\/revisions"}],"predecessor-version":[{"id":37403,"href":"https:\/\/guide.fire-emblem-heroes.com\/wp-json\/wp\/v2\/posts\/37392\/revisions\/37403"}],"wp:featuredmedia":[{"embeddable":true,"href":"https:\/\/guide.fire-emblem-heroes.com\/wp-json\/wp\/v2\/media\/37517"}],"wp:attachment":[{"href":"https:\/\/guide.fire-emblem-heroes.com\/wp-json\/wp\/v2\/media?parent=37392"}],"wp:term":[{"taxonomy":"category","embeddable":true,"href":"https:\/\/guide.fire-emblem-heroes.com\/wp-json\/wp\/v2\/categories?post=37392"},{"taxonomy":"post_tag","embeddable":true,"href":"https:\/\/guide.fire-emblem-heroes.com\/wp-json\/wp\/v2\/tags?post=37392"}],"curies":[{"name":"wp","href":"https:\/\/api.w.org\/{rel}","templated":true}]}}