






{"id":40955,"date":"2023-02-15T12:09:00","date_gmt":"2023-02-15T03:09:00","guid":{"rendered":"https:\/\/guide.fire-emblem-heroes.com\/?p=40955"},"modified":"2023-03-07T16:28:53","modified_gmt":"2023-03-07T07:28:53","slug":"09002003000918-2","status":"publish","type":"post","link":"https:\/\/guide.fire-emblem-heroes.com\/it\/09002003000918-2\/","title":{"rendered":"<span class=\"character_nick\">Difensore di Ozna<\/span><span class=\"character_name\">Geoffrey<\/span>"},"content":{"rendered":"<main id=\"CHARA_798\" class=\"main_page character\">\r\n            <article>\r\n                <section class=\"sec sec_character\">\r\n                    <ul class=\"sec_ul sec_ul--character slick-box\">\r\n                        <li class=\"sec_li sec_li--character\">\r\n                            <img decoding=\"async\" src=\"https:\/\/guide.fire-emblem-heroes.com\/wp-content\/uploads\/jofre_realms_protector_slide01.png\" alt=\"\" \/>\r\n                        <\/li>\r\n                        <li class=\"sec_li sec_li--character\">\r\n                            <img decoding=\"async\" src=\"https:\/\/guide.fire-emblem-heroes.com\/wp-content\/uploads\/jofre_realms_protector_slide02.png\" alt=\"\" \/>\r\n                        <\/li>\r\n                        <li class=\"sec_li sec_li--character\">\r\n                            <img decoding=\"async\" src=\"https:\/\/guide.fire-emblem-heroes.com\/wp-content\/uploads\/jofre_realms_protector_slide03.png\" alt=\"\" \/>\r\n                        <\/li>\r\n                        <li class=\"sec_li sec_li--character\">\r\n                            <img decoding=\"async\" src=\"https:\/\/guide.fire-emblem-heroes.com\/wp-content\/uploads\/jofre_realms_protector_slide04.png\" alt=\"\" \/>\r\n                        <\/li>\r\n                    <\/ul>\r\n                    <div class=\"sec_charainfoarea flex\">\r\n                        <div class=\"sec_gif\"><img loading=\"lazy\" decoding=\"async\" src=\"https:\/\/guide.fire-emblem-heroes.com\/wp-content\/uploads\/jofre_realms_protector.png\" alt=\"\" width=\"210\" height=\"190\"\/><\/div>\r\n                        <div class=\"sec_charainfo\">\r\n                            <p id=\"CHARA_798_002\" class=\"sec_characate sec_characate--heroes\">Eroi<\/p>\r\n                            <p id=\"CHARA_798_003\" class=\"sec_charanick\">Difensore di Ozna<\/p>\r\n                            <p id=\"CHARA_798_004\" class=\"sec_charaname\">Geoffrey<\/p>\r\n                            <p id=\"CHARA_798_005\" class=\"sec_charaappearancetxt\">Appare in<\/p>\r\n                            <p id=\"CHARA_798_006\" class=\"sec_charaappearancetxt\">Fire Emblem: Radiant Dawn<\/p>\r\n                        <\/div>\r\n                    <\/div>\r\n                <\/section>\r\n            <\/article>\r\n            <article>\r\n                <section class=\"sec sec_characterarea\">\r\n                    <div class=\"sec_h2chara\">\r\n                        <p id=\"CHARA_798_007\" class=\"sec_h2charattl\">Lascia che sia Sharena a presentarti!<\/p>\r\n                        <h2 id=\"CHARA_798_008\" class=\"sec_h2charatxt\">Difensore di Ozna Geoffrey<\/h2>\r\n                    <\/div>\r\n                    <dl class=\"sec_dl flex\">\r\n                        <dt id=\"CHARA_798_009\" class=\"sec_dt\">Geoffrey \u00e8 il comandante dei Cavalieri Reali di Ozna, un regno del continente di Tellius, nonch\u00e9 un amico d&#8217;infanzia di Elincia. \u00c8 anche uno dei suoi pi\u00f9 stretti consiglieri.<\/dt>\r\n                        <dd class=\"sec_dd\">\r\n                            <a href=\"https:\/\/guide.fire-emblem-heroes.com\/wp-content\/uploads\/jofre_realms_protector_pop01.png\" class=\"popup-image\">\r\n                                <img decoding=\"async\" src=\"https:\/\/guide.fire-emblem-heroes.com\/wp-content\/uploads\/jofre_realms_protector_info01.png\" alt=\"\" \/>\r\n                            <\/a>\r\n                        <\/dd>\r\n                        <dt id=\"CHARA_798_010\" class=\"sec_dt\">Ozna un tempo era sottomessa dal regno di Daein, e Geoffrey protesse Elincia durante la loro fuga dal castello reale. In seguito il nostro eroe si rifugi\u00f2 nel castello natale di Delbray, da dove continu\u00f2 a combattere l&#8217;esercito di Daein.<\/dt>\r\n                        <dd class=\"sec_dd\">\r\n                            <a href=\"https:\/\/guide.fire-emblem-heroes.com\/wp-content\/uploads\/jofre_realms_protector_pop02.png\" class=\"popup-image\">\r\n                                <img decoding=\"async\" src=\"https:\/\/guide.fire-emblem-heroes.com\/wp-content\/uploads\/jofre_realms_protector_info02.png\" alt=\"\" \/>\r\n                            <\/a>\r\n                        <\/dd>\r\n                        <dt id=\"CHARA_798_011\" class=\"sec_dt\">Alla fine Daein venne sconfitto e Ozna recuper\u00f2 la sua indipendenza, con Elincia in veste di nuova regina. In seguito Geoffrey, insieme alla sorella Lucia, continu\u00f2 a sostenere Elincia in ogni modo possibile.<\/dt>\r\n                        <dd class=\"sec_dd\">\r\n                            <a href=\"https:\/\/guide.fire-emblem-heroes.com\/wp-content\/uploads\/jofre_realms_protector_pop03.png\" class=\"popup-image\">\r\n                                <img decoding=\"async\" src=\"https:\/\/guide.fire-emblem-heroes.com\/wp-content\/uploads\/jofre_realms_protector_info03.png\" alt=\"\" \/>\r\n                            <\/a>\r\n                        <\/dd>\r\n                        <dt id=\"CHARA_798_012\" class=\"sec_dt\">Il cuore e l&#8217;anima di Geoffrey sono dedicati alla sua regina. Ecco perch\u00e9 continua a lottare per proteggere Elincia e il suo futuro!<\/dt>\r\n                        <dd class=\"sec_dd\">\r\n                            <a href=\"https:\/\/guide.fire-emblem-heroes.com\/wp-content\/uploads\/jofre_realms_protector_pop04.png\" class=\"popup-image\">\r\n                                <img decoding=\"async\" src=\"https:\/\/guide.fire-emblem-heroes.com\/wp-content\/uploads\/jofre_realms_protector_info04.png\" alt=\"\" \/>\r\n                            <\/a>\r\n                        <\/dd>\r\n                    <\/dl>\r\n                    <h3 id=\"CHARA_798_013\" class=\"sec_h3charatxt\">Personaggi strettamente collegati<\/h3>\r\n                    <h4 id=\"CHARA_798_014\" class=\"sec_h4charatxt\">Elincia<\/h4>\r\n                    <p id=\"CHARA_798_015\" class=\"sec_charatxt\">Elincia, dopo aver superato molte difficolt\u00e0, ora guida Ozna forte delle sue convinzioni e dell&#8217;amore per il suo popolo. \u00c8 signora e amica di infanzia di Geoffrey.<\/p>\r\n                    <h4 id=\"CHARA_798_016\" class=\"sec_h4charatxt\">Lucia<\/h4>\r\n                    <p id=\"CHARA_798_017\" class=\"sec_charatxt\">Figlia del Conte Delbray e spadaccina esperta. Sostiene Elincia e condivide con lei un legame pi\u00f9 forte di quello tra molti fratelli e sorelle. \u00c8 la sorella di Geoffrey.<\/p>\r\n                <\/section>\r\n            <\/article>\r\n        <\/main>","protected":false},"excerpt":{"rendered":"Eroi Difensore di Ozna Geoffrey Appare in Fire Emblem: Radiant Dawn Lascia che sia Sharena a presentarti! Difensore di Ozna Geoffrey Geoffrey \u00e8 il comandante dei Cavalieri Reali di Ozna, un regno del continente di Tellius, nonch\u00e9 un amico d&#8217;infanzia di Elincia. \u00c8 anche uno dei suoi pi\u00f9 stretti consiglieri. Ozna un tempo era sottomessa [&hellip;]","protected":false},"author":1,"featured_media":41058,"comment_status":"closed","ping_status":"closed","sticky":false,"template":"","format":"standard","meta":{"advanced_seo_description":"","jetpack_seo_html_title":"","jetpack_seo_noindex":false,"_jetpack_newsletter_access":"","_jetpack_dont_email_post_to_subs":false,"_jetpack_newsletter_tier_id":0,"_jetpack_memberships_contains_paywalled_content":false,"_locale":"it_IT","_original_post":"https:\/\/guide.fire-emblem-heroes.com\/?p=40945","_jetpack_memberships_contains_paid_content":false,"footnotes":"","jetpack_publicize_message":"","jetpack_publicize_feature_enabled":true,"jetpack_social_post_already_shared":false,"jetpack_social_options":{"image_generator_settings":{"template":"highway","default_image_id":0,"font":"","enabled":false},"version":2},"_wpas_customize_per_network":false,"jetpack_post_was_ever_published":false},"categories":[1384,1415,1390,1430],"tags":[1420],"class_list":["post-40955","post","type-post","status-publish","format-standard","has-post-thumbnail","hentry","category-character","category-heroes","category-stay_heroes","category-ex_works_radiant_dawn","tag-eroi","it-IT"],"jetpack_publicize_connections":[],"jetpack_featured_media_url":"https:\/\/guide.fire-emblem-heroes.com\/wp-content\/uploads\/jofre_realms_protector.png","jetpack_sharing_enabled":false,"jetpack_shortlink":"https:\/\/wp.me\/pa0Mj3-aEz","jetpack_likes_enabled":false,"amp_enabled":false,"_links":{"self":[{"href":"https:\/\/guide.fire-emblem-heroes.com\/wp-json\/wp\/v2\/posts\/40955","targetHints":{"allow":["GET"]}}],"collection":[{"href":"https:\/\/guide.fire-emblem-heroes.com\/wp-json\/wp\/v2\/posts"}],"about":[{"href":"https:\/\/guide.fire-emblem-heroes.com\/wp-json\/wp\/v2\/types\/post"}],"author":[{"embeddable":true,"href":"https:\/\/guide.fire-emblem-heroes.com\/wp-json\/wp\/v2\/users\/1"}],"replies":[{"embeddable":true,"href":"https:\/\/guide.fire-emblem-heroes.com\/wp-json\/wp\/v2\/comments?post=40955"}],"version-history":[{"count":1,"href":"https:\/\/guide.fire-emblem-heroes.com\/wp-json\/wp\/v2\/posts\/40955\/revisions"}],"predecessor-version":[{"id":40965,"href":"https:\/\/guide.fire-emblem-heroes.com\/wp-json\/wp\/v2\/posts\/40955\/revisions\/40965"}],"wp:featuredmedia":[{"embeddable":true,"href":"https:\/\/guide.fire-emblem-heroes.com\/wp-json\/wp\/v2\/media\/41058"}],"wp:attachment":[{"href":"https:\/\/guide.fire-emblem-heroes.com\/wp-json\/wp\/v2\/media?parent=40955"}],"wp:term":[{"taxonomy":"category","embeddable":true,"href":"https:\/\/guide.fire-emblem-heroes.com\/wp-json\/wp\/v2\/categories?post=40955"},{"taxonomy":"post_tag","embeddable":true,"href":"https:\/\/guide.fire-emblem-heroes.com\/wp-json\/wp\/v2\/tags?post=40955"}],"curies":[{"name":"wp","href":"https:\/\/api.w.org\/{rel}","templated":true}]}}