






{"id":40999,"date":"2023-02-15T12:21:13","date_gmt":"2023-02-15T03:21:13","guid":{"rendered":"https:\/\/guide.fire-emblem-heroes.com\/?p=40999"},"modified":"2023-03-07T16:32:59","modified_gmt":"2023-03-07T07:32:59","slug":"09002004000920-2","status":"publish","type":"post","link":"https:\/\/guide.fire-emblem-heroes.com\/it\/09002004000920-2\/","title":{"rendered":"<span class=\"character_nick\">Baluardo di Ozna<\/span><span class=\"character_name\">Bastian<\/span>"},"content":{"rendered":"<main id=\"CHARA_800\" class=\"main_page character\">\r\n            <article>\r\n                <section class=\"sec sec_character\">\r\n                    <ul class=\"sec_ul sec_ul--character slick-box\">\r\n                        <li class=\"sec_li sec_li--character\">\r\n                            <img decoding=\"async\" src=\"https:\/\/guide.fire-emblem-heroes.com\/wp-content\/uploads\/ulysses_crimeas_keystone_slide01.png\" alt=\"\" \/>\r\n                        <\/li>\r\n                        <li class=\"sec_li sec_li--character\">\r\n                            <img decoding=\"async\" src=\"https:\/\/guide.fire-emblem-heroes.com\/wp-content\/uploads\/ulysses_crimeas_keystone_slide02.png\" alt=\"\" \/>\r\n                        <\/li>\r\n                        <li class=\"sec_li sec_li--character\">\r\n                            <img decoding=\"async\" src=\"https:\/\/guide.fire-emblem-heroes.com\/wp-content\/uploads\/ulysses_crimeas_keystone_slide03.png\" alt=\"\" \/>\r\n                        <\/li>\r\n                        <li class=\"sec_li sec_li--character\">\r\n                            <img decoding=\"async\" src=\"https:\/\/guide.fire-emblem-heroes.com\/wp-content\/uploads\/ulysses_crimeas_keystone_slide04.png\" alt=\"\" \/>\r\n                        <\/li>\r\n                    <\/ul>\r\n                    <div class=\"sec_charainfoarea flex\">\r\n                        <div class=\"sec_gif\"><img loading=\"lazy\" decoding=\"async\" src=\"https:\/\/guide.fire-emblem-heroes.com\/wp-content\/uploads\/ulysses_crimeas_keystone.png\" alt=\"\" width=\"210\" height=\"190\"\/><\/div>\r\n                        <div class=\"sec_charainfo\">\r\n                            <p id=\"CHARA_800_002\" class=\"sec_characate sec_characate--heroes\">Eroi<\/p>\r\n                            <p id=\"CHARA_800_003\" class=\"sec_charanick\">Baluardo di Ozna<\/p>\r\n                            <p id=\"CHARA_800_004\" class=\"sec_charaname\">Bastian<\/p>\r\n                            <p id=\"CHARA_800_005\" class=\"sec_charaappearancetxt\">Appare in<\/p>\r\n                            <p id=\"CHARA_800_006\" class=\"sec_charaappearancetxt\">Fire Emblem: Radiant Dawn<\/p>\r\n                        <\/div>\r\n                    <\/div>\r\n                <\/section>\r\n            <\/article>\r\n            <article>\r\n                <section class=\"sec sec_characterarea\">\r\n                    <div class=\"sec_h2chara\">\r\n                        <p id=\"CHARA_800_007\" class=\"sec_h2charattl\">Lascia che sia Sharena a presentarti!<\/p>\r\n                        <h2 id=\"CHARA_800_008\" class=\"sec_h2charatxt\">Baluardo di Ozna Bastian<\/h2>\r\n                    <\/div>\r\n                    <dl class=\"sec_dl flex\">\r\n                        <dt id=\"CHARA_800_009\" class=\"sec_dt\">Bastian \u00e8 membro della casata dei Fayre, una delle casate nobiliari pi\u00f9 famose di Ozna. In passato \u00e8 stato un servitore e un funzionario dello zio di Elincia, il Principe Renning.<\/dt>\r\n                        <dd class=\"sec_dd\">\r\n                            <a href=\"https:\/\/guide.fire-emblem-heroes.com\/wp-content\/uploads\/ulysses_crimeas_keystone_pop01.png\" class=\"popup-image\">\r\n                                <img decoding=\"async\" src=\"https:\/\/guide.fire-emblem-heroes.com\/wp-content\/uploads\/ulysses_crimeas_keystone_info01.png\" alt=\"\" \/>\r\n                            <\/a>\r\n                        <\/dd>\r\n                        <dt id=\"CHARA_800_010\" class=\"sec_dt\">Maestro diplomatico, Bastian \u00e8 una delle menti pi\u00f9 acute di Ozna! Attualmente sta mettendo a frutto il suo ingegno e la sua saggezza politica per aiutare Elincia nel suo ruolo di regina.<\/dt>\r\n                        <dd class=\"sec_dd\">\r\n                            <a href=\"https:\/\/guide.fire-emblem-heroes.com\/wp-content\/uploads\/ulysses_crimeas_keystone_pop02.png\" class=\"popup-image\">\r\n                                <img decoding=\"async\" src=\"https:\/\/guide.fire-emblem-heroes.com\/wp-content\/uploads\/ulysses_crimeas_keystone_info02.png\" alt=\"\" \/>\r\n                            <\/a>\r\n                        <\/dd>\r\n                        <dt id=\"CHARA_800_011\" class=\"sec_dt\">Ad ogni modo \u00e8 un tipo con le sue stranezze: spesso parla in un modo scherzoso che pu\u00f2 confondere. Chiss\u00e0 se lo fa apposta per spiazzare la gente?!<\/dt>\r\n                        <dd class=\"sec_dd\">\r\n                            <a href=\"https:\/\/guide.fire-emblem-heroes.com\/wp-content\/uploads\/ulysses_crimeas_keystone_pop03.png\" class=\"popup-image\">\r\n                                <img decoding=\"async\" src=\"https:\/\/guide.fire-emblem-heroes.com\/wp-content\/uploads\/ulysses_crimeas_keystone_info03.png\" alt=\"\" \/>\r\n                            <\/a>\r\n                        <\/dd>\r\n                        <dt id=\"CHARA_800_012\" class=\"sec_dt\">Anche quando Ozna cadde in mano a Daein, Bastian continu\u00f2 a combattere al fianco dei seguaci di Elincia, affinch\u00e9 un giorno lei potesse ricostruire il regno. Spero che riesca a ritagliarsi un po&#8217; di tempo per condividere le sue conoscenze politiche con noi qui ad Askr!<\/dt>\r\n                        <dd class=\"sec_dd\">\r\n                            <a href=\"https:\/\/guide.fire-emblem-heroes.com\/wp-content\/uploads\/ulysses_crimeas_keystone_pop04.png\" class=\"popup-image\">\r\n                                <img decoding=\"async\" src=\"https:\/\/guide.fire-emblem-heroes.com\/wp-content\/uploads\/ulysses_crimeas_keystone_info04.png\" alt=\"\" \/>\r\n                            <\/a>\r\n                        <\/dd>\r\n                    <\/dl>\r\n                    <h3 id=\"CHARA_800_013\" class=\"sec_h3charatxt\">Personaggi strettamente collegati<\/h3>\r\n                    <h4 id=\"CHARA_800_014\" class=\"sec_h4charatxt\">Lucia<\/h4>\r\n                    <p id=\"CHARA_800_015\" class=\"sec_charatxt\">Figlia del Conte Delbray e spadaccina esperta. Sostiene Elincia e condivide con lei un legame pi\u00f9 forte di quello tra molti fratelli e sorelle. Combatte a fianco di Bastian per sconfiggere Daein.<\/p>\r\n                    <h4 id=\"CHARA_800_016\" class=\"sec_h4charatxt\">Geoffrey<\/h4>\r\n                    <p id=\"CHARA_800_017\" class=\"sec_charatxt\">Paladino capo dei Cavalieri Reali di Ozna. La sua lealt\u00e0 nei confronti del suo paese e della Regina Elincia non conosce limiti. \u00c8 fratello minore di Lucia nonch\u00e9 fidato amico di Bastian.<\/p>\r\n                <\/section>\r\n            <\/article>\r\n        <\/main>","protected":false},"excerpt":{"rendered":"Eroi Baluardo di Ozna Bastian Appare in Fire Emblem: Radiant Dawn Lascia che sia Sharena a presentarti! Baluardo di Ozna Bastian Bastian \u00e8 membro della casata dei Fayre, una delle casate nobiliari pi\u00f9 famose di Ozna. In passato \u00e8 stato un servitore e un funzionario dello zio di Elincia, il Principe Renning. Maestro diplomatico, Bastian [&hellip;]","protected":false},"author":1,"featured_media":41097,"comment_status":"closed","ping_status":"closed","sticky":false,"template":"","format":"standard","meta":{"advanced_seo_description":"","jetpack_seo_html_title":"","jetpack_seo_noindex":false,"_jetpack_newsletter_access":"","_jetpack_dont_email_post_to_subs":false,"_jetpack_newsletter_tier_id":0,"_jetpack_memberships_contains_paywalled_content":false,"_locale":"it_IT","_original_post":"https:\/\/guide.fire-emblem-heroes.com\/?p=40989","_jetpack_memberships_contains_paid_content":false,"footnotes":"","jetpack_publicize_message":"","jetpack_publicize_feature_enabled":true,"jetpack_social_post_already_shared":false,"jetpack_social_options":{"image_generator_settings":{"template":"highway","default_image_id":0,"font":"","enabled":false},"version":2},"_wpas_customize_per_network":false,"jetpack_post_was_ever_published":false},"categories":[1384,1415,1390,1430],"tags":[1420],"class_list":["post-40999","post","type-post","status-publish","format-standard","has-post-thumbnail","hentry","category-character","category-heroes","category-stay_heroes","category-ex_works_radiant_dawn","tag-eroi","it-IT"],"jetpack_publicize_connections":[],"jetpack_featured_media_url":"https:\/\/guide.fire-emblem-heroes.com\/wp-content\/uploads\/ulysses_crimeas_keystone.png","jetpack_sharing_enabled":false,"jetpack_shortlink":"https:\/\/wp.me\/pa0Mj3-aFh","jetpack_likes_enabled":false,"amp_enabled":false,"_links":{"self":[{"href":"https:\/\/guide.fire-emblem-heroes.com\/wp-json\/wp\/v2\/posts\/40999","targetHints":{"allow":["GET"]}}],"collection":[{"href":"https:\/\/guide.fire-emblem-heroes.com\/wp-json\/wp\/v2\/posts"}],"about":[{"href":"https:\/\/guide.fire-emblem-heroes.com\/wp-json\/wp\/v2\/types\/post"}],"author":[{"embeddable":true,"href":"https:\/\/guide.fire-emblem-heroes.com\/wp-json\/wp\/v2\/users\/1"}],"replies":[{"embeddable":true,"href":"https:\/\/guide.fire-emblem-heroes.com\/wp-json\/wp\/v2\/comments?post=40999"}],"version-history":[{"count":1,"href":"https:\/\/guide.fire-emblem-heroes.com\/wp-json\/wp\/v2\/posts\/40999\/revisions"}],"predecessor-version":[{"id":41003,"href":"https:\/\/guide.fire-emblem-heroes.com\/wp-json\/wp\/v2\/posts\/40999\/revisions\/41003"}],"wp:featuredmedia":[{"embeddable":true,"href":"https:\/\/guide.fire-emblem-heroes.com\/wp-json\/wp\/v2\/media\/41097"}],"wp:attachment":[{"href":"https:\/\/guide.fire-emblem-heroes.com\/wp-json\/wp\/v2\/media?parent=40999"}],"wp:term":[{"taxonomy":"category","embeddable":true,"href":"https:\/\/guide.fire-emblem-heroes.com\/wp-json\/wp\/v2\/categories?post=40999"},{"taxonomy":"post_tag","embeddable":true,"href":"https:\/\/guide.fire-emblem-heroes.com\/wp-json\/wp\/v2\/tags?post=40999"}],"curies":[{"name":"wp","href":"https:\/\/api.w.org\/{rel}","templated":true}]}}