






{"id":41328,"date":"2023-03-03T12:12:16","date_gmt":"2023-03-03T03:12:16","guid":{"rendered":"https:\/\/guide.fire-emblem-heroes.com\/?p=41328"},"modified":"2023-04-07T16:12:59","modified_gmt":"2023-04-07T07:12:59","slug":"06011002000923-2","status":"publish","type":"post","link":"https:\/\/guide.fire-emblem-heroes.com\/it\/06011002000923-2\/","title":{"rendered":"<span class=\"character_nick\">Il duo sognante<\/span><span class=\"character_name\">Karla<\/span>"},"content":{"rendered":"<main id=\"CHARA_807\" class=\"main_page character\">\r\n            <article>\r\n                <section class=\"sec sec_character\">\r\n                    <ul class=\"sec_ul sec_ul--character slick-box\">\r\n                        <li class=\"sec_li sec_li--character\">\r\n                            <img decoding=\"async\" src=\"https:\/\/guide.fire-emblem-heroes.com\/wp-content\/uploads\/karla_spring_reveries_slide01.png\" alt=\"\" \/>\r\n                        <\/li>\r\n                        <li class=\"sec_li sec_li--character\">\r\n                            <img decoding=\"async\" src=\"https:\/\/guide.fire-emblem-heroes.com\/wp-content\/uploads\/karla_spring_reveries_slide02.png\" alt=\"\" \/>\r\n                        <\/li>\r\n                        <li class=\"sec_li sec_li--character\">\r\n                            <img decoding=\"async\" src=\"https:\/\/guide.fire-emblem-heroes.com\/wp-content\/uploads\/karla_spring_reveries_slide03.png\" alt=\"\" \/>\r\n                        <\/li>\r\n                        <li class=\"sec_li sec_li--character\">\r\n                            <img decoding=\"async\" src=\"https:\/\/guide.fire-emblem-heroes.com\/wp-content\/uploads\/karla_spring_reveries_slide04.png\" alt=\"\" \/>\r\n                        <\/li>\r\n                    <\/ul>\r\n                    <div class=\"sec_charainfoarea flex\">\r\n                        <div class=\"sec_gif\"><img loading=\"lazy\" decoding=\"async\" src=\"https:\/\/guide.fire-emblem-heroes.com\/wp-content\/uploads\/karla_spring_reveries.png\" alt=\"\" width=\"210\" height=\"190\"\/><\/div>\r\n                        <div class=\"sec_charainfo\">\r\n                            <p id=\"CHARA_807_002\" class=\"sec_characate sec_characate sec_characate--harmonized_hero\">Eroi armonici<\/p>\r\n                            <p id=\"CHARA_807_003\" class=\"sec_charanick\">Il duo sognante<\/p>\r\n                            <p id=\"CHARA_807_004\" class=\"sec_charaname\">Karla<\/p>\r\n                            <p id=\"CHARA_807_005\" class=\"sec_charaappearancetxt\">Appare in<\/p>\r\n                            <p id=\"CHARA_807_006\" class=\"sec_charaappearancetxt\">Fire Emblem: The Blazing Blade<br \/>Fire Emblem Heroes<\/p>\r\n                        <\/div>\r\n                    <\/div>\r\n                <\/section>\r\n            <\/article>\r\n            <article>\r\n                <section class=\"sec sec_characterarea\">\r\n                    <div class=\"sec_h2chara\">\r\n                        <p id=\"CHARA_807_007\" class=\"sec_h2charattl\">Lascia che sia Sharena a presentarti!<\/p>\r\n                        <h2 id=\"CHARA_807_008\" class=\"sec_h2charatxt\">Il duo sognante Karla<\/h2>\r\n                    <\/div>\r\n                    <dl class=\"sec_dl flex\">\r\n                        <dt id=\"CHARA_807_009\" class=\"sec_dt\">Ecco Karla, la famosa serva di spada di Elibe, e Freyja, regina di D\u00f6kk\u00e1lfheimr, il regno degli incubi! Ci hanno raggiunto alla festa di primavera di Askr!<\/dt>\r\n                        <dd class=\"sec_dd\">\r\n                            <a href=\"https:\/\/guide.fire-emblem-heroes.com\/wp-content\/uploads\/karla_spring_reveries_pop01.png\" class=\"popup-image\">\r\n                                <img decoding=\"async\" src=\"https:\/\/guide.fire-emblem-heroes.com\/wp-content\/uploads\/karla_spring_reveries_info01.png\" alt=\"\" \/>\r\n                            <\/a>\r\n                        <\/dd>\r\n                        <dt id=\"CHARA_807_010\" class=\"sec_dt\">In linea con l&#8217;atmosfera festosa, indossano costumi a tema conigliesco! Ricordate le mie parole: queste conigliette conquisteranno sicuramente il cuore di chiunque le veda!<\/dt>\r\n                        <dd class=\"sec_dd\">\r\n                            <a href=\"https:\/\/guide.fire-emblem-heroes.com\/wp-content\/uploads\/karla_spring_reveries_pop02.png\" class=\"popup-image\">\r\n                                <img decoding=\"async\" src=\"https:\/\/guide.fire-emblem-heroes.com\/wp-content\/uploads\/karla_spring_reveries_info02.png\" alt=\"\" \/>\r\n                            <\/a>\r\n                        <\/dd>\r\n                        <dt id=\"CHARA_807_011\" class=\"sec_dt\">I costumi di Karla e di Frejya sono caratterizzati da orecchie da coniglio e code soffici e il colore della pelliccia si abbina a quello dei loro capelli!<\/dt>\r\n                        <dd class=\"sec_dd\">\r\n                            <a href=\"https:\/\/guide.fire-emblem-heroes.com\/wp-content\/uploads\/karla_spring_reveries_pop03.png\" class=\"popup-image\">\r\n                                <img decoding=\"async\" src=\"https:\/\/guide.fire-emblem-heroes.com\/wp-content\/uploads\/karla_spring_reveries_info03.png\" alt=\"\" \/>\r\n                            <\/a>\r\n                        <\/dd>\r\n                        <dt id=\"CHARA_807_012\" class=\"sec_dt\">Di solito hanno un&#8217;aria piuttosto dura e severa, ma questo look carino si adatta sorprendentemente bene a loro! Ehm&#8230; volevo dire, proprio come c&#8217;era da aspettarsi!<\/dt>\r\n                        <dd class=\"sec_dd\">\r\n                            <a href=\"https:\/\/guide.fire-emblem-heroes.com\/wp-content\/uploads\/karla_spring_reveries_pop04.png\" class=\"popup-image\">\r\n                                <img decoding=\"async\" src=\"https:\/\/guide.fire-emblem-heroes.com\/wp-content\/uploads\/karla_spring_reveries_info04.png\" alt=\"\" \/>\r\n                            <\/a>\r\n                        <\/dd>\r\n                    <\/dl>\r\n                    <h3 id=\"CHARA_807_013\" class=\"sec_h3charatxt\">Personaggi strettamente collegati<\/h3>\r\n                    <h4 id=\"CHARA_807_014\" class=\"sec_h4charatxt\">Karel<\/h4>\r\n                    <p id=\"CHARA_807_015\" class=\"sec_charatxt\">Un feroce spadaccino proveniente da una famiglia votata all&#8217;arte della spada. Noto come il diavolo di spada. \u00c8 il fratello maggiore di Karla.<\/p>\r\n                    <h4 id=\"CHARA_807_016\" class=\"sec_h4charatxt\">Freyr<\/h4>\r\n                    <p id=\"CHARA_807_017\" class=\"sec_charatxt\">Re di Lj\u00f3s\u00e1lfheimr, il mondo onirico. \u00c8 la divinit\u00e0 dei sogni e spera che tutti possano vivere una vita tranquilla, all&#8217;insegna della gioia. \u00c8 il fratello maggiore di Freyja.<\/p>\r\n                <\/section>\r\n            <\/article>\r\n        <\/main>","protected":false},"excerpt":{"rendered":"Eroi armonici Il duo sognante Karla Appare in Fire Emblem: The Blazing BladeFire Emblem Heroes Lascia che sia Sharena a presentarti! Il duo sognante Karla Ecco Karla, la famosa serva di spada di Elibe, e Freyja, regina di D\u00f6kk\u00e1lfheimr, il regno degli incubi! Ci hanno raggiunto alla festa di primavera di Askr! In linea con [&hellip;]","protected":false},"author":1,"featured_media":41488,"comment_status":"closed","ping_status":"closed","sticky":false,"template":"","format":"standard","meta":{"advanced_seo_description":"","jetpack_seo_html_title":"","jetpack_seo_noindex":false,"_jetpack_newsletter_access":"","_jetpack_dont_email_post_to_subs":false,"_jetpack_newsletter_tier_id":0,"_jetpack_memberships_contains_paywalled_content":false,"_locale":"it_IT","_original_post":"https:\/\/guide.fire-emblem-heroes.com\/?p=41318","_jetpack_memberships_contains_paid_content":false,"footnotes":"","jetpack_publicize_message":"","jetpack_publicize_feature_enabled":true,"jetpack_social_post_already_shared":false,"jetpack_social_options":{"image_generator_settings":{"template":"highway","default_image_id":0,"font":"","enabled":false},"version":2},"_wpas_customize_per_network":false,"jetpack_post_was_ever_published":false},"categories":[1384,1427,1464,1390],"tags":[1470],"class_list":["post-41328","post","type-post","status-publish","format-standard","has-post-thumbnail","hentry","category-character","category-ex_works_the_blazing_blade","category-harmonized_heroes","category-stay_heroes","tag-eroi-armonici","it-IT"],"jetpack_publicize_connections":[],"jetpack_featured_media_url":"https:\/\/guide.fire-emblem-heroes.com\/wp-content\/uploads\/karla_spring_reveries.png","jetpack_sharing_enabled":false,"jetpack_shortlink":"https:\/\/wp.me\/pa0Mj3-aKA","jetpack_likes_enabled":false,"amp_enabled":false,"_links":{"self":[{"href":"https:\/\/guide.fire-emblem-heroes.com\/wp-json\/wp\/v2\/posts\/41328","targetHints":{"allow":["GET"]}}],"collection":[{"href":"https:\/\/guide.fire-emblem-heroes.com\/wp-json\/wp\/v2\/posts"}],"about":[{"href":"https:\/\/guide.fire-emblem-heroes.com\/wp-json\/wp\/v2\/types\/post"}],"author":[{"embeddable":true,"href":"https:\/\/guide.fire-emblem-heroes.com\/wp-json\/wp\/v2\/users\/1"}],"replies":[{"embeddable":true,"href":"https:\/\/guide.fire-emblem-heroes.com\/wp-json\/wp\/v2\/comments?post=41328"}],"version-history":[{"count":1,"href":"https:\/\/guide.fire-emblem-heroes.com\/wp-json\/wp\/v2\/posts\/41328\/revisions"}],"predecessor-version":[{"id":41337,"href":"https:\/\/guide.fire-emblem-heroes.com\/wp-json\/wp\/v2\/posts\/41328\/revisions\/41337"}],"wp:featuredmedia":[{"embeddable":true,"href":"https:\/\/guide.fire-emblem-heroes.com\/wp-json\/wp\/v2\/media\/41488"}],"wp:attachment":[{"href":"https:\/\/guide.fire-emblem-heroes.com\/wp-json\/wp\/v2\/media?parent=41328"}],"wp:term":[{"taxonomy":"category","embeddable":true,"href":"https:\/\/guide.fire-emblem-heroes.com\/wp-json\/wp\/v2\/categories?post=41328"},{"taxonomy":"post_tag","embeddable":true,"href":"https:\/\/guide.fire-emblem-heroes.com\/wp-json\/wp\/v2\/tags?post=41328"}],"curies":[{"name":"wp","href":"https:\/\/api.w.org\/{rel}","templated":true}]}}