






{"id":42489,"date":"2023-04-26T12:12:22","date_gmt":"2023-04-26T03:12:22","guid":{"rendered":"https:\/\/guide.fire-emblem-heroes.com\/?p=42489"},"modified":"2023-05-12T16:16:01","modified_gmt":"2023-05-12T07:16:01","slug":"00007011000944-2","status":"publish","type":"post","link":"https:\/\/guide.fire-emblem-heroes.com\/it\/00007011000944-2\/","title":{"rendered":"<span class=\"character_nick\">Dea della terra<\/span><span class=\"character_name\">Ner\u00feuz<\/span>"},"content":{"rendered":"<main id=\"CHARA_834\" class=\"main_page character\">\r\n            <article>\r\n                <section class=\"sec sec_character\">\r\n                    <ul class=\"sec_ul sec_ul--character slick-box\">\r\n                        <li class=\"sec_li sec_li--character\">\r\n                            <img decoding=\"async\" src=\"https:\/\/guide.fire-emblem-heroes.com\/wp-content\/uploads\/nerthus_god_of_the_land_slide01.png\" alt=\"\" \/>\r\n                        <\/li>\r\n                        <li class=\"sec_li sec_li--character\">\r\n                            <img decoding=\"async\" src=\"https:\/\/guide.fire-emblem-heroes.com\/wp-content\/uploads\/nerthus_god_of_the_land_slide02.png\" alt=\"\" \/>\r\n                        <\/li>\r\n                        <li class=\"sec_li sec_li--character\">\r\n                            <img decoding=\"async\" src=\"https:\/\/guide.fire-emblem-heroes.com\/wp-content\/uploads\/nerthus_god_of_the_land_slide03.png\" alt=\"\" \/>\r\n                        <\/li>\r\n                        <li class=\"sec_li sec_li--character\">\r\n                            <img decoding=\"async\" src=\"https:\/\/guide.fire-emblem-heroes.com\/wp-content\/uploads\/nerthus_god_of_the_land_slide04.png\" alt=\"\" \/>\r\n                        <\/li>\r\n                    <\/ul>\r\n                    <div class=\"sec_charainfoarea flex\">\r\n                        <div class=\"sec_gif\"><img loading=\"lazy\" decoding=\"async\" src=\"https:\/\/guide.fire-emblem-heroes.com\/wp-content\/uploads\/nerthus_god_of_the_land.png\" alt=\"\" width=\"210\" height=\"190\"\/><\/div>\r\n                        <div class=\"sec_charainfo\">\r\n                            <p id=\"CHARA_834_002\" class=\"sec_characate sec_characate--mythic_heroes\">Eroi mitici<\/p>\r\n                            <p id=\"CHARA_834_003\" class=\"sec_charanick\">Dea della terra<\/p>\r\n                            <p id=\"CHARA_834_004\" class=\"sec_charaname\">Ner\u00feuz<\/p>\r\n                            <p id=\"CHARA_834_005\" class=\"sec_charaappearancetxt\">Appare in<\/p>\r\n                            <p id=\"CHARA_834_006\" class=\"sec_charaappearancetxt\">Fire Emblem Heroes<\/p>\r\n                        <\/div>\r\n                    <\/div>\r\n                <\/section>\r\n            <\/article>\r\n            <article>\r\n                <section class=\"sec sec_characterarea\">\r\n                    <div class=\"sec_h2chara\">\r\n                        <p id=\"CHARA_834_007\" class=\"sec_h2charattl\">Lascia che sia Sharena a presentarti!<\/p>\r\n                        <h2 id=\"CHARA_834_008\" class=\"sec_h2charatxt\">Dea della terra Ner\u00feuz<\/h2>\r\n                    <\/div>\r\n                    <dl class=\"sec_dl flex\">\r\n                        <dt id=\"CHARA_834_009\" class=\"sec_dt\">Ner\u00feuz \u00e8 una dea che governa la terra di Vanaheimr, il regno della luce, ed \u00e8 la sorella di Nj\u00f6r\u00f0r, il dio signore dei mari!<\/dt>\r\n                        <dd class=\"sec_dd\">\r\n                            <a href=\"https:\/\/guide.fire-emblem-heroes.com\/wp-content\/uploads\/nerthus_god_of_the_land_pop01.png\" class=\"popup-image\">\r\n                                <img decoding=\"async\" src=\"https:\/\/guide.fire-emblem-heroes.com\/wp-content\/uploads\/nerthus_god_of_the_land_info01.png\" alt=\"\" \/>\r\n                            <\/a>\r\n                        <\/dd>\r\n                        <dt id=\"CHARA_834_010\" class=\"sec_dt\">\u00c8 anche la zia di Freyr, re di Lj\u00f3s\u00e1lfheimr, e di sua sorella Freyja, regina di D\u00f6kk\u00e1lfheimr. Dea gentile, Ner\u00feuz ama tutte le creature che vivono sulla terra, sia gli animali che gli esseri umani.<\/dt>\r\n                        <dd class=\"sec_dd\">\r\n                            <a href=\"https:\/\/guide.fire-emblem-heroes.com\/wp-content\/uploads\/nerthus_god_of_the_land_pop02.png\" class=\"popup-image\">\r\n                                <img decoding=\"async\" src=\"https:\/\/guide.fire-emblem-heroes.com\/wp-content\/uploads\/nerthus_god_of_the_land_info02.png\" alt=\"\" \/>\r\n                            <\/a>\r\n                        <\/dd>\r\n                        <dt id=\"CHARA_834_011\" class=\"sec_dt\">Ora per\u00f2, dopo aver rubato l&#8217;\u00c1r, la fonte del potere di suo fratello Nj\u00f6r\u00f0r, si \u00e8 isolata nel Tempio della terra. Forse non sa che i fratelli dovrebbero andare d&#8217;amore e d&#8217;accordo?<\/dt>\r\n                        <dd class=\"sec_dd\">\r\n                            <a href=\"https:\/\/guide.fire-emblem-heroes.com\/wp-content\/uploads\/nerthus_god_of_the_land_pop03.png\" class=\"popup-image\">\r\n                                <img decoding=\"async\" src=\"https:\/\/guide.fire-emblem-heroes.com\/wp-content\/uploads\/nerthus_god_of_the_land_info03.png\" alt=\"\" \/>\r\n                            <\/a>\r\n                        <\/dd>\r\n                        <dt id=\"CHARA_834_012\" class=\"sec_dt\">Se vogliamo impedire che la maledizione di Gullveig conduca il mondo alla rovina, abbiamo bisogno del potere dell&#8217;\u00c1r. Dopo aver pregato a lungo Ner\u00feuz, alla fine ce lo ha restituito. Ancora non comprendo appieno il suo consiglio, ma adesso dovremmo essere in grado di fermare la maledizione di Gullveig!<\/dt>\r\n                        <dd class=\"sec_dd\">\r\n                            <a href=\"https:\/\/guide.fire-emblem-heroes.com\/wp-content\/uploads\/nerthus_god_of_the_land_pop04.png\" class=\"popup-image\">\r\n                                <img decoding=\"async\" src=\"https:\/\/guide.fire-emblem-heroes.com\/wp-content\/uploads\/nerthus_god_of_the_land_info04.png\" alt=\"\" \/>\r\n                            <\/a>\r\n                        <\/dd>\r\n                    <\/dl>\r\n                    <h3 id=\"CHARA_834_013\" class=\"sec_h3charatxt\">Personaggi strettamente collegati<\/h3>\r\n                    <h4 id=\"CHARA_834_014\" class=\"sec_h4charatxt\">Nj\u00f6r\u00f0r<\/h4>\r\n                    <p id=\"CHARA_834_015\" class=\"sec_charatxt\">Re di Vanaheimr, il regno della luce. \u00c8 il fratello maggiore di Ner\u00feuz.<\/p>\r\n                    <h4 id=\"CHARA_834_016\" class=\"sec_h4charatxt\">Freyr<\/h4>\r\n                    <p id=\"CHARA_834_017\" class=\"sec_charatxt\">Re di Lj\u00f3s\u00e1lfheimr, il mondo onirico. \u00c8 il nipote di Ner\u00feuz.<\/p>\r\n                    <h4 id=\"CHARA_834_018\" class=\"sec_h4charatxt\">Freyja<\/h4>\r\n                    <p id=\"CHARA_834_019\" class=\"sec_charatxt\">Regina di D\u00f6kk\u00e1lfheimr, il regno degli incubi. \u00c8 la nipote di Ner\u00feuz.<\/p>\r\n                <\/section>\r\n            <\/article>\r\n        <\/main>","protected":false},"excerpt":{"rendered":"Eroi mitici Dea della terra Ner\u00feuz Appare in Fire Emblem Heroes Lascia che sia Sharena a presentarti! Dea della terra Ner\u00feuz Ner\u00feuz \u00e8 una dea che governa la terra di Vanaheimr, il regno della luce, ed \u00e8 la sorella di Nj\u00f6r\u00f0r, il dio signore dei mari! \u00c8 anche la zia di Freyr, re di Lj\u00f3s\u00e1lfheimr, [&hellip;]","protected":false},"author":1,"featured_media":42670,"comment_status":"closed","ping_status":"closed","sticky":false,"template":"","format":"standard","meta":{"advanced_seo_description":"","jetpack_seo_html_title":"","jetpack_seo_noindex":false,"_jetpack_newsletter_access":"","_jetpack_dont_email_post_to_subs":false,"_jetpack_newsletter_tier_id":0,"_jetpack_memberships_contains_paywalled_content":false,"_locale":"it_IT","_original_post":"https:\/\/guide.fire-emblem-heroes.com\/?p=42478","_jetpack_memberships_contains_paid_content":false,"footnotes":"","jetpack_publicize_message":"","jetpack_publicize_feature_enabled":true,"jetpack_social_post_already_shared":false,"jetpack_social_options":{"image_generator_settings":{"template":"highway","default_image_id":0,"font":"","enabled":false},"version":2},"_wpas_customize_per_network":false,"jetpack_post_was_ever_published":false},"categories":[1384,1423,1385,1390],"tags":[1403],"class_list":["post-42489","post","type-post","status-publish","format-standard","has-post-thumbnail","hentry","category-character","category-ex_works_heroes","category-mythic_heroes","category-stay_heroes","tag-eroi-mitici","it-IT"],"jetpack_publicize_connections":[],"jetpack_featured_media_url":"https:\/\/guide.fire-emblem-heroes.com\/wp-content\/uploads\/nerthus_god_of_the_land.png","jetpack_sharing_enabled":false,"jetpack_shortlink":"https:\/\/wp.me\/pa0Mj3-b3j","jetpack_likes_enabled":false,"amp_enabled":false,"_links":{"self":[{"href":"https:\/\/guide.fire-emblem-heroes.com\/wp-json\/wp\/v2\/posts\/42489","targetHints":{"allow":["GET"]}}],"collection":[{"href":"https:\/\/guide.fire-emblem-heroes.com\/wp-json\/wp\/v2\/posts"}],"about":[{"href":"https:\/\/guide.fire-emblem-heroes.com\/wp-json\/wp\/v2\/types\/post"}],"author":[{"embeddable":true,"href":"https:\/\/guide.fire-emblem-heroes.com\/wp-json\/wp\/v2\/users\/1"}],"replies":[{"embeddable":true,"href":"https:\/\/guide.fire-emblem-heroes.com\/wp-json\/wp\/v2\/comments?post=42489"}],"version-history":[{"count":1,"href":"https:\/\/guide.fire-emblem-heroes.com\/wp-json\/wp\/v2\/posts\/42489\/revisions"}],"predecessor-version":[{"id":42496,"href":"https:\/\/guide.fire-emblem-heroes.com\/wp-json\/wp\/v2\/posts\/42489\/revisions\/42496"}],"wp:featuredmedia":[{"embeddable":true,"href":"https:\/\/guide.fire-emblem-heroes.com\/wp-json\/wp\/v2\/media\/42670"}],"wp:attachment":[{"href":"https:\/\/guide.fire-emblem-heroes.com\/wp-json\/wp\/v2\/media?parent=42489"}],"wp:term":[{"taxonomy":"category","embeddable":true,"href":"https:\/\/guide.fire-emblem-heroes.com\/wp-json\/wp\/v2\/categories?post=42489"},{"taxonomy":"post_tag","embeddable":true,"href":"https:\/\/guide.fire-emblem-heroes.com\/wp-json\/wp\/v2\/tags?post=42489"}],"curies":[{"name":"wp","href":"https:\/\/api.w.org\/{rel}","templated":true}]}}