






{"id":43273,"date":"2023-05-29T12:42:37","date_gmt":"2023-05-29T03:42:37","guid":{"rendered":"https:\/\/guide.fire-emblem-heroes.com\/?p=43273"},"modified":"2023-05-30T13:15:44","modified_gmt":"2023-05-30T04:15:44","slug":"06001003000054-2","status":"publish","type":"post","link":"https:\/\/guide.fire-emblem-heroes.com\/it\/06001003000054-2\/","title":{"rendered":"<span class=\"character_nick\">Il generale di Ositia<\/span><span class=\"character_name\">Hector<\/span>"},"content":{"rendered":"<main id=\"CHARA_852\" class=\"main_page character\">\r\n            <article>\r\n                <section class=\"sec sec_character\">\r\n                    <ul class=\"sec_ul sec_ul--character slick-box\">\r\n                        <li class=\"sec_li sec_li--character\">\r\n                            <img decoding=\"async\" src=\"https:\/\/guide.fire-emblem-heroes.com\/wp-content\/uploads\/hector_general_of_ostia_slide01.png\" alt=\"\" \/>\r\n                        <\/li>\r\n                        <li class=\"sec_li sec_li--character\">\r\n                            <img decoding=\"async\" src=\"https:\/\/guide.fire-emblem-heroes.com\/wp-content\/uploads\/hector_general_of_ostia_slide02.png\" alt=\"\" \/>\r\n                        <\/li>\r\n                        <li class=\"sec_li sec_li--character\">\r\n                            <img decoding=\"async\" src=\"https:\/\/guide.fire-emblem-heroes.com\/wp-content\/uploads\/hector_general_of_ostia_slide03.png\" alt=\"\" \/>\r\n                        <\/li>\r\n                        <li class=\"sec_li sec_li--character\">\r\n                            <img decoding=\"async\" src=\"https:\/\/guide.fire-emblem-heroes.com\/wp-content\/uploads\/hector_general_of_ostia_slide04.png\" alt=\"\" \/>\r\n                        <\/li>\r\n                    <\/ul>\r\n                    <div class=\"sec_charainfoarea flex\">\r\n                        <div class=\"sec_gif\"><img loading=\"lazy\" decoding=\"async\" src=\"https:\/\/guide.fire-emblem-heroes.com\/wp-content\/uploads\/hector_general_of_ostia.png\" alt=\"\" width=\"210\" height=\"190\"\/><\/div>\r\n                        <div class=\"sec_charainfo\">\r\n                            <p id=\"CHARA_852_002\" class=\"sec_characate sec_characate--heroes\">Eroi<\/p>\r\n                            <p id=\"CHARA_852_003\" class=\"sec_charanick\">Il generale di Ositia<\/p>\r\n                            <p id=\"CHARA_852_004\" class=\"sec_charaname\">Hector<\/p>\r\n                            <p id=\"CHARA_852_005\" class=\"sec_charaappearancetxt\">Appare in<\/p>\r\n                            <p id=\"CHARA_852_006\" class=\"sec_charaappearancetxt\">Fire Emblem: The Blazing Blade<\/p>\r\n                        <\/div>\r\n                    <\/div>\r\n                <\/section>\r\n            <\/article>\r\n            <article>\r\n                <section class=\"sec sec_characterarea\">\r\n                    <div class=\"sec_h2chara\">\r\n                        <p id=\"CHARA_852_007\" class=\"sec_h2charattl\">Lascia che sia Sharena a presentarti!<\/p>\r\n                        <h2 id=\"CHARA_852_008\" class=\"sec_h2charatxt\">Il generale di Ositia Hector<\/h2>\r\n                    <\/div>\r\n                    <dl class=\"sec_dl flex\">\r\n                        <dt id=\"CHARA_852_009\" class=\"sec_dt\">Membro della corte di Ositia, la famiglia che governa il territorio pi\u00f9 vasto della Lega di Lycia di Elibe, Hector \u00e8 il fratello minore dell&#8217;attuale marchese.<\/dt>\r\n                        <dd class=\"sec_dd\">\r\n                            <a href=\"https:\/\/guide.fire-emblem-heroes.com\/wp-content\/uploads\/hector_general_of_ostia_pop01.png\" class=\"popup-image\">\r\n                                <img decoding=\"async\" src=\"https:\/\/guide.fire-emblem-heroes.com\/wp-content\/uploads\/hector_general_of_ostia_info01.png\" alt=\"\" \/>\r\n                            <\/a>\r\n                        <\/dd>\r\n                        <dt id=\"CHARA_852_010\" class=\"sec_dt\">Un giorno, il padre di un vecchio amico di Hector, Eliwood, scompare. Quando Hector lo viene a sapere, si precipita ad aiutare l&#8217;amico nelle ricerche, ignorando le resistenze di quelli che lo circondano.<\/dt>\r\n                        <dd class=\"sec_dd\">\r\n                            <a href=\"https:\/\/guide.fire-emblem-heroes.com\/wp-content\/uploads\/hector_general_of_ostia_pop02.png\" class=\"popup-image\">\r\n                                <img decoding=\"async\" src=\"https:\/\/guide.fire-emblem-heroes.com\/wp-content\/uploads\/hector_general_of_ostia_info02.png\" alt=\"\" \/>\r\n                            <\/a>\r\n                        <\/dd>\r\n                        <dt id=\"CHARA_852_011\" class=\"sec_dt\">Tuttavia, poco prima di lasciare Ositia, Hector viene aggredito da un assassino, di cui non si conoscono n\u00e9 l&#8217;identit\u00e0 n\u00e9 l&#8217;obiettivo. Questo incidente lascia Hector con un profondo senso di inquietudine.<\/dt>\r\n                        <dd class=\"sec_dd\">\r\n                            <a href=\"https:\/\/guide.fire-emblem-heroes.com\/wp-content\/uploads\/hector_general_of_ostia_pop03.png\" class=\"popup-image\">\r\n                                <img decoding=\"async\" src=\"https:\/\/guide.fire-emblem-heroes.com\/wp-content\/uploads\/hector_general_of_ostia_info03.png\" alt=\"\" \/>\r\n                            <\/a>\r\n                        <\/dd>\r\n                        <dt id=\"CHARA_852_012\" class=\"sec_dt\">Cos\u00ec, temendo che qualcuno stia dando la caccia anche a Eliwood, Hector decide di lasciare Ositia il pi\u00f9 velocemente possibile per assicurarsi che il suo amico sia al sicuro!<\/dt>\r\n                        <dd class=\"sec_dd\">\r\n                            <a href=\"https:\/\/guide.fire-emblem-heroes.com\/wp-content\/uploads\/hector_general_of_ostia_pop04.png\" class=\"popup-image\">\r\n                                <img decoding=\"async\" src=\"https:\/\/guide.fire-emblem-heroes.com\/wp-content\/uploads\/hector_general_of_ostia_info04.png\" alt=\"\" \/>\r\n                            <\/a>\r\n                        <\/dd>\r\n                    <\/dl>\r\n                    <h3 id=\"CHARA_852_013\" class=\"sec_h3charatxt\">Personaggi strettamente collegati<\/h3>\r\n                    <h4 id=\"CHARA_852_014\" class=\"sec_h4charatxt\">Eliwood<\/h4>\r\n                    <p id=\"CHARA_852_015\" class=\"sec_charatxt\">Un sincero nobile di Pherae. I suoi amici Lyn e Hector sono anche suoi fedeli attendenti.<\/p>\r\n                    <h4 id=\"CHARA_852_016\" class=\"sec_h4charatxt\">Lyn<\/h4>\r\n                    <p id=\"CHARA_852_017\" class=\"sec_charatxt\">Una donna cresciuta nelle pianure, prima di scoprire di far parte del nobile casato di Caelin. \u00c8 fedele alleata di Hector.<\/p>\r\n                <\/section>\r\n            <\/article>\r\n        <\/main>","protected":false},"excerpt":{"rendered":"Eroi Il generale di Ositia Hector Appare in Fire Emblem: The Blazing Blade Lascia che sia Sharena a presentarti! Il generale di Ositia Hector Membro della corte di Ositia, la famiglia che governa il territorio pi\u00f9 vasto della Lega di Lycia di Elibe, Hector \u00e8 il fratello minore dell&#8217;attuale marchese. Un giorno, il padre di [&hellip;]","protected":false},"author":1,"featured_media":43396,"comment_status":"closed","ping_status":"closed","sticky":false,"template":"","format":"standard","meta":{"advanced_seo_description":"","jetpack_seo_html_title":"","jetpack_seo_noindex":false,"_jetpack_newsletter_access":"","_jetpack_dont_email_post_to_subs":false,"_jetpack_newsletter_tier_id":0,"_jetpack_memberships_contains_paywalled_content":false,"_locale":"it_IT","_original_post":"https:\/\/guide.fire-emblem-heroes.com\/?p=43264","_jetpack_memberships_contains_paid_content":false,"footnotes":"","jetpack_publicize_message":"","jetpack_publicize_feature_enabled":true,"jetpack_social_post_already_shared":false,"jetpack_social_options":{"image_generator_settings":{"template":"highway","default_image_id":0,"font":"","enabled":false},"version":2},"_wpas_customize_per_network":false,"jetpack_post_was_ever_published":false},"categories":[1384,1427,1415,1390],"tags":[1420],"class_list":["post-43273","post","type-post","status-publish","format-standard","has-post-thumbnail","hentry","category-character","category-ex_works_the_blazing_blade","category-heroes","category-stay_heroes","tag-eroi","it-IT"],"jetpack_publicize_connections":[],"jetpack_featured_media_url":"https:\/\/guide.fire-emblem-heroes.com\/wp-content\/uploads\/hector_general_of_ostia.png","jetpack_sharing_enabled":false,"jetpack_shortlink":"https:\/\/wp.me\/pa0Mj3-bfX","jetpack_likes_enabled":false,"amp_enabled":false,"_links":{"self":[{"href":"https:\/\/guide.fire-emblem-heroes.com\/wp-json\/wp\/v2\/posts\/43273","targetHints":{"allow":["GET"]}}],"collection":[{"href":"https:\/\/guide.fire-emblem-heroes.com\/wp-json\/wp\/v2\/posts"}],"about":[{"href":"https:\/\/guide.fire-emblem-heroes.com\/wp-json\/wp\/v2\/types\/post"}],"author":[{"embeddable":true,"href":"https:\/\/guide.fire-emblem-heroes.com\/wp-json\/wp\/v2\/users\/1"}],"replies":[{"embeddable":true,"href":"https:\/\/guide.fire-emblem-heroes.com\/wp-json\/wp\/v2\/comments?post=43273"}],"version-history":[{"count":1,"href":"https:\/\/guide.fire-emblem-heroes.com\/wp-json\/wp\/v2\/posts\/43273\/revisions"}],"predecessor-version":[{"id":43281,"href":"https:\/\/guide.fire-emblem-heroes.com\/wp-json\/wp\/v2\/posts\/43273\/revisions\/43281"}],"wp:featuredmedia":[{"embeddable":true,"href":"https:\/\/guide.fire-emblem-heroes.com\/wp-json\/wp\/v2\/media\/43396"}],"wp:attachment":[{"href":"https:\/\/guide.fire-emblem-heroes.com\/wp-json\/wp\/v2\/media?parent=43273"}],"wp:term":[{"taxonomy":"category","embeddable":true,"href":"https:\/\/guide.fire-emblem-heroes.com\/wp-json\/wp\/v2\/categories?post=43273"},{"taxonomy":"post_tag","embeddable":true,"href":"https:\/\/guide.fire-emblem-heroes.com\/wp-json\/wp\/v2\/tags?post=43273"}],"curies":[{"name":"wp","href":"https:\/\/api.w.org\/{rel}","templated":true}]}}