






{"id":43339,"date":"2023-05-29T13:14:50","date_gmt":"2023-05-29T04:14:50","guid":{"rendered":"https:\/\/guide.fire-emblem-heroes.com\/?p=43339"},"modified":"2023-05-30T13:15:41","modified_gmt":"2023-05-30T04:15:41","slug":"06001002000167-2","status":"publish","type":"post","link":"https:\/\/guide.fire-emblem-heroes.com\/it\/06001002000167-2\/","title":{"rendered":"<span class=\"character_nick\">La nobile ardita<\/span><span class=\"character_name\">Lyn<\/span>"},"content":{"rendered":"<main id=\"CHARA_855\" class=\"main_page character\">\r\n            <article>\r\n                <section class=\"sec sec_character\">\r\n                    <ul class=\"sec_ul sec_ul--character slick-box\">\r\n                        <li class=\"sec_li sec_li--character\">\r\n                            <img decoding=\"async\" src=\"https:\/\/guide.fire-emblem-heroes.com\/wp-content\/uploads\/lin_brave_lady_slide01.png\" alt=\"\" \/>\r\n                        <\/li>\r\n                        <li class=\"sec_li sec_li--character\">\r\n                            <img decoding=\"async\" src=\"https:\/\/guide.fire-emblem-heroes.com\/wp-content\/uploads\/lin_brave_lady_slide02.png\" alt=\"\" \/>\r\n                        <\/li>\r\n                        <li class=\"sec_li sec_li--character\">\r\n                            <img decoding=\"async\" src=\"https:\/\/guide.fire-emblem-heroes.com\/wp-content\/uploads\/lin_brave_lady_slide03.png\" alt=\"\" \/>\r\n                        <\/li>\r\n                        <li class=\"sec_li sec_li--character\">\r\n                            <img decoding=\"async\" src=\"https:\/\/guide.fire-emblem-heroes.com\/wp-content\/uploads\/lin_brave_lady_slide04.png\" alt=\"\" \/>\r\n                        <\/li>\r\n                    <\/ul>\r\n                    <div class=\"sec_charainfoarea flex\">\r\n                        <div class=\"sec_gif\"><img loading=\"lazy\" decoding=\"async\" src=\"https:\/\/guide.fire-emblem-heroes.com\/wp-content\/uploads\/lin_brave_lady.png\" alt=\"\" width=\"210\" height=\"190\"\/><\/div>\r\n                        <div class=\"sec_charainfo\">\r\n                            <p id=\"CHARA_855_002\" class=\"sec_characate sec_characate--heroes\">Eroi<\/p>\r\n                            <p id=\"CHARA_855_003\" class=\"sec_charanick\">La nobile ardita<\/p>\r\n                            <p id=\"CHARA_855_004\" class=\"sec_charaname\">Lyn<\/p>\r\n                            <p id=\"CHARA_855_005\" class=\"sec_charaappearancetxt\">Appare in<\/p>\r\n                            <p id=\"CHARA_855_006\" class=\"sec_charaappearancetxt\">Fire Emblem: The Blazing Blade<\/p>\r\n                        <\/div>\r\n                    <\/div>\r\n                <\/section>\r\n            <\/article>\r\n            <article>\r\n                <section class=\"sec sec_characterarea\">\r\n                    <div class=\"sec_h2chara\">\r\n                        <p id=\"CHARA_855_007\" class=\"sec_h2charattl\">Lascia che sia Sharena a presentarti!<\/p>\r\n                        <h2 id=\"CHARA_855_008\" class=\"sec_h2charatxt\">La nobile ardita Lyn<\/h2>\r\n                    <\/div>\r\n                    <dl class=\"sec_dl flex\">\r\n                        <dt id=\"CHARA_855_009\" class=\"sec_dt\">Lyn \u00e8 una giovane nobildonna del casato di Caelin, membro della Lega di Lycia di Elibe. Oggi, per\u00f2, \u00e8 in visita nell&#8217;Askr nelle sue vesti di nomade delle pianure, essendo nata e cresciuta in Sacae!<\/dt>\r\n                        <dd class=\"sec_dd\">\r\n                            <a href=\"https:\/\/guide.fire-emblem-heroes.com\/wp-content\/uploads\/lin_brave_lady_pop01.png\" class=\"popup-image\">\r\n                                <img decoding=\"async\" src=\"https:\/\/guide.fire-emblem-heroes.com\/wp-content\/uploads\/lin_brave_lady_info01.png\" alt=\"\" \/>\r\n                            <\/a>\r\n                        <\/dd>\r\n                        <dt id=\"CHARA_855_010\" class=\"sec_dt\">Lyn \u00e8 sia una spadaccina di talento che un&#8217;esperta cavallerizza. Presumo che, da nomade, debba aver passato molto tempo in mezzo ai cavalli!<\/dt>\r\n                        <dd class=\"sec_dd\">\r\n                            <a href=\"https:\/\/guide.fire-emblem-heroes.com\/wp-content\/uploads\/lin_brave_lady_pop02.png\" class=\"popup-image\">\r\n                                <img decoding=\"async\" src=\"https:\/\/guide.fire-emblem-heroes.com\/wp-content\/uploads\/lin_brave_lady_info02.png\" alt=\"\" \/>\r\n                            <\/a>\r\n                        <\/dd>\r\n                        <dt id=\"CHARA_855_011\" class=\"sec_dt\">I nomadi sono anche arcieri fantastici! Quando brandisce la leggendaria arma Mulagir, Lyn sembra un&#8217;autentica eroina. Immagino che abbia imparato molto dal padre, che era il capo della sua trib\u00f9!<\/dt>\r\n                        <dd class=\"sec_dd\">\r\n                            <a href=\"https:\/\/guide.fire-emblem-heroes.com\/wp-content\/uploads\/lin_brave_lady_pop03.png\" class=\"popup-image\">\r\n                                <img decoding=\"async\" src=\"https:\/\/guide.fire-emblem-heroes.com\/wp-content\/uploads\/lin_brave_lady_info03.png\" alt=\"\" \/>\r\n                            <\/a>\r\n                        <\/dd>\r\n                        <dt id=\"CHARA_855_012\" class=\"sec_dt\">Lyn riesce a centrare il bersaglio anche mentre \u00e8 in sella a un cavallo al galoppo. Chiss\u00e0 se anch&#8217;io sar\u00f2 mai cos\u00ec brava a tirare con l&#8217;arco&#8230; o ad andare a cavallo&#8230; o a fare entrambe le cose!<\/dt>\r\n                        <dd class=\"sec_dd\">\r\n                            <a href=\"https:\/\/guide.fire-emblem-heroes.com\/wp-content\/uploads\/lin_brave_lady_pop04.png\" class=\"popup-image\">\r\n                                <img decoding=\"async\" src=\"https:\/\/guide.fire-emblem-heroes.com\/wp-content\/uploads\/lin_brave_lady_info04.png\" alt=\"\" \/>\r\n                            <\/a>\r\n                        <\/dd>\r\n                    <\/dl>\r\n                    <h3 id=\"CHARA_855_013\" class=\"sec_h3charatxt\">Personaggi strettamente collegati<\/h3>\r\n                    <h4 id=\"CHARA_855_014\" class=\"sec_h4charatxt\">Eliwood<\/h4>\r\n                    <p id=\"CHARA_855_015\" class=\"sec_charatxt\">Un sincero nobile di Pherae. I suoi amici Lyn e Hector sono anche suoi fedeli attendenti.<\/p>\r\n                    <h4 id=\"CHARA_855_016\" class=\"sec_h4charatxt\">Hector<\/h4>\r\n                    <p id=\"CHARA_855_017\" class=\"sec_charatxt\">Fedele alleato di Eliwood e Lyn, e fratello del marchese di Ositia. Preferisce l&#8217;azione alle formalit\u00e0 di corte.<\/p>\r\n                    <h4 id=\"CHARA_855_018\" class=\"sec_h4charatxt\">Florina<\/h4>\r\n                    <p id=\"CHARA_855_019\" class=\"sec_charatxt\">La pi\u00f9 giovane delle tre sorelle e cavaliere pegaso che combattono per l&#8217;Ilia. Amante degli animali, \u00e8 timida e gentile. \u00c8 amica di Lyn.<\/p>\r\n                <\/section>\r\n            <\/article>\r\n        <\/main>","protected":false},"excerpt":{"rendered":"Eroi La nobile ardita Lyn Appare in Fire Emblem: The Blazing Blade Lascia che sia Sharena a presentarti! La nobile ardita Lyn Lyn \u00e8 una giovane nobildonna del casato di Caelin, membro della Lega di Lycia di Elibe. Oggi, per\u00f2, \u00e8 in visita nell&#8217;Askr nelle sue vesti di nomade delle pianure, essendo nata e cresciuta [&hellip;]","protected":false},"author":1,"featured_media":43422,"comment_status":"closed","ping_status":"closed","sticky":false,"template":"","format":"standard","meta":{"advanced_seo_description":"","jetpack_seo_html_title":"","jetpack_seo_noindex":false,"_jetpack_newsletter_access":"","_jetpack_dont_email_post_to_subs":false,"_jetpack_newsletter_tier_id":0,"_jetpack_memberships_contains_paywalled_content":false,"_locale":"it_IT","_original_post":"https:\/\/guide.fire-emblem-heroes.com\/?p=43330","_jetpack_memberships_contains_paid_content":false,"footnotes":"","jetpack_publicize_message":"","jetpack_publicize_feature_enabled":true,"jetpack_social_post_already_shared":false,"jetpack_social_options":{"image_generator_settings":{"template":"highway","default_image_id":0,"font":"","enabled":false},"version":2},"_wpas_customize_per_network":false,"jetpack_post_was_ever_published":false},"categories":[1384,1427,1415,1390],"tags":[1420],"class_list":["post-43339","post","type-post","status-publish","format-standard","has-post-thumbnail","hentry","category-character","category-ex_works_the_blazing_blade","category-heroes","category-stay_heroes","tag-eroi","it-IT"],"jetpack_publicize_connections":[],"jetpack_featured_media_url":"https:\/\/guide.fire-emblem-heroes.com\/wp-content\/uploads\/lin_brave_lady.png","jetpack_sharing_enabled":false,"jetpack_shortlink":"https:\/\/wp.me\/pa0Mj3-bh1","jetpack_likes_enabled":false,"amp_enabled":false,"_links":{"self":[{"href":"https:\/\/guide.fire-emblem-heroes.com\/wp-json\/wp\/v2\/posts\/43339","targetHints":{"allow":["GET"]}}],"collection":[{"href":"https:\/\/guide.fire-emblem-heroes.com\/wp-json\/wp\/v2\/posts"}],"about":[{"href":"https:\/\/guide.fire-emblem-heroes.com\/wp-json\/wp\/v2\/types\/post"}],"author":[{"embeddable":true,"href":"https:\/\/guide.fire-emblem-heroes.com\/wp-json\/wp\/v2\/users\/1"}],"replies":[{"embeddable":true,"href":"https:\/\/guide.fire-emblem-heroes.com\/wp-json\/wp\/v2\/comments?post=43339"}],"version-history":[{"count":1,"href":"https:\/\/guide.fire-emblem-heroes.com\/wp-json\/wp\/v2\/posts\/43339\/revisions"}],"predecessor-version":[{"id":43343,"href":"https:\/\/guide.fire-emblem-heroes.com\/wp-json\/wp\/v2\/posts\/43339\/revisions\/43343"}],"wp:featuredmedia":[{"embeddable":true,"href":"https:\/\/guide.fire-emblem-heroes.com\/wp-json\/wp\/v2\/media\/43422"}],"wp:attachment":[{"href":"https:\/\/guide.fire-emblem-heroes.com\/wp-json\/wp\/v2\/media?parent=43339"}],"wp:term":[{"taxonomy":"category","embeddable":true,"href":"https:\/\/guide.fire-emblem-heroes.com\/wp-json\/wp\/v2\/categories?post=43339"},{"taxonomy":"post_tag","embeddable":true,"href":"https:\/\/guide.fire-emblem-heroes.com\/wp-json\/wp\/v2\/tags?post=43339"}],"curies":[{"name":"wp","href":"https:\/\/api.w.org\/{rel}","templated":true}]}}