






{"id":47357,"date":"2023-11-27T12:08:33","date_gmt":"2023-11-27T03:08:33","guid":{"rendered":"https:\/\/guide.fire-emblem-heroes.com\/?p=47357"},"modified":"2024-11-27T13:25:55","modified_gmt":"2024-11-27T04:25:55","slug":"00007002001027-2","status":"publish","type":"post","link":"https:\/\/guide.fire-emblem-heroes.com\/it\/00007002001027-2\/","title":{"rendered":"<span class=\"character_nick\">Veggente dorata<\/span><span class=\"character_name\">Gullveig<\/span>"},"content":{"rendered":"<main id=\"CHARA_947\" class=\"main_page character\">\r\n            <article>\r\n                <section class=\"sec sec_character\">\r\n                    <ul class=\"sec_ul sec_ul--character slick-box\">\r\n                        <li class=\"sec_li sec_li--character\">\r\n                            <img decoding=\"async\" src=\"https:\/\/guide.fire-emblem-heroes.com\/wp-content\/uploads\/gullveig_golden_seer_slide01.png\" alt=\"\" \/>\r\n                        <\/li>\r\n                        <li class=\"sec_li sec_li--character\">\r\n                            <img decoding=\"async\" src=\"https:\/\/guide.fire-emblem-heroes.com\/wp-content\/uploads\/gullveig_golden_seer_slide02.png\" alt=\"\" \/>\r\n                        <\/li>\r\n                        <li class=\"sec_li sec_li--character\">\r\n                            <img decoding=\"async\" src=\"https:\/\/guide.fire-emblem-heroes.com\/wp-content\/uploads\/gullveig_golden_seer_slide03.png\" alt=\"\" \/>\r\n                        <\/li>\r\n                        <li class=\"sec_li sec_li--character\">\r\n                            <img decoding=\"async\" src=\"https:\/\/guide.fire-emblem-heroes.com\/wp-content\/uploads\/gullveig_golden_seer_slide04.png\" alt=\"\" \/>\r\n                        <\/li>\r\n                    <\/ul>\r\n                    <div class=\"sec_charainfoarea flex\">\r\n                        <div class=\"sec_gif\"><img loading=\"lazy\" decoding=\"async\" src=\"https:\/\/guide.fire-emblem-heroes.com\/wp-content\/uploads\/gullveig_golden_seer.png\" alt=\"\" width=\"210\" height=\"190\"\/><\/div>\r\n                        <div class=\"sec_charainfo\">\r\n                            <p id=\"CHARA_947_002\" class=\"sec_characate sec_characate--mythic_heroes\">Eroi mitici<\/p>\r\n                            <p id=\"CHARA_947_003\" class=\"sec_charanick\">Veggente dorata<\/p>\r\n                            <p id=\"CHARA_947_004\" class=\"sec_charaname\">Gullveig<\/p>\r\n                            <p id=\"CHARA_947_005\" class=\"sec_charaappearancetxt\">Appare in<\/p>\r\n                            <p id=\"CHARA_947_006\" class=\"sec_charaappearancetxt\">Fire Emblem Heroes<\/p>\r\n                        <\/div>\r\n                    <\/div>\r\n                <\/section>\r\n            <\/article>\r\n            <article>\r\n                <section class=\"sec sec_characterarea\">\r\n                    <div class=\"sec_h2chara\">\r\n                        <p id=\"CHARA_947_007\" class=\"sec_h2charattl\">Lascia che sia Sharena a presentarti!<\/p>\r\n                        <h2 id=\"CHARA_947_008\" class=\"sec_h2charatxt\">Veggente dorata Gullveig<\/h2>\r\n                    <\/div>\r\n                    <dl class=\"sec_dl flex\">\r\n                        <dt id=\"CHARA_947_009\" class=\"sec_dt\">Ecco la Veggente dorata, che intende usare il suo potere sul tempo per distruggere il mondo&#8230; Gullveig!<\/dt>\r\n                        <dd class=\"sec_dd\">\r\n                            <a href=\"https:\/\/guide.fire-emblem-heroes.com\/wp-content\/uploads\/gullveig_golden_seer_pop01.png\" class=\"popup-image\">\r\n                                <img decoding=\"async\" src=\"https:\/\/guide.fire-emblem-heroes.com\/wp-content\/uploads\/gullveig_golden_seer_info01.png\" alt=\"\" \/>\r\n                            <\/a>\r\n                        <\/dd>\r\n                        <dt id=\"CHARA_947_010\" class=\"sec_dt\">Non solo sa tornare indietro nel tempo per scongiurare ogni possibilit\u00e0 di sconfitta, ma riesce anche a rimandare i nemici a un momento precedente alla loro nascita, annullando cos\u00ec la loro stessa esistenza! Non riesco nemmeno a pensarci: \u00e8 orribile!<\/dt>\r\n                        <dd class=\"sec_dd\">\r\n                            <a href=\"https:\/\/guide.fire-emblem-heroes.com\/wp-content\/uploads\/gullveig_golden_seer_pop02.png\" class=\"popup-image\">\r\n                                <img decoding=\"async\" src=\"https:\/\/guide.fire-emblem-heroes.com\/wp-content\/uploads\/gullveig_golden_seer_info02.png\" alt=\"\" \/>\r\n                            <\/a>\r\n                        <\/dd>\r\n                        <dt id=\"CHARA_947_011\" class=\"sec_dt\">Ecco perch\u00e9 abbiamo ottenuto il potere da Vanaheimr, il regno della luce, per affrontare Gullveig con ogni mezzo possibile. Ma sapremo davvero battere qualcuno che ha il controllo del tempo stesso?<\/dt>\r\n                        <dd class=\"sec_dd\">\r\n                            <a href=\"https:\/\/guide.fire-emblem-heroes.com\/wp-content\/uploads\/gullveig_golden_seer_pop03.png\" class=\"popup-image\">\r\n                                <img decoding=\"async\" src=\"https:\/\/guide.fire-emblem-heroes.com\/wp-content\/uploads\/gullveig_golden_seer_info03.png\" alt=\"\" \/>\r\n                            <\/a>\r\n                        <\/dd>\r\n                        <dt id=\"CHARA_947_012\" class=\"sec_dt\">Se vogliamo una risposta, la troveremo senz&#8217;altro sepolta nel passato nascosto di Gullveig. I Guardiani di Askr continueranno a combattere per quell&#8217;unico scampolo di speranza!<\/dt>\r\n                        <dd class=\"sec_dd\">\r\n                            <a href=\"https:\/\/guide.fire-emblem-heroes.com\/wp-content\/uploads\/gullveig_golden_seer_pop04.png\" class=\"popup-image\">\r\n                                <img decoding=\"async\" src=\"https:\/\/guide.fire-emblem-heroes.com\/wp-content\/uploads\/gullveig_golden_seer_info04.png\" alt=\"\" \/>\r\n                            <\/a>\r\n                        <\/dd>\r\n                    <\/dl>\r\n                    <h3 id=\"CHARA_947_013\" class=\"sec_h3charatxt\">Personaggi strettamente collegati<\/h3>\r\n                    <h4 id=\"CHARA_947_014\" class=\"sec_h4charatxt\">Sei\u00f0r<\/h4>\r\n                    <p id=\"CHARA_947_015\" class=\"sec_charatxt\">Dea di Vanaheimr, il regno della luce. Scende sulla terra per salvare il popolo dalla distruzione. Agisce sempre con correttezza. D\u00e0 tutta se stessa per salvare Askr da Gullveig.<\/p>\r\n                    <h4 id=\"CHARA_947_016\" class=\"sec_h4charatxt\">Hei\u00f0r<\/h4>\r\n                    <p id=\"CHARA_947_017\" class=\"sec_charatxt\">Dea di Vanaheimr, il regno della luce. Pura e innocente, adora Sei\u00f0r come una sorella.<\/p>\r\n                <\/section>\r\n            <\/article>\r\n        <\/main>","protected":false},"excerpt":{"rendered":"Eroi mitici Veggente dorata Gullveig Appare in Fire Emblem Heroes Lascia che sia Sharena a presentarti! Veggente dorata Gullveig Ecco la Veggente dorata, che intende usare il suo potere sul tempo per distruggere il mondo&#8230; Gullveig! Non solo sa tornare indietro nel tempo per scongiurare ogni possibilit\u00e0 di sconfitta, ma riesce anche a rimandare i [&hellip;]","protected":false},"author":1,"featured_media":47533,"comment_status":"closed","ping_status":"closed","sticky":false,"template":"","format":"standard","meta":{"advanced_seo_description":"","jetpack_seo_html_title":"","jetpack_seo_noindex":false,"_jetpack_newsletter_access":"","_jetpack_dont_email_post_to_subs":false,"_jetpack_newsletter_tier_id":0,"_jetpack_memberships_contains_paywalled_content":false,"_locale":"it_IT","_original_post":"https:\/\/guide.fire-emblem-heroes.com\/?p=47348","_jetpack_memberships_contains_paid_content":false,"footnotes":"","jetpack_publicize_message":"","jetpack_publicize_feature_enabled":true,"jetpack_social_post_already_shared":false,"jetpack_social_options":{"image_generator_settings":{"template":"highway","default_image_id":0,"font":"","enabled":false},"version":2},"_wpas_customize_per_network":false,"jetpack_post_was_ever_published":false},"categories":[1384,1423,1385,1390],"tags":[1403],"class_list":["post-47357","post","type-post","status-publish","format-standard","has-post-thumbnail","hentry","category-character","category-ex_works_heroes","category-mythic_heroes","category-stay_heroes","tag-eroi-mitici","it-IT"],"jetpack_publicize_connections":[],"jetpack_featured_media_url":"https:\/\/guide.fire-emblem-heroes.com\/wp-content\/uploads\/gullveig_golden_seer.png","jetpack_sharing_enabled":false,"jetpack_shortlink":"https:\/\/wp.me\/pa0Mj3-cjP","jetpack_likes_enabled":false,"amp_enabled":false,"_links":{"self":[{"href":"https:\/\/guide.fire-emblem-heroes.com\/wp-json\/wp\/v2\/posts\/47357","targetHints":{"allow":["GET"]}}],"collection":[{"href":"https:\/\/guide.fire-emblem-heroes.com\/wp-json\/wp\/v2\/posts"}],"about":[{"href":"https:\/\/guide.fire-emblem-heroes.com\/wp-json\/wp\/v2\/types\/post"}],"author":[{"embeddable":true,"href":"https:\/\/guide.fire-emblem-heroes.com\/wp-json\/wp\/v2\/users\/1"}],"replies":[{"embeddable":true,"href":"https:\/\/guide.fire-emblem-heroes.com\/wp-json\/wp\/v2\/comments?post=47357"}],"version-history":[{"count":1,"href":"https:\/\/guide.fire-emblem-heroes.com\/wp-json\/wp\/v2\/posts\/47357\/revisions"}],"predecessor-version":[{"id":47367,"href":"https:\/\/guide.fire-emblem-heroes.com\/wp-json\/wp\/v2\/posts\/47357\/revisions\/47367"}],"wp:featuredmedia":[{"embeddable":true,"href":"https:\/\/guide.fire-emblem-heroes.com\/wp-json\/wp\/v2\/media\/47533"}],"wp:attachment":[{"href":"https:\/\/guide.fire-emblem-heroes.com\/wp-json\/wp\/v2\/media?parent=47357"}],"wp:term":[{"taxonomy":"category","embeddable":true,"href":"https:\/\/guide.fire-emblem-heroes.com\/wp-json\/wp\/v2\/categories?post=47357"},{"taxonomy":"post_tag","embeddable":true,"href":"https:\/\/guide.fire-emblem-heroes.com\/wp-json\/wp\/v2\/tags?post=47357"}],"curies":[{"name":"wp","href":"https:\/\/api.w.org\/{rel}","templated":true}]}}