






{"id":48272,"date":"2023-12-27T12:06:19","date_gmt":"2023-12-27T03:06:19","guid":{"rendered":"https:\/\/guide.fire-emblem-heroes.com\/?p=48272"},"modified":"2024-02-01T16:00:22","modified_gmt":"2024-02-01T07:00:22","slug":"00007001001041-2","status":"publish","type":"post","link":"https:\/\/guide.fire-emblem-heroes.com\/it\/00007001001041-2\/","title":{"rendered":"<span class=\"character_nick\">Il duo del tempo<\/span><span class=\"character_name\">Sei\u00f0r<\/span>"},"content":{"rendered":"<main id=\"CHARA_970\" class=\"main_page character\">\r\n            <article>\r\n                <section class=\"sec sec_character\">\r\n                    <ul class=\"sec_ul sec_ul--character slick-box\">\r\n                        <li class=\"sec_li sec_li--character\">\r\n                            <img decoding=\"async\" src=\"https:\/\/guide.fire-emblem-heroes.com\/wp-content\/uploads\/seith_times_goddesses_slide01.png\" alt=\"\" \/>\r\n                        <\/li>\r\n                        <li class=\"sec_li sec_li--character\">\r\n                            <img decoding=\"async\" src=\"https:\/\/guide.fire-emblem-heroes.com\/wp-content\/uploads\/seith_times_goddesses_slide02.png\" alt=\"\" \/>\r\n                        <\/li>\r\n                        <li class=\"sec_li sec_li--character\">\r\n                            <img decoding=\"async\" src=\"https:\/\/guide.fire-emblem-heroes.com\/wp-content\/uploads\/seith_times_goddesses_slide03.png\" alt=\"\" \/>\r\n                        <\/li>\r\n                        <li class=\"sec_li sec_li--character\">\r\n                            <img decoding=\"async\" src=\"https:\/\/guide.fire-emblem-heroes.com\/wp-content\/uploads\/seith_times_goddesses_slide04.png\" alt=\"\" \/>\r\n                        <\/li>\r\n                    <\/ul>\r\n                    <div class=\"sec_charainfoarea flex\">\r\n                        <div class=\"sec_gif\"><img loading=\"lazy\" decoding=\"async\" src=\"https:\/\/guide.fire-emblem-heroes.com\/wp-content\/uploads\/seith_times_goddesses.png\" alt=\"\" width=\"210\" height=\"190\"\/><\/div>\r\n                        <div class=\"sec_charainfo\">\r\n                            <p id=\"CHARA_970_002\" class=\"sec_characate sec_characate--duo_hero\">Eroi Coppia<\/p>\r\n                            <p id=\"CHARA_970_003\" class=\"sec_charanick\">Il duo del tempo<\/p>\r\n                            <p id=\"CHARA_970_004\" class=\"sec_charaname\">Sei\u00f0r<\/p>\r\n                            <p id=\"CHARA_970_005\" class=\"sec_charaappearancetxt\">Appare in<\/p>\r\n                            <p id=\"CHARA_970_006\" class=\"sec_charaappearancetxt\">Fire Emblem Heroes<\/p>\r\n                        <\/div>\r\n                    <\/div>\r\n                <\/section>\r\n            <\/article>\r\n            <article>\r\n                <section class=\"sec sec_characterarea\">\r\n                    <div class=\"sec_h2chara\">\r\n                        <p id=\"CHARA_970_007\" class=\"sec_h2charattl\">Lascia che sia Sharena a presentarti!<\/p>\r\n                        <h2 id=\"CHARA_970_008\" class=\"sec_h2charatxt\">Il duo del tempo Sei\u00f0r<\/h2>\r\n                    <\/div>\r\n                    <dl class=\"sec_dl flex\">\r\n                        <dt id=\"CHARA_970_009\" class=\"sec_dt\">Buon anno! Quest&#8217;anno due radiose dee di Vanaheimr si sono unite ai festeggiamenti di Askr e sfoggiano kimono altrettanto radiosi! Salutate Sei\u00f0r e Hei\u00f0r!<\/dt>\r\n                        <dd class=\"sec_dd\">\r\n                            <a href=\"https:\/\/guide.fire-emblem-heroes.com\/wp-content\/uploads\/seith_times_goddesses_pop01.png\" class=\"popup-image\">\r\n                                <img decoding=\"async\" src=\"https:\/\/guide.fire-emblem-heroes.com\/wp-content\/uploads\/seith_times_goddesses_info01.png\" alt=\"\" \/>\r\n                            <\/a>\r\n                        <\/dd>\r\n                        <dt id=\"CHARA_970_010\" class=\"sec_dt\">Gli abiti delle due dee sono abbinati e decorati con lo stemma di Vanaheimr sulla parte bassa del davanti. Non \u00e8 splendido il kimono di Sei\u00f0r in quella tonalit\u00e0 di rosa pallido?<\/dt>\r\n                        <dd class=\"sec_dd\">\r\n                            <a href=\"https:\/\/guide.fire-emblem-heroes.com\/wp-content\/uploads\/seith_times_goddesses_pop02.png\" class=\"popup-image\">\r\n                                <img decoding=\"async\" src=\"https:\/\/guide.fire-emblem-heroes.com\/wp-content\/uploads\/seith_times_goddesses_info02.png\" alt=\"\" \/>\r\n                            <\/a>\r\n                        <\/dd>\r\n                        <dt id=\"CHARA_970_011\" class=\"sec_dt\">Il kimono di Hei\u00f0r, in una calda sfumatura arancione, evoca immagini dell&#8217;alba del primo giorno dell&#8217;anno&#8230; Wow, questo anno nuovo mi fa gi\u00e0 sentire radiosa!<\/dt>\r\n                        <dd class=\"sec_dd\">\r\n                            <a href=\"https:\/\/guide.fire-emblem-heroes.com\/wp-content\/uploads\/seith_times_goddesses_pop03.png\" class=\"popup-image\">\r\n                                <img decoding=\"async\" src=\"https:\/\/guide.fire-emblem-heroes.com\/wp-content\/uploads\/seith_times_goddesses_info03.png\" alt=\"\" \/>\r\n                            <\/a>\r\n                        <\/dd>\r\n                        <dt id=\"CHARA_970_012\" class=\"sec_dt\">Le sorelle Sei\u00f0r e Hei\u00f0r sembrano davvero molto felici nei loro abiti di Capodanno. Auguro a entrambe un fantastico anno nuovo!<\/dt>\r\n                        <dd class=\"sec_dd\">\r\n                            <a href=\"https:\/\/guide.fire-emblem-heroes.com\/wp-content\/uploads\/seith_times_goddesses_pop04.png\" class=\"popup-image\">\r\n                                <img decoding=\"async\" src=\"https:\/\/guide.fire-emblem-heroes.com\/wp-content\/uploads\/seith_times_goddesses_info04.png\" alt=\"\" \/>\r\n                            <\/a>\r\n                        <\/dd>\r\n                    <\/dl>\r\n                    <h3 id=\"CHARA_970_013\" class=\"sec_h3charatxt\">Personaggi strettamente collegati<\/h3>\r\n                    <h4 id=\"CHARA_970_014\" class=\"sec_h4charatxt\">Gullveig<\/h4>\r\n                    <p id=\"CHARA_970_015\" class=\"sec_charatxt\">Sei\u00f0r, dea di Vanaheimr, il regno della luce, \u00e8 diventata Gullveig, la Veggente dorata.<\/p>\r\n                    <h4 id=\"CHARA_970_016\" class=\"sec_h4charatxt\">Nj\u00f6r\u00f0r<\/h4>\r\n                    <p id=\"CHARA_970_017\" class=\"sec_charatxt\">Re di Vanaheimr, il regno della luce. \u00c8 il signore di Sei\u00f0r e Hei\u00f0r.<\/p>\r\n                <\/section>\r\n            <\/article>\r\n        <\/main>","protected":false},"excerpt":{"rendered":"Eroi Coppia Il duo del tempo Sei\u00f0r Appare in Fire Emblem Heroes Lascia che sia Sharena a presentarti! Il duo del tempo Sei\u00f0r Buon anno! Quest&#8217;anno due radiose dee di Vanaheimr si sono unite ai festeggiamenti di Askr e sfoggiano kimono altrettanto radiosi! Salutate Sei\u00f0r e Hei\u00f0r! Gli abiti delle due dee sono abbinati e [&hellip;]","protected":false},"author":1,"featured_media":48433,"comment_status":"closed","ping_status":"closed","sticky":false,"template":"","format":"standard","meta":{"advanced_seo_description":"","jetpack_seo_html_title":"","jetpack_seo_noindex":false,"_jetpack_newsletter_access":"","_jetpack_dont_email_post_to_subs":false,"_jetpack_newsletter_tier_id":0,"_jetpack_memberships_contains_paywalled_content":false,"_locale":"it_IT","_original_post":"https:\/\/guide.fire-emblem-heroes.com\/?p=48263","_jetpack_memberships_contains_paid_content":false,"footnotes":"","jetpack_publicize_message":"","jetpack_publicize_feature_enabled":true,"jetpack_social_post_already_shared":false,"jetpack_social_options":{"image_generator_settings":{"template":"highway","default_image_id":0,"font":"","enabled":false},"version":2},"_wpas_customize_per_network":false,"jetpack_post_was_ever_published":false},"categories":[1384,1423,1390,1440],"tags":[1446],"class_list":["post-48272","post","type-post","status-publish","format-standard","has-post-thumbnail","hentry","category-character","category-ex_works_heroes","category-stay_heroes","category-duo_heroes","tag-eroi-coppia","it-IT"],"jetpack_publicize_connections":[],"jetpack_featured_media_url":"https:\/\/guide.fire-emblem-heroes.com\/wp-content\/uploads\/seith_times_goddesses.png","jetpack_sharing_enabled":false,"jetpack_shortlink":"https:\/\/wp.me\/pa0Mj3-cyA","jetpack_likes_enabled":false,"amp_enabled":false,"_links":{"self":[{"href":"https:\/\/guide.fire-emblem-heroes.com\/wp-json\/wp\/v2\/posts\/48272","targetHints":{"allow":["GET"]}}],"collection":[{"href":"https:\/\/guide.fire-emblem-heroes.com\/wp-json\/wp\/v2\/posts"}],"about":[{"href":"https:\/\/guide.fire-emblem-heroes.com\/wp-json\/wp\/v2\/types\/post"}],"author":[{"embeddable":true,"href":"https:\/\/guide.fire-emblem-heroes.com\/wp-json\/wp\/v2\/users\/1"}],"replies":[{"embeddable":true,"href":"https:\/\/guide.fire-emblem-heroes.com\/wp-json\/wp\/v2\/comments?post=48272"}],"version-history":[{"count":1,"href":"https:\/\/guide.fire-emblem-heroes.com\/wp-json\/wp\/v2\/posts\/48272\/revisions"}],"predecessor-version":[{"id":48282,"href":"https:\/\/guide.fire-emblem-heroes.com\/wp-json\/wp\/v2\/posts\/48272\/revisions\/48282"}],"wp:featuredmedia":[{"embeddable":true,"href":"https:\/\/guide.fire-emblem-heroes.com\/wp-json\/wp\/v2\/media\/48433"}],"wp:attachment":[{"href":"https:\/\/guide.fire-emblem-heroes.com\/wp-json\/wp\/v2\/media?parent=48272"}],"wp:term":[{"taxonomy":"category","embeddable":true,"href":"https:\/\/guide.fire-emblem-heroes.com\/wp-json\/wp\/v2\/categories?post=48272"},{"taxonomy":"post_tag","embeddable":true,"href":"https:\/\/guide.fire-emblem-heroes.com\/wp-json\/wp\/v2\/tags?post=48272"}],"curies":[{"name":"wp","href":"https:\/\/api.w.org\/{rel}","templated":true}]}}