






{"id":48293,"date":"2023-12-27T12:13:52","date_gmt":"2023-12-27T03:13:52","guid":{"rendered":"https:\/\/guide.fire-emblem-heroes.com\/?p=48293"},"modified":"2024-02-01T16:02:36","modified_gmt":"2024-02-01T07:02:36","slug":"00007011001042-2","status":"publish","type":"post","link":"https:\/\/guide.fire-emblem-heroes.com\/it\/00007011001042-2\/","title":{"rendered":"<span class=\"character_nick\">La dea premurosa<\/span><span class=\"character_name\">Ner\u00feuz<\/span>"},"content":{"rendered":"<main id=\"CHARA_971\" class=\"main_page character\">\r\n            <article>\r\n                <section class=\"sec sec_character\">\r\n                    <ul class=\"sec_ul sec_ul--character slick-box\">\r\n                        <li class=\"sec_li sec_li--character\">\r\n                            <img decoding=\"async\" src=\"https:\/\/guide.fire-emblem-heroes.com\/wp-content\/uploads\/nerthus_new-year_doter_slide01.png\" alt=\"\" \/>\r\n                        <\/li>\r\n                        <li class=\"sec_li sec_li--character\">\r\n                            <img decoding=\"async\" src=\"https:\/\/guide.fire-emblem-heroes.com\/wp-content\/uploads\/nerthus_new-year_doter_slide02.png\" alt=\"\" \/>\r\n                        <\/li>\r\n                        <li class=\"sec_li sec_li--character\">\r\n                            <img decoding=\"async\" src=\"https:\/\/guide.fire-emblem-heroes.com\/wp-content\/uploads\/nerthus_new-year_doter_slide03.png\" alt=\"\" \/>\r\n                        <\/li>\r\n                        <li class=\"sec_li sec_li--character\">\r\n                            <img decoding=\"async\" src=\"https:\/\/guide.fire-emblem-heroes.com\/wp-content\/uploads\/nerthus_new-year_doter_slide04.png\" alt=\"\" \/>\r\n                        <\/li>\r\n                    <\/ul>\r\n                    <div class=\"sec_charainfoarea flex\">\r\n                        <div class=\"sec_gif\"><img loading=\"lazy\" decoding=\"async\" src=\"https:\/\/guide.fire-emblem-heroes.com\/wp-content\/uploads\/nerthus_new-year_doter.png\" alt=\"\" width=\"210\" height=\"190\"\/><\/div>\r\n                        <div class=\"sec_charainfo\">\r\n                            <p id=\"CHARA_971_002\" class=\"sec_characate sec_characate--special_heroes\">Eroi speciali<\/p>\r\n                            <p id=\"CHARA_971_003\" class=\"sec_charanick\">La dea premurosa<\/p>\r\n                            <p id=\"CHARA_971_004\" class=\"sec_charaname\">Ner\u00feuz<\/p>\r\n                            <p id=\"CHARA_971_005\" class=\"sec_charaappearancetxt\">Appare in<\/p>\r\n                            <p id=\"CHARA_971_006\" class=\"sec_charaappearancetxt\">Fire Emblem Heroes<\/p>\r\n                        <\/div>\r\n                    <\/div>\r\n                <\/section>\r\n            <\/article>\r\n            <article>\r\n                <section class=\"sec sec_characterarea\">\r\n                    <div class=\"sec_h2chara\">\r\n                        <p id=\"CHARA_971_007\" class=\"sec_h2charattl\">Lascia che sia Sharena a presentarti!<\/p>\r\n                        <h2 id=\"CHARA_971_008\" class=\"sec_h2charatxt\">La dea premurosa Ner\u00feuz<\/h2>\r\n                    <\/div>\r\n                    <dl class=\"sec_dl flex\">\r\n                        <dt id=\"CHARA_971_009\" class=\"sec_dt\">Un&#8217;ospite eccezionale proveniente da Vanaheimr si \u00e8 unita a noi per festeggiare il nuovo anno ad Askr! Ecco Ner\u00feuz, la dea della terra, che indossa per l&#8217;occasione un kimono speciale!<\/dt>\r\n                        <dd class=\"sec_dd\">\r\n                            <a href=\"https:\/\/guide.fire-emblem-heroes.com\/wp-content\/uploads\/nerthus_new-year_doter_pop01.png\" class=\"popup-image\">\r\n                                <img decoding=\"async\" src=\"https:\/\/guide.fire-emblem-heroes.com\/wp-content\/uploads\/nerthus_new-year_doter_info01.png\" alt=\"\" \/>\r\n                            <\/a>\r\n                        <\/dd>\r\n                        <dt id=\"CHARA_971_010\" class=\"sec_dt\">Questo abito di straordinaria eleganza \u00e8 decorato con un raffinato motivo nero e viola. Un capo perfetto per esaltare il fascino di Ner\u00feuz!<\/dt>\r\n                        <dd class=\"sec_dd\">\r\n                            <a href=\"https:\/\/guide.fire-emblem-heroes.com\/wp-content\/uploads\/nerthus_new-year_doter_pop02.png\" class=\"popup-image\">\r\n                                <img decoding=\"async\" src=\"https:\/\/guide.fire-emblem-heroes.com\/wp-content\/uploads\/nerthus_new-year_doter_info02.png\" alt=\"\" \/>\r\n                            <\/a>\r\n                        <\/dd>\r\n                        <dt id=\"CHARA_971_011\" class=\"sec_dt\">Avrete anche notato che tiene in mano una piccola gru di carta. Ho sentito dire che \u00e8 un regalo di uno dei bambini, non \u00e8 tenerissimo?<\/dt>\r\n                        <dd class=\"sec_dd\">\r\n                            <a href=\"https:\/\/guide.fire-emblem-heroes.com\/wp-content\/uploads\/nerthus_new-year_doter_pop03.png\" class=\"popup-image\">\r\n                                <img decoding=\"async\" src=\"https:\/\/guide.fire-emblem-heroes.com\/wp-content\/uploads\/nerthus_new-year_doter_info03.png\" alt=\"\" \/>\r\n                            <\/a>\r\n                        <\/dd>\r\n                        <dt id=\"CHARA_971_012\" class=\"sec_dt\">Ner\u00feuz ama ogni creatura che vive sulla terra. Dopo aver visto il suo spettacolare kimono, sono sicura che ci aspetter\u00e0 un anno fantastico!<\/dt>\r\n                        <dd class=\"sec_dd\">\r\n                            <a href=\"https:\/\/guide.fire-emblem-heroes.com\/wp-content\/uploads\/nerthus_new-year_doter_pop04.png\" class=\"popup-image\">\r\n                                <img decoding=\"async\" src=\"https:\/\/guide.fire-emblem-heroes.com\/wp-content\/uploads\/nerthus_new-year_doter_info04.png\" alt=\"\" \/>\r\n                            <\/a>\r\n                        <\/dd>\r\n                    <\/dl>\r\n                    <h3 id=\"CHARA_971_013\" class=\"sec_h3charatxt\">Personaggi strettamente collegati<\/h3>\r\n                    <h4 id=\"CHARA_971_014\" class=\"sec_h4charatxt\">Freyr<\/h4>\r\n                    <p id=\"CHARA_971_015\" class=\"sec_charatxt\">Re di Lj\u00f3s\u00e1lfheimr, il mondo onirico. \u00c8 il nipote di Ner\u00feuz.<\/p>\r\n                    <h4 id=\"CHARA_971_016\" class=\"sec_h4charatxt\">Freyja<\/h4>\r\n                    <p id=\"CHARA_971_017\" class=\"sec_charatxt\">Regina di D\u00f6kk\u00e1lfheimr, la terra degli incubi. \u00c8 la nipote di Ner\u00feuz.<\/p>\r\n                    <h4 id=\"CHARA_971_018\" class=\"sec_h4charatxt\">Nj\u00f6r\u00f0r<\/h4>\r\n                    <p id=\"CHARA_971_019\" class=\"sec_charatxt\">Re di Vanaheimr, il regno della luce. \u00c8 il fratello maggiore di Ner\u00feuz.<\/p>\r\n                <\/section>\r\n            <\/article>\r\n        <\/main>","protected":false},"excerpt":{"rendered":"Eroi speciali La dea premurosa Ner\u00feuz Appare in Fire Emblem Heroes Lascia che sia Sharena a presentarti! La dea premurosa Ner\u00feuz Un&#8217;ospite eccezionale proveniente da Vanaheimr si \u00e8 unita a noi per festeggiare il nuovo anno ad Askr! Ecco Ner\u00feuz, la dea della terra, che indossa per l&#8217;occasione un kimono speciale! Questo abito di straordinaria [&hellip;]","protected":false},"author":1,"featured_media":48420,"comment_status":"closed","ping_status":"closed","sticky":false,"template":"","format":"standard","meta":{"advanced_seo_description":"","jetpack_seo_html_title":"","jetpack_seo_noindex":false,"_jetpack_newsletter_access":"","_jetpack_dont_email_post_to_subs":false,"_jetpack_newsletter_tier_id":0,"_jetpack_memberships_contains_paywalled_content":false,"_locale":"it_IT","_original_post":"https:\/\/guide.fire-emblem-heroes.com\/?p=48284","_jetpack_memberships_contains_paid_content":false,"footnotes":"","jetpack_publicize_message":"","jetpack_publicize_feature_enabled":true,"jetpack_social_post_already_shared":false,"jetpack_social_options":{"image_generator_settings":{"template":"highway","default_image_id":0,"font":"","enabled":false},"version":2},"_wpas_customize_per_network":false,"jetpack_post_was_ever_published":false},"categories":[1384,1423,1405,1390],"tags":[1411],"class_list":["post-48293","post","type-post","status-publish","format-standard","has-post-thumbnail","hentry","category-character","category-ex_works_heroes","category-special_heroes","category-stay_heroes","tag-eroi-speciali","it-IT"],"jetpack_publicize_connections":[],"jetpack_featured_media_url":"https:\/\/guide.fire-emblem-heroes.com\/wp-content\/uploads\/nerthus_new-year_doter.png","jetpack_sharing_enabled":false,"jetpack_shortlink":"https:\/\/wp.me\/pa0Mj3-cyV","jetpack_likes_enabled":false,"amp_enabled":false,"_links":{"self":[{"href":"https:\/\/guide.fire-emblem-heroes.com\/wp-json\/wp\/v2\/posts\/48293","targetHints":{"allow":["GET"]}}],"collection":[{"href":"https:\/\/guide.fire-emblem-heroes.com\/wp-json\/wp\/v2\/posts"}],"about":[{"href":"https:\/\/guide.fire-emblem-heroes.com\/wp-json\/wp\/v2\/types\/post"}],"author":[{"embeddable":true,"href":"https:\/\/guide.fire-emblem-heroes.com\/wp-json\/wp\/v2\/users\/1"}],"replies":[{"embeddable":true,"href":"https:\/\/guide.fire-emblem-heroes.com\/wp-json\/wp\/v2\/comments?post=48293"}],"version-history":[{"count":1,"href":"https:\/\/guide.fire-emblem-heroes.com\/wp-json\/wp\/v2\/posts\/48293\/revisions"}],"predecessor-version":[{"id":48304,"href":"https:\/\/guide.fire-emblem-heroes.com\/wp-json\/wp\/v2\/posts\/48293\/revisions\/48304"}],"wp:featuredmedia":[{"embeddable":true,"href":"https:\/\/guide.fire-emblem-heroes.com\/wp-json\/wp\/v2\/media\/48420"}],"wp:attachment":[{"href":"https:\/\/guide.fire-emblem-heroes.com\/wp-json\/wp\/v2\/media?parent=48293"}],"wp:term":[{"taxonomy":"category","embeddable":true,"href":"https:\/\/guide.fire-emblem-heroes.com\/wp-json\/wp\/v2\/categories?post=48293"},{"taxonomy":"post_tag","embeddable":true,"href":"https:\/\/guide.fire-emblem-heroes.com\/wp-json\/wp\/v2\/tags?post=48293"}],"curies":[{"name":"wp","href":"https:\/\/api.w.org\/{rel}","templated":true}]}}