






{"id":49973,"date":"2024-03-05T11:18:36","date_gmt":"2024-03-05T02:18:36","guid":{"rendered":"https:\/\/guide.fire-emblem-heroes.com\/?p=49973"},"modified":"2024-04-08T16:02:46","modified_gmt":"2024-04-08T07:02:46","slug":"14001006001070-2","status":"publish","type":"post","link":"https:\/\/guide.fire-emblem-heroes.com\/it\/14001006001070-2\/","title":{"rendered":"<span class=\"character_nick\">Gioia primaverile<\/span><span class=\"character_name\">Framme<\/span>"},"content":{"rendered":"<main id=\"CHARA_1009\" class=\"main_page character\">\r\n            <article>\r\n                <section class=\"sec sec_character\">\r\n                    <ul class=\"sec_ul sec_ul--character slick-box\">\r\n                        <li class=\"sec_li sec_li--character\">\r\n                            <img decoding=\"async\" src=\"https:\/\/guide.fire-emblem-heroes.com\/wp-content\/uploads\/fram_spring_fangirl_slide01.png\" alt=\"\" \/>\r\n                        <\/li>\r\n                        <li class=\"sec_li sec_li--character\">\r\n                            <img decoding=\"async\" src=\"https:\/\/guide.fire-emblem-heroes.com\/wp-content\/uploads\/fram_spring_fangirl_slide02.png\" alt=\"\" \/>\r\n                        <\/li>\r\n                        <li class=\"sec_li sec_li--character\">\r\n                            <img decoding=\"async\" src=\"https:\/\/guide.fire-emblem-heroes.com\/wp-content\/uploads\/fram_spring_fangirl_slide03.png\" alt=\"\" \/>\r\n                        <\/li>\r\n                        <li class=\"sec_li sec_li--character\">\r\n                            <img decoding=\"async\" src=\"https:\/\/guide.fire-emblem-heroes.com\/wp-content\/uploads\/fram_spring_fangirl_slide04.png\" alt=\"\" \/>\r\n                        <\/li>\r\n                    <\/ul>\r\n                    <div class=\"sec_charainfoarea flex\">\r\n                        <div class=\"sec_gif\"><img loading=\"lazy\" decoding=\"async\" src=\"https:\/\/guide.fire-emblem-heroes.com\/wp-content\/uploads\/fram_spring_fangirl.png\" alt=\"\" width=\"210\" height=\"190\"\/><\/div>\r\n                        <div class=\"sec_charainfo\">\r\n                            <p id=\"CHARA_1009_002\" class=\"sec_characate sec_characate--special_heroes\">Eroi speciali<\/p>\r\n                            <p id=\"CHARA_1009_003\" class=\"sec_charanick\">Gioia primaverile<\/p>\r\n                            <p id=\"CHARA_1009_004\" class=\"sec_charaname\">Framme<\/p>\r\n                            <p id=\"CHARA_1009_005\" class=\"sec_charaappearancetxt\">Appare in<\/p>\r\n                            <p id=\"CHARA_1009_006\" class=\"sec_charaappearancetxt\">Fire Emblem Engage<\/p>\r\n                        <\/div>\r\n                    <\/div>\r\n                <\/section>\r\n            <\/article>\r\n            <article>\r\n                <section class=\"sec sec_characterarea\">\r\n                    <div class=\"sec_h2chara\">\r\n                        <p id=\"CHARA_1009_007\" class=\"sec_h2charattl\">Lascia che sia Sharena a presentarti!<\/p>\r\n                        <h2 id=\"CHARA_1009_008\" class=\"sec_h2charatxt\">Gioia primaverile Framme<\/h2>\r\n                    <\/div>\r\n                    <dl class=\"sec_dl flex\">\r\n                        <dt id=\"CHARA_1009_009\" class=\"sec_dt\">Un&#8217;ospite carinissima \u00e8 venuta fin da Elyos per unirsi a noi alla festa di primavera dell&#8217;Askr! Si tratta di Framme, una dei valletti del Drago Divino, proveniente dalla terra sacra di Lythos. \u00c8 vestita da coniglietto per i festeggiamenti!<\/dt>\r\n                        <dd class=\"sec_dd\">\r\n                            <a href=\"https:\/\/guide.fire-emblem-heroes.com\/wp-content\/uploads\/fram_spring_fangirl_pop01.png\" class=\"popup-image\">\r\n                                <img decoding=\"async\" src=\"https:\/\/guide.fire-emblem-heroes.com\/wp-content\/uploads\/fram_spring_fangirl_info01.png\" alt=\"\" \/>\r\n                            <\/a>\r\n                        <\/dd>\r\n                        <dt id=\"CHARA_1009_010\" class=\"sec_dt\">Con quella faccia buffa e quelle grandi orecchie penzolanti, il complemento del suo outfit che spicca di pi\u00f9 \u00e8 senz&#8217;altro il cappello, ma ovviamente anche la codina da coniglietto merita una menzione d&#8217;onore!<\/dt>\r\n                        <dd class=\"sec_dd\">\r\n                            <a href=\"https:\/\/guide.fire-emblem-heroes.com\/wp-content\/uploads\/fram_spring_fangirl_pop02.png\" class=\"popup-image\">\r\n                                <img decoding=\"async\" src=\"https:\/\/guide.fire-emblem-heroes.com\/wp-content\/uploads\/fram_spring_fangirl_info02.png\" alt=\"\" \/>\r\n                            <\/a>\r\n                        <\/dd>\r\n                        <dt id=\"CHARA_1009_011\" class=\"sec_dt\">Perfino l&#8217;ascia che ha portato con s\u00e9 per l&#8217;occasione \u00e8 impreziosita da decorazioni primaverili! Ci sono uova che ricordano il Drago Divino Alear, di cui \u00e8 servitrice, suo fratello gemello, Clanne, e il precedente valletto del drago, Vander!<\/dt>\r\n                        <dd class=\"sec_dd\">\r\n                            <a href=\"https:\/\/guide.fire-emblem-heroes.com\/wp-content\/uploads\/fram_spring_fangirl_pop03.png\" class=\"popup-image\">\r\n                                <img decoding=\"async\" src=\"https:\/\/guide.fire-emblem-heroes.com\/wp-content\/uploads\/fram_spring_fangirl_info03.png\" alt=\"\" \/>\r\n                            <\/a>\r\n                        <\/dd>\r\n                        <dt id=\"CHARA_1009_012\" class=\"sec_dt\">Che bello che abbia trovato un modo per includere le persone che ama di pi\u00f9 nel suo outfit. Scommetto che Framme sarebbe entusiasta se Alear la vedesse vestita cos\u00ec!<\/dt>\r\n                        <dd class=\"sec_dd\">\r\n                            <a href=\"https:\/\/guide.fire-emblem-heroes.com\/wp-content\/uploads\/fram_spring_fangirl_pop04.png\" class=\"popup-image\">\r\n                                <img decoding=\"async\" src=\"https:\/\/guide.fire-emblem-heroes.com\/wp-content\/uploads\/fram_spring_fangirl_info04.png\" alt=\"\" \/>\r\n                            <\/a>\r\n                        <\/dd>\r\n                    <\/dl>\r\n                    <h3 id=\"CHARA_1009_013\" class=\"sec_h3charatxt\">Personaggi strettamente collegati<\/h3>\r\n                    <h4 id=\"CHARA_1009_014\" class=\"sec_h4charatxt\">Alear<\/h4>\r\n                    <p id=\"CHARA_1009_015\" class=\"sec_charatxt\">Erede del Drago Divino, si \u00e8 appena svegliata da un lungo sonno. Evoca gli emblemi per riportare la pace. Framme \u00e8 al suo servizio.<\/p>\r\n                    <h4 id=\"CHARA_1009_016\" class=\"sec_h4charatxt\">Clanne<\/h4>\r\n                    <p id=\"CHARA_1009_017\" class=\"sec_charatxt\">Fratello di Framme, \u00e8 uno dei due gemelli che ricoprono la carica di valletti del Drago Divino di trentatreesima generazione. Ha una personalit\u00e0 riservata e riflessiva.<\/p>\r\n                <\/section>\r\n            <\/article>\r\n        <\/main>","protected":false},"excerpt":{"rendered":"Eroi speciali Gioia primaverile Framme Appare in Fire Emblem Engage Lascia che sia Sharena a presentarti! Gioia primaverile Framme Un&#8217;ospite carinissima \u00e8 venuta fin da Elyos per unirsi a noi alla festa di primavera dell&#8217;Askr! Si tratta di Framme, una dei valletti del Drago Divino, proveniente dalla terra sacra di Lythos. \u00c8 vestita da coniglietto [&hellip;]","protected":false},"author":1,"featured_media":50081,"comment_status":"closed","ping_status":"closed","sticky":false,"template":"","format":"standard","meta":{"advanced_seo_description":"","jetpack_seo_html_title":"","jetpack_seo_noindex":false,"_jetpack_newsletter_access":"","_jetpack_dont_email_post_to_subs":false,"_jetpack_newsletter_tier_id":0,"_jetpack_memberships_contains_paywalled_content":false,"_locale":"it_IT","_original_post":"https:\/\/guide.fire-emblem-heroes.com\/?p=49964","_jetpack_memberships_contains_paid_content":false,"footnotes":"","jetpack_publicize_message":"","jetpack_publicize_feature_enabled":true,"jetpack_social_post_already_shared":false,"jetpack_social_options":{"image_generator_settings":{"template":"highway","default_image_id":0,"font":"","enabled":false},"version":2},"_wpas_customize_per_network":false,"jetpack_post_was_ever_published":false},"categories":[1512,1384,1405,1390],"tags":[1411],"class_list":["post-49973","post","type-post","status-publish","format-standard","has-post-thumbnail","hentry","category-ex_works_engage","category-character","category-special_heroes","category-stay_heroes","tag-eroi-speciali","it-IT"],"jetpack_publicize_connections":[],"jetpack_featured_media_url":"https:\/\/guide.fire-emblem-heroes.com\/wp-content\/uploads\/fram_spring_fangirl.png","jetpack_sharing_enabled":false,"jetpack_shortlink":"https:\/\/wp.me\/pa0Mj3-d01","jetpack_likes_enabled":false,"amp_enabled":false,"_links":{"self":[{"href":"https:\/\/guide.fire-emblem-heroes.com\/wp-json\/wp\/v2\/posts\/49973","targetHints":{"allow":["GET"]}}],"collection":[{"href":"https:\/\/guide.fire-emblem-heroes.com\/wp-json\/wp\/v2\/posts"}],"about":[{"href":"https:\/\/guide.fire-emblem-heroes.com\/wp-json\/wp\/v2\/types\/post"}],"author":[{"embeddable":true,"href":"https:\/\/guide.fire-emblem-heroes.com\/wp-json\/wp\/v2\/users\/1"}],"replies":[{"embeddable":true,"href":"https:\/\/guide.fire-emblem-heroes.com\/wp-json\/wp\/v2\/comments?post=49973"}],"version-history":[{"count":1,"href":"https:\/\/guide.fire-emblem-heroes.com\/wp-json\/wp\/v2\/posts\/49973\/revisions"}],"predecessor-version":[{"id":49981,"href":"https:\/\/guide.fire-emblem-heroes.com\/wp-json\/wp\/v2\/posts\/49973\/revisions\/49981"}],"wp:featuredmedia":[{"embeddable":true,"href":"https:\/\/guide.fire-emblem-heroes.com\/wp-json\/wp\/v2\/media\/50081"}],"wp:attachment":[{"href":"https:\/\/guide.fire-emblem-heroes.com\/wp-json\/wp\/v2\/media?parent=49973"}],"wp:term":[{"taxonomy":"category","embeddable":true,"href":"https:\/\/guide.fire-emblem-heroes.com\/wp-json\/wp\/v2\/categories?post=49973"},{"taxonomy":"post_tag","embeddable":true,"href":"https:\/\/guide.fire-emblem-heroes.com\/wp-json\/wp\/v2\/tags?post=49973"}],"curies":[{"name":"wp","href":"https:\/\/api.w.org\/{rel}","templated":true}]}}