






{"id":53777,"date":"2024-08-28T12:07:22","date_gmt":"2024-08-28T03:07:22","guid":{"rendered":"https:\/\/guide.fire-emblem-heroes.com\/?p=53777"},"modified":"2024-09-04T12:58:16","modified_gmt":"2024-09-04T03:58:16","slug":"09002001000277-2","status":"publish","type":"post","link":"https:\/\/guide.fire-emblem-heroes.com\/it\/09002001000277-2\/","title":{"rendered":"<span class=\"character_nick\">La dama estiva<\/span><span class=\"character_name\">Elincia<\/span>"},"content":{"rendered":"<main id=\"CHARA_1098\" class=\"main_page character\">\r\n            <article>\r\n                <section class=\"sec sec_character\">\r\n                    <ul class=\"sec_ul sec_ul--character slick-box\">\r\n                        <li class=\"sec_li sec_li--character\">\r\n                            <img decoding=\"async\" src=\"https:\/\/guide.fire-emblem-heroes.com\/wp-content\/uploads\/erincia_estival_princess_slide01.png\" alt=\"\" \/>\r\n                        <\/li>\r\n                        <li class=\"sec_li sec_li--character\">\r\n                            <img decoding=\"async\" src=\"https:\/\/guide.fire-emblem-heroes.com\/wp-content\/uploads\/erincia_estival_princess_slide02.png\" alt=\"\" \/>\r\n                        <\/li>\r\n                        <li class=\"sec_li sec_li--character\">\r\n                            <img decoding=\"async\" src=\"https:\/\/guide.fire-emblem-heroes.com\/wp-content\/uploads\/erincia_estival_princess_slide03.png\" alt=\"\" \/>\r\n                        <\/li>\r\n                        <li class=\"sec_li sec_li--character\">\r\n                            <img decoding=\"async\" src=\"https:\/\/guide.fire-emblem-heroes.com\/wp-content\/uploads\/erincia_estival_princess_slide04.png\" alt=\"\" \/>\r\n                        <\/li>\r\n                    <\/ul>\r\n                    <div class=\"sec_charainfoarea flex\">\r\n                        <div class=\"sec_gif\"><img loading=\"lazy\" decoding=\"async\" src=\"https:\/\/guide.fire-emblem-heroes.com\/wp-content\/uploads\/erincia_estival_princess.png\" alt=\"\" width=\"210\" height=\"190\"\/><\/div>\r\n                        <div class=\"sec_charainfo\">\r\n                            <p id=\"CHARA_1098_002\" class=\"sec_characate sec_characate--special_heroes\">Eroi speciali<\/p>\r\n                            <p id=\"CHARA_1098_003\" class=\"sec_charanick\">La dama estiva<\/p>\r\n                            <p id=\"CHARA_1098_004\" class=\"sec_charaname\">Elincia<\/p>\r\n                            <p id=\"CHARA_1098_005\" class=\"sec_charaappearancetxt\">Appare in<\/p>\r\n                            <p id=\"CHARA_1098_006\" class=\"sec_charaappearancetxt\">Fire Emblem: Radiant Dawn<\/p>\r\n                        <\/div>\r\n                    <\/div>\r\n                <\/section>\r\n            <\/article>\r\n            <article>\r\n                <section class=\"sec sec_characterarea\">\r\n                    <div class=\"sec_h2chara\">\r\n                        <p id=\"CHARA_1098_007\" class=\"sec_h2charattl\">Lascia che sia Sharena a presentarti!<\/p>\r\n                        <h2 id=\"CHARA_1098_008\" class=\"sec_h2charatxt\">La dama estiva Elincia<\/h2>\r\n                    <\/div>\r\n                    <dl class=\"sec_dl flex\">\r\n                        <dt id=\"CHARA_1098_009\" class=\"sec_dt\">Elincia da Ozna, un regno del Tellius, ed \u00e8 qui per la festa dell&#8217;estate!<\/dt>\r\n                        <dd class=\"sec_dd\">\r\n                            <a href=\"https:\/\/guide.fire-emblem-heroes.com\/wp-content\/uploads\/erincia_estival_princess_pop01.png\" class=\"popup-image\">\r\n                                <img decoding=\"async\" src=\"https:\/\/guide.fire-emblem-heroes.com\/wp-content\/uploads\/erincia_estival_princess_info01.png\" alt=\"\" \/>\r\n                            <\/a>\r\n                        <\/dd>\r\n                        <dt id=\"CHARA_1098_010\" class=\"sec_dt\">Per l&#8217;occasione, Elincia indossa uno yukata che le \u00e8 stato regalato in segno di amicizia. Si \u00e8 unita alla danza della festa dell&#8217;estate, in cui si balla tutti insieme in cerchio!<\/dt>\r\n                        <dd class=\"sec_dd\">\r\n                            <a href=\"https:\/\/guide.fire-emblem-heroes.com\/wp-content\/uploads\/erincia_estival_princess_pop02.png\" class=\"popup-image\">\r\n                                <img decoding=\"async\" src=\"https:\/\/guide.fire-emblem-heroes.com\/wp-content\/uploads\/erincia_estival_princess_info02.png\" alt=\"\" \/>\r\n                            <\/a>\r\n                        <\/dd>\r\n                        <dt id=\"CHARA_1098_011\" class=\"sec_dt\">Il ventaglio che porta con s\u00e9 \u00e8 realizzato in uno stile particolare con dei nastri decorativi su ogni estremit\u00e0 e, a quanto pare, all&#8217;occorrenza funge anche da arma!<\/dt>\r\n                        <dd class=\"sec_dd\">\r\n                            <a href=\"https:\/\/guide.fire-emblem-heroes.com\/wp-content\/uploads\/erincia_estival_princess_pop03.png\" class=\"popup-image\">\r\n                                <img decoding=\"async\" src=\"https:\/\/guide.fire-emblem-heroes.com\/wp-content\/uploads\/erincia_estival_princess_info03.png\" alt=\"\" \/>\r\n                            <\/a>\r\n                        <\/dd>\r\n                        <dt id=\"CHARA_1098_012\" class=\"sec_dt\">Elincia ha conosciuto persone di ogni tipo alla festa dell&#8217;estate e dice che da questa esperienza ha tratto nuova ispirazione per continuare a battersi per la felicit\u00e0 degli altri!<\/dt>\r\n                        <dd class=\"sec_dd\">\r\n                            <a href=\"https:\/\/guide.fire-emblem-heroes.com\/wp-content\/uploads\/erincia_estival_princess_pop04.png\" class=\"popup-image\">\r\n                                <img decoding=\"async\" src=\"https:\/\/guide.fire-emblem-heroes.com\/wp-content\/uploads\/erincia_estival_princess_info04.png\" alt=\"\" \/>\r\n                            <\/a>\r\n                        <\/dd>\r\n                    <\/dl>\r\n                    <h3 id=\"CHARA_1098_013\" class=\"sec_h3charatxt\">Personaggi strettamente collegati<\/h3>\r\n                    <h4 id=\"CHARA_1098_014\" class=\"sec_h4charatxt\">Ike<\/h4>\r\n                    <p id=\"CHARA_1098_015\" class=\"sec_charatxt\">Un giovane gentile ma stoico che ha assunto il comando della banda di mercenari del padre. Ha salvato la vita di Elincia.<\/p>\r\n                    <h4 id=\"CHARA_1098_016\" class=\"sec_h4charatxt\">Lucia<\/h4>\r\n                    <p id=\"CHARA_1098_017\" class=\"sec_charatxt\">Figlia del Conte Delbray e spadaccina esperta. Sostiene Elincia e condivide con lei un legame pi\u00f9 forte di quello tra molti fratelli e sorelle. Lucia protegge Elincia a costo della vita.<\/p>\r\n                    <h4 id=\"CHARA_1098_018\" class=\"sec_h4charatxt\">Geoffrey<\/h4>\r\n                    <p id=\"CHARA_1098_019\" class=\"sec_charatxt\">Generale ozniano, ha accompagnato Elincia fin da quando erano bambini, aiutandola a fuggire dopo la caduta di Ozna.<\/p>\r\n                <\/section>\r\n            <\/article>\r\n        <\/main>","protected":false},"excerpt":{"rendered":"Eroi speciali La dama estiva Elincia Appare in Fire Emblem: Radiant Dawn Lascia che sia Sharena a presentarti! La dama estiva Elincia Elincia da Ozna, un regno del Tellius, ed \u00e8 qui per la festa dell&#8217;estate! Per l&#8217;occasione, Elincia indossa uno yukata che le \u00e8 stato regalato in segno di amicizia. Si \u00e8 unita alla [&hellip;]","protected":false},"author":1,"featured_media":53823,"comment_status":"closed","ping_status":"closed","sticky":false,"template":"","format":"standard","meta":{"advanced_seo_description":"","jetpack_seo_html_title":"","jetpack_seo_noindex":false,"_jetpack_newsletter_access":"","_jetpack_dont_email_post_to_subs":false,"_jetpack_newsletter_tier_id":0,"_jetpack_memberships_contains_paywalled_content":false,"_locale":"it_IT","_original_post":"https:\/\/guide.fire-emblem-heroes.com\/?p=53767","_jetpack_memberships_contains_paid_content":false,"footnotes":"","jetpack_publicize_message":"","jetpack_publicize_feature_enabled":true,"jetpack_social_post_already_shared":false,"jetpack_social_options":{"image_generator_settings":{"template":"highway","default_image_id":0,"font":"","enabled":false},"version":2},"_wpas_customize_per_network":false,"jetpack_post_was_ever_published":false},"categories":[1384,1405,1390,1430],"tags":[1411],"class_list":["post-53777","post","type-post","status-publish","format-standard","has-post-thumbnail","hentry","category-character","category-special_heroes","category-stay_heroes","category-ex_works_radiant_dawn","tag-eroi-speciali","it-IT"],"jetpack_publicize_connections":[],"jetpack_featured_media_url":"https:\/\/guide.fire-emblem-heroes.com\/wp-content\/uploads\/erincia_estival_princess.png","jetpack_sharing_enabled":false,"jetpack_shortlink":"https:\/\/wp.me\/pa0Mj3-dZn","jetpack_likes_enabled":false,"amp_enabled":false,"_links":{"self":[{"href":"https:\/\/guide.fire-emblem-heroes.com\/wp-json\/wp\/v2\/posts\/53777","targetHints":{"allow":["GET"]}}],"collection":[{"href":"https:\/\/guide.fire-emblem-heroes.com\/wp-json\/wp\/v2\/posts"}],"about":[{"href":"https:\/\/guide.fire-emblem-heroes.com\/wp-json\/wp\/v2\/types\/post"}],"author":[{"embeddable":true,"href":"https:\/\/guide.fire-emblem-heroes.com\/wp-json\/wp\/v2\/users\/1"}],"replies":[{"embeddable":true,"href":"https:\/\/guide.fire-emblem-heroes.com\/wp-json\/wp\/v2\/comments?post=53777"}],"version-history":[{"count":1,"href":"https:\/\/guide.fire-emblem-heroes.com\/wp-json\/wp\/v2\/posts\/53777\/revisions"}],"predecessor-version":[{"id":53786,"href":"https:\/\/guide.fire-emblem-heroes.com\/wp-json\/wp\/v2\/posts\/53777\/revisions\/53786"}],"wp:featuredmedia":[{"embeddable":true,"href":"https:\/\/guide.fire-emblem-heroes.com\/wp-json\/wp\/v2\/media\/53823"}],"wp:attachment":[{"href":"https:\/\/guide.fire-emblem-heroes.com\/wp-json\/wp\/v2\/media?parent=53777"}],"wp:term":[{"taxonomy":"category","embeddable":true,"href":"https:\/\/guide.fire-emblem-heroes.com\/wp-json\/wp\/v2\/categories?post=53777"},{"taxonomy":"post_tag","embeddable":true,"href":"https:\/\/guide.fire-emblem-heroes.com\/wp-json\/wp\/v2\/tags?post=53777"}],"curies":[{"name":"wp","href":"https:\/\/api.w.org\/{rel}","templated":true}]}}