






{"id":56242,"date":"2024-12-04T13:10:10","date_gmt":"2024-12-04T04:10:10","guid":{"rendered":"https:\/\/guide.fire-emblem-heroes.com\/?p=56242"},"modified":"2024-12-16T16:27:53","modified_gmt":"2024-12-16T07:27:53","slug":"06008003001179-2","status":"publish","type":"post","link":"https:\/\/guide.fire-emblem-heroes.com\/it\/06008003001179-2\/","title":{"rendered":"<span class=\"character_nick\">La generale drago<\/span><span class=\"character_name\">Vaida<\/span>"},"content":{"rendered":"<main id=\"CHARA_1154\" class=\"main_page character\">\r\n            <article>\r\n                <section class=\"sec sec_character\">\r\n                    <ul class=\"sec_ul sec_ul--character slick-box\">\r\n                        <li class=\"sec_li sec_li--character\">\r\n                            <img decoding=\"async\" src=\"https:\/\/guide.fire-emblem-heroes.com\/wp-content\/uploads\/vajda_dracofang_general_slide01.png\" alt=\"\" \/>\r\n                        <\/li>\r\n                        <li class=\"sec_li sec_li--character\">\r\n                            <img decoding=\"async\" src=\"https:\/\/guide.fire-emblem-heroes.com\/wp-content\/uploads\/vajda_dracofang_general_slide02.png\" alt=\"\" \/>\r\n                        <\/li>\r\n                        <li class=\"sec_li sec_li--character\">\r\n                            <img decoding=\"async\" src=\"https:\/\/guide.fire-emblem-heroes.com\/wp-content\/uploads\/vajda_dracofang_general_slide03.png\" alt=\"\" \/>\r\n                        <\/li>\r\n                        <li class=\"sec_li sec_li--character\">\r\n                            <img decoding=\"async\" src=\"https:\/\/guide.fire-emblem-heroes.com\/wp-content\/uploads\/vajda_dracofang_general_slide04.png\" alt=\"\" \/>\r\n                        <\/li>\r\n                    <\/ul>\r\n                    <div class=\"sec_charainfoarea flex\">\r\n                        <div class=\"sec_gif\"><img loading=\"lazy\" decoding=\"async\" src=\"https:\/\/guide.fire-emblem-heroes.com\/wp-content\/uploads\/vajda_dracofang_general.png\" alt=\"\" width=\"210\" height=\"190\"\/><\/div>\r\n                        <div class=\"sec_charainfo\">\r\n                            <p id=\"CHARA_1154_002\" class=\"sec_characate sec_characate--heroes\">Eroi<\/p>\r\n                            <p id=\"CHARA_1154_003\" class=\"sec_charanick\">La generale drago<\/p>\r\n                            <p id=\"CHARA_1154_004\" class=\"sec_charaname\">Vaida<\/p>\r\n                            <p id=\"CHARA_1154_005\" class=\"sec_charaappearancetxt\">Appare in<\/p>\r\n                            <p id=\"CHARA_1154_006\" class=\"sec_charaappearancetxt\">Fire Emblem: The Blazing Blade<\/p>\r\n                        <\/div>\r\n                    <\/div>\r\n                <\/section>\r\n            <\/article>\r\n            <article>\r\n                <section class=\"sec sec_characterarea\">\r\n                    <div class=\"sec_h2chara\">\r\n                        <p id=\"CHARA_1154_007\" class=\"sec_h2charattl\">Lascia che sia Sharena a presentarti!<\/p>\r\n                        <h2 id=\"CHARA_1154_008\" class=\"sec_h2charatxt\">La generale drago Vaida<\/h2>\r\n                    <\/div>\r\n                    <dl class=\"sec_dl flex\">\r\n                        <dt id=\"CHARA_1154_009\" class=\"sec_dt\">Il regno di Biran \u00e8 un&#8217;importante potenza militare del continente di Elibe. In passato, Vaida \u00e8 stata definita la comandante pi\u00f9 potente dei cavalieri viverna reali!<\/dt>\r\n                        <dd class=\"sec_dd\">\r\n                            <a href=\"https:\/\/guide.fire-emblem-heroes.com\/wp-content\/uploads\/vajda_dracofang_general_pop01.png\" class=\"popup-image\">\r\n                                <img decoding=\"async\" src=\"https:\/\/guide.fire-emblem-heroes.com\/wp-content\/uploads\/vajda_dracofang_general_info01.png\" alt=\"\" \/>\r\n                            <\/a>\r\n                        <\/dd>\r\n                        <dt id=\"CHARA_1154_010\" class=\"sec_dt\">Tuttavia, \u00e8 stata incastrata dall&#8217;\u00e9lite corrotta dell&#8217;esercito, che ha fatto passare per un atto di ribellione il suo rifiuto di massacrare gli innocenti abitanti di un villaggio nel corso di una missione.<\/dt>\r\n                        <dd class=\"sec_dd\">\r\n                            <a href=\"https:\/\/guide.fire-emblem-heroes.com\/wp-content\/uploads\/vajda_dracofang_general_pop02.png\" class=\"popup-image\">\r\n                                <img decoding=\"async\" src=\"https:\/\/guide.fire-emblem-heroes.com\/wp-content\/uploads\/vajda_dracofang_general_info02.png\" alt=\"\" \/>\r\n                            <\/a>\r\n                        <\/dd>\r\n                        <dt id=\"CHARA_1154_011\" class=\"sec_dt\">Vaida \u00e8 stata cos\u00ec costretta a disertare e abbandonare l&#8217;esercito. Tuttavia, la sua lealt\u00e0 non era verso il re che aveva consentito questa corruzione, bens\u00ec verso il principe Zephiel.<\/dt>\r\n                        <dd class=\"sec_dd\">\r\n                            <a href=\"https:\/\/guide.fire-emblem-heroes.com\/wp-content\/uploads\/vajda_dracofang_general_pop03.png\" class=\"popup-image\">\r\n                                <img decoding=\"async\" src=\"https:\/\/guide.fire-emblem-heroes.com\/wp-content\/uploads\/vajda_dracofang_general_info03.png\" alt=\"\" \/>\r\n                            <\/a>\r\n                        <\/dd>\r\n                        <dt id=\"CHARA_1154_012\" class=\"sec_dt\">Vaida desiderava tornare a far parte dell&#8217;esercito di Biran nella speranza di poter stare vicino a Zephiel e difenderlo. \u00c8 stato cos\u00ec che ha iniziato a lavorare con Nergal, l&#8217;oscuro burattinaio che controlla gli assassini del Black Fang&#8230;<\/dt>\r\n                        <dd class=\"sec_dd\">\r\n                            <a href=\"https:\/\/guide.fire-emblem-heroes.com\/wp-content\/uploads\/vajda_dracofang_general_pop04.png\" class=\"popup-image\">\r\n                                <img decoding=\"async\" src=\"https:\/\/guide.fire-emblem-heroes.com\/wp-content\/uploads\/vajda_dracofang_general_info04.png\" alt=\"\" \/>\r\n                            <\/a>\r\n                        <\/dd>\r\n                    <\/dl>\r\n                    <h3 id=\"CHARA_1154_013\" class=\"sec_h3charatxt\">Personaggi strettamente collegati<\/h3>\r\n                    <h4 id=\"CHARA_1154_014\" class=\"sec_h4charatxt\">Heath<\/h4>\r\n                    <p id=\"CHARA_1154_015\" class=\"sec_charatxt\">Un giovane turbato dal conflitto tra i suoi ideali cavallereschi e la dura realt\u00e0. Ha dovuto lasciare il suo paese, Biran, per diventare un mercenario. Ex sottoposto di Vaida.<\/p>\r\n                    <h4 id=\"CHARA_1154_016\" class=\"sec_h4charatxt\">Nergal<\/h4>\r\n                    <p id=\"CHARA_1154_017\" class=\"sec_charatxt\">Un uomo malvagio che ruba la quintessenza umana per creare degli esseri artificiali chiamati &#8220;creature&#8221;, che eseguono i suoi ordini. Concede del potere a Vaida, rendendola una sua pedina.<\/p>\r\n                <\/section>\r\n            <\/article>\r\n        <\/main>","protected":false},"excerpt":{"rendered":"Eroi La generale drago Vaida Appare in Fire Emblem: The Blazing Blade Lascia che sia Sharena a presentarti! La generale drago Vaida Il regno di Biran \u00e8 un&#8217;importante potenza militare del continente di Elibe. In passato, Vaida \u00e8 stata definita la comandante pi\u00f9 potente dei cavalieri viverna reali! Tuttavia, \u00e8 stata incastrata dall&#8217;\u00e9lite corrotta dell&#8217;esercito, [&hellip;]","protected":false},"author":1,"featured_media":56372,"comment_status":"closed","ping_status":"closed","sticky":false,"template":"","format":"standard","meta":{"advanced_seo_description":"","jetpack_seo_html_title":"","jetpack_seo_noindex":false,"_jetpack_newsletter_access":"","_jetpack_dont_email_post_to_subs":false,"_jetpack_newsletter_tier_id":0,"_jetpack_memberships_contains_paywalled_content":false,"_locale":"it_IT","_original_post":"https:\/\/guide.fire-emblem-heroes.com\/?p=56233","_jetpack_memberships_contains_paid_content":false,"footnotes":"","jetpack_publicize_message":"","jetpack_publicize_feature_enabled":true,"jetpack_social_post_already_shared":false,"jetpack_social_options":{"image_generator_settings":{"template":"highway","default_image_id":0,"font":"","enabled":false},"version":2},"_wpas_customize_per_network":false,"jetpack_post_was_ever_published":false},"categories":[1384,1427,1415,1390],"tags":[1420],"class_list":["post-56242","post","type-post","status-publish","format-standard","has-post-thumbnail","hentry","category-character","category-ex_works_the_blazing_blade","category-heroes","category-stay_heroes","tag-eroi","it-IT"],"jetpack_publicize_connections":[],"jetpack_featured_media_url":"https:\/\/guide.fire-emblem-heroes.com\/wp-content\/uploads\/vajda_dracofang_general.png","jetpack_sharing_enabled":false,"jetpack_shortlink":"https:\/\/wp.me\/pa0Mj3-eD8","jetpack_likes_enabled":false,"amp_enabled":false,"_links":{"self":[{"href":"https:\/\/guide.fire-emblem-heroes.com\/wp-json\/wp\/v2\/posts\/56242","targetHints":{"allow":["GET"]}}],"collection":[{"href":"https:\/\/guide.fire-emblem-heroes.com\/wp-json\/wp\/v2\/posts"}],"about":[{"href":"https:\/\/guide.fire-emblem-heroes.com\/wp-json\/wp\/v2\/types\/post"}],"author":[{"embeddable":true,"href":"https:\/\/guide.fire-emblem-heroes.com\/wp-json\/wp\/v2\/users\/1"}],"replies":[{"embeddable":true,"href":"https:\/\/guide.fire-emblem-heroes.com\/wp-json\/wp\/v2\/comments?post=56242"}],"version-history":[{"count":1,"href":"https:\/\/guide.fire-emblem-heroes.com\/wp-json\/wp\/v2\/posts\/56242\/revisions"}],"predecessor-version":[{"id":56249,"href":"https:\/\/guide.fire-emblem-heroes.com\/wp-json\/wp\/v2\/posts\/56242\/revisions\/56249"}],"wp:featuredmedia":[{"embeddable":true,"href":"https:\/\/guide.fire-emblem-heroes.com\/wp-json\/wp\/v2\/media\/56372"}],"wp:attachment":[{"href":"https:\/\/guide.fire-emblem-heroes.com\/wp-json\/wp\/v2\/media?parent=56242"}],"wp:term":[{"taxonomy":"category","embeddable":true,"href":"https:\/\/guide.fire-emblem-heroes.com\/wp-json\/wp\/v2\/categories?post=56242"},{"taxonomy":"post_tag","embeddable":true,"href":"https:\/\/guide.fire-emblem-heroes.com\/wp-json\/wp\/v2\/tags?post=56242"}],"curies":[{"name":"wp","href":"https:\/\/api.w.org\/{rel}","templated":true}]}}