






{"id":56514,"date":"2024-12-11T14:17:32","date_gmt":"2024-12-11T05:17:32","guid":{"rendered":"https:\/\/guide.fire-emblem-heroes.com\/?p=56514"},"modified":"2024-12-26T13:32:43","modified_gmt":"2024-12-26T04:32:43","slug":"00008005001184-2","status":"publish","type":"post","link":"https:\/\/guide.fire-emblem-heroes.com\/it\/00008005001184-2\/","title":{"rendered":"<span class=\"character_nick\">La forza beata<\/span><span class=\"character_name\">Eik\u00feyrnir<\/span>"},"content":{"rendered":"<main id=\"CHARA_1160\" class=\"main_page character\">\r\n            <article>\r\n                <section class=\"sec sec_character\">\r\n                    <ul class=\"sec_ul sec_ul--character slick-box\">\r\n                        <li class=\"sec_li sec_li--character\">\r\n                            <img decoding=\"async\" src=\"https:\/\/guide.fire-emblem-heroes.com\/wp-content\/uploads\/eikthyrnir_blessed_strength_slide01.png\" alt=\"\" \/>\r\n                        <\/li>\r\n                        <li class=\"sec_li sec_li--character\">\r\n                            <img decoding=\"async\" src=\"https:\/\/guide.fire-emblem-heroes.com\/wp-content\/uploads\/eikthyrnir_blessed_strength_slide02.png\" alt=\"\" \/>\r\n                        <\/li>\r\n                        <li class=\"sec_li sec_li--character\">\r\n                            <img decoding=\"async\" src=\"https:\/\/guide.fire-emblem-heroes.com\/wp-content\/uploads\/eikthyrnir_blessed_strength_slide03.png\" alt=\"\" \/>\r\n                        <\/li>\r\n                        <li class=\"sec_li sec_li--character\">\r\n                            <img decoding=\"async\" src=\"https:\/\/guide.fire-emblem-heroes.com\/wp-content\/uploads\/eikthyrnir_blessed_strength_slide04.png\" alt=\"\" \/>\r\n                        <\/li>\r\n                    <\/ul>\r\n                    <div class=\"sec_charainfoarea flex\">\r\n                        <div class=\"sec_gif\"><img loading=\"lazy\" decoding=\"async\" src=\"https:\/\/guide.fire-emblem-heroes.com\/wp-content\/uploads\/eikthyrnir_blessed_strength.png\" alt=\"\" width=\"210\" height=\"190\"\/><\/div>\r\n                        <div class=\"sec_charainfo\">\r\n                            <p id=\"CHARA_1160_002\" class=\"sec_characate sec_characate--special_heroes\">Eroi speciali<\/p>\r\n                            <p id=\"CHARA_1160_003\" class=\"sec_charanick\">La forza beata<\/p>\r\n                            <p id=\"CHARA_1160_004\" class=\"sec_charaname\">Eik\u00feyrnir<\/p>\r\n                            <p id=\"CHARA_1160_005\" class=\"sec_charaappearancetxt\">Appare in<\/p>\r\n                            <p id=\"CHARA_1160_006\" class=\"sec_charaappearancetxt\">Fire Emblem Heroes<\/p>\r\n                        <\/div>\r\n                    <\/div>\r\n                <\/section>\r\n            <\/article>\r\n            <article>\r\n                <section class=\"sec sec_characterarea\">\r\n                    <div class=\"sec_h2chara\">\r\n                        <p id=\"CHARA_1160_007\" class=\"sec_h2charattl\">Lascia che sia Sharena a presentarti!<\/p>\r\n                        <h2 id=\"CHARA_1160_008\" class=\"sec_h2charatxt\">La forza beata Eik\u00feyrnir<\/h2>\r\n                    <\/div>\r\n                    <dl class=\"sec_dl flex\">\r\n                        <dt id=\"CHARA_1160_009\" class=\"sec_dt\">Non c&#8217;\u00e8 festa d&#8217;inverno che tenga senza renne che trainano la slitta! Ecco che ne arriva una dall&#8217;aria affidabile, pronta ad assumersi questo compito&#8230; Aspettate un attimo, ma \u00e8 Eik\u00feyrnir?!<\/dt>\r\n                        <dd class=\"sec_dd\">\r\n                            <a href=\"https:\/\/guide.fire-emblem-heroes.com\/wp-content\/uploads\/eikthyrnir_blessed_strength_pop01.png\" class=\"popup-image\">\r\n                                <img decoding=\"async\" src=\"https:\/\/guide.fire-emblem-heroes.com\/wp-content\/uploads\/eikthyrnir_blessed_strength_info01.png\" alt=\"\" \/>\r\n                            <\/a>\r\n                        <\/dd>\r\n                        <dt id=\"CHARA_1160_010\" class=\"sec_dt\">S\u00ec, Eik\u00feyrnir delle Mani sanatrici di Yggdrasill \u00e8 qui per la festa d&#8217;inverno, il che richiede un completo adatto all&#8217;occasione! Non a caso indossa un affascinante abito a tema renna, con tanto di corna e orecchie in testa!<\/dt>\r\n                        <dd class=\"sec_dd\">\r\n                            <a href=\"https:\/\/guide.fire-emblem-heroes.com\/wp-content\/uploads\/eikthyrnir_blessed_strength_pop02.png\" class=\"popup-image\">\r\n                                <img decoding=\"async\" src=\"https:\/\/guide.fire-emblem-heroes.com\/wp-content\/uploads\/eikthyrnir_blessed_strength_info02.png\" alt=\"\" \/>\r\n                            <\/a>\r\n                        <\/dd>\r\n                        <dt id=\"CHARA_1160_011\" class=\"sec_dt\">La slitta sembra davvero pesante, specialmente con tutti quei regali a bordo&#8230; Ma trainarla non \u00e8 nulla in confronto al normale allenamento di Eik\u00feyrnir! Infatti ha appena fatto lavorare i bicipiti grazie al suo manubrio speciale a tema &#8220;festa d&#8217;inverno&#8221;!<\/dt>\r\n                        <dd class=\"sec_dd\">\r\n                            <a href=\"https:\/\/guide.fire-emblem-heroes.com\/wp-content\/uploads\/eikthyrnir_blessed_strength_pop03.png\" class=\"popup-image\">\r\n                                <img decoding=\"async\" src=\"https:\/\/guide.fire-emblem-heroes.com\/wp-content\/uploads\/eikthyrnir_blessed_strength_info03.png\" alt=\"\" \/>\r\n                            <\/a>\r\n                        <\/dd>\r\n                        <dt id=\"CHARA_1160_012\" class=\"sec_dt\">Fermi tutti! Guardate l\u00e0, Eik\u00feyrnir si \u00e8 appena arrampicato su un tetto per consegnare dei regali! Far\u00e0 mica parte dell&#8217;allenamento?<\/dt>\r\n                        <dd class=\"sec_dd\">\r\n                            <a href=\"https:\/\/guide.fire-emblem-heroes.com\/wp-content\/uploads\/eikthyrnir_blessed_strength_pop04.png\" class=\"popup-image\">\r\n                                <img decoding=\"async\" src=\"https:\/\/guide.fire-emblem-heroes.com\/wp-content\/uploads\/eikthyrnir_blessed_strength_info04.png\" alt=\"\" \/>\r\n                            <\/a>\r\n                        <\/dd>\r\n                    <\/dl>\r\n                    <h3 id=\"CHARA_1160_013\" class=\"sec_h3charatxt\">Personaggi strettamente collegati<\/h3>\r\n                    <h4 id=\"CHARA_1160_014\" class=\"sec_h4charatxt\">Ratatoskr<\/h4>\r\n                    <p id=\"CHARA_1160_015\" class=\"sec_charatxt\">Sorella minore di Eik\u00feyrnir. Membro delle Mani sanatrici di Yggdrasill, tende a essere sopraffatta dalle emozioni quando ci sono cose da fare. Ha curato malattie in tutti i nove regni.<\/p>\r\n                    <h4 id=\"CHARA_1160_016\" class=\"sec_h4charatxt\">L\u00e6ra\u00f0r<\/h4>\r\n                    <p id=\"CHARA_1160_017\" class=\"sec_charatxt\">Padre di Eik\u00feyrnir. Nato dallo stesso Yggdrasill. Si dice che sia l&#8217;altra met\u00e0 dell&#8217;albero cosmico.<\/p>\r\n                <\/section>\r\n            <\/article>\r\n        <\/main>","protected":false},"excerpt":{"rendered":"Eroi speciali La forza beata Eik\u00feyrnir Appare in Fire Emblem Heroes Lascia che sia Sharena a presentarti! La forza beata Eik\u00feyrnir Non c&#8217;\u00e8 festa d&#8217;inverno che tenga senza renne che trainano la slitta! Ecco che ne arriva una dall&#8217;aria affidabile, pronta ad assumersi questo compito&#8230; Aspettate un attimo, ma \u00e8 Eik\u00feyrnir?! S\u00ec, Eik\u00feyrnir delle Mani [&hellip;]","protected":false},"author":1,"featured_media":56538,"comment_status":"closed","ping_status":"closed","sticky":false,"template":"","format":"standard","meta":{"advanced_seo_description":"","jetpack_seo_html_title":"","jetpack_seo_noindex":false,"_jetpack_newsletter_access":"","_jetpack_dont_email_post_to_subs":false,"_jetpack_newsletter_tier_id":0,"_jetpack_memberships_contains_paywalled_content":false,"_locale":"it_IT","_original_post":"https:\/\/guide.fire-emblem-heroes.com\/?p=56505","_jetpack_memberships_contains_paid_content":false,"footnotes":"","jetpack_publicize_message":"","jetpack_publicize_feature_enabled":true,"jetpack_social_post_already_shared":false,"jetpack_social_options":{"image_generator_settings":{"template":"highway","default_image_id":0,"font":"","enabled":false},"version":2},"_wpas_customize_per_network":false,"jetpack_post_was_ever_published":false},"categories":[1384,1423,1405,1390],"tags":[1411],"class_list":["post-56514","post","type-post","status-publish","format-standard","has-post-thumbnail","hentry","category-character","category-ex_works_heroes","category-special_heroes","category-stay_heroes","tag-eroi-speciali","it-IT"],"jetpack_publicize_connections":[],"jetpack_featured_media_url":"https:\/\/guide.fire-emblem-heroes.com\/wp-content\/uploads\/eikthyrnir_blessed_strength.png","jetpack_sharing_enabled":false,"jetpack_shortlink":"https:\/\/wp.me\/pa0Mj3-eHw","jetpack_likes_enabled":false,"amp_enabled":false,"_links":{"self":[{"href":"https:\/\/guide.fire-emblem-heroes.com\/wp-json\/wp\/v2\/posts\/56514","targetHints":{"allow":["GET"]}}],"collection":[{"href":"https:\/\/guide.fire-emblem-heroes.com\/wp-json\/wp\/v2\/posts"}],"about":[{"href":"https:\/\/guide.fire-emblem-heroes.com\/wp-json\/wp\/v2\/types\/post"}],"author":[{"embeddable":true,"href":"https:\/\/guide.fire-emblem-heroes.com\/wp-json\/wp\/v2\/users\/1"}],"replies":[{"embeddable":true,"href":"https:\/\/guide.fire-emblem-heroes.com\/wp-json\/wp\/v2\/comments?post=56514"}],"version-history":[{"count":1,"href":"https:\/\/guide.fire-emblem-heroes.com\/wp-json\/wp\/v2\/posts\/56514\/revisions"}],"predecessor-version":[{"id":56518,"href":"https:\/\/guide.fire-emblem-heroes.com\/wp-json\/wp\/v2\/posts\/56514\/revisions\/56518"}],"wp:featuredmedia":[{"embeddable":true,"href":"https:\/\/guide.fire-emblem-heroes.com\/wp-json\/wp\/v2\/media\/56538"}],"wp:attachment":[{"href":"https:\/\/guide.fire-emblem-heroes.com\/wp-json\/wp\/v2\/media?parent=56514"}],"wp:term":[{"taxonomy":"category","embeddable":true,"href":"https:\/\/guide.fire-emblem-heroes.com\/wp-json\/wp\/v2\/categories?post=56514"},{"taxonomy":"post_tag","embeddable":true,"href":"https:\/\/guide.fire-emblem-heroes.com\/wp-json\/wp\/v2\/tags?post=56514"}],"curies":[{"name":"wp","href":"https:\/\/api.w.org\/{rel}","templated":true}]}}