






{"id":58833,"date":"2025-03-26T13:25:28","date_gmt":"2025-03-26T04:25:28","guid":{"rendered":"https:\/\/guide.fire-emblem-heroes.com\/?p=58833"},"modified":"2025-04-15T16:29:38","modified_gmt":"2025-04-15T07:29:38","slug":"07001001001224-2","status":"publish","type":"post","link":"https:\/\/guide.fire-emblem-heroes.com\/it\/07001001001224-2\/","title":{"rendered":"<span class=\"character_nick\">Della Sacralit\u00e0<\/span><span class=\"character_name\">Erika<\/span>"},"content":{"rendered":"<main id=\"CHARA_1212\" class=\"main_page character\">\r\n            <article>\r\n                <section class=\"sec sec_character\">\r\n                    <ul class=\"sec_ul sec_ul--character slick-box\">\r\n                        <li class=\"sec_li sec_li--character\">\r\n                            <img decoding=\"async\" src=\"https:\/\/guide.fire-emblem-heroes.com\/wp-content\/uploads\/eirik_of_the_sacred_slide01.png\" alt=\"\" \/>\r\n                        <\/li>\r\n                        <li class=\"sec_li sec_li--character\">\r\n                            <img decoding=\"async\" src=\"https:\/\/guide.fire-emblem-heroes.com\/wp-content\/uploads\/eirik_of_the_sacred_slide02.png\" alt=\"\" \/>\r\n                        <\/li>\r\n                        <li class=\"sec_li sec_li--character\">\r\n                            <img decoding=\"async\" src=\"https:\/\/guide.fire-emblem-heroes.com\/wp-content\/uploads\/eirik_of_the_sacred_slide03.png\" alt=\"\" \/>\r\n                        <\/li>\r\n                        <li class=\"sec_li sec_li--character\">\r\n                            <img decoding=\"async\" src=\"https:\/\/guide.fire-emblem-heroes.com\/wp-content\/uploads\/eirik_of_the_sacred_slide04.png\" alt=\"\" \/>\r\n                        <\/li>\r\n                    <\/ul>\r\n                    <div class=\"sec_charainfoarea flex\">\r\n                        <div class=\"sec_gif\"><img loading=\"lazy\" decoding=\"async\" src=\"https:\/\/guide.fire-emblem-heroes.com\/wp-content\/uploads\/eirik_of_the_sacred.png\" alt=\"\" width=\"210\" height=\"190\"\/><\/div>\r\n                        <div class=\"sec_charainfo\">\r\n                            <p id=\"CHARA_1212_002\" class=\"sec_characate sec_characate--emblem_heroes\">Emblemi<\/p>\r\n                            <p id=\"CHARA_1212_003\" class=\"sec_charanick\">Della Sacralit\u00e0<\/p>\r\n                            <p id=\"CHARA_1212_004\" class=\"sec_charaname\">Erika<\/p>\r\n                            <p id=\"CHARA_1212_005\" class=\"sec_charaappearancetxt\">Appare in<\/p>\r\n                            <p id=\"CHARA_1212_006\" class=\"sec_charaappearancetxt\">Fire Emblem: The Sacred Stones<br \/>Fire Emblem Engage<\/p>\r\n                        <\/div>\r\n                    <\/div>\r\n                <\/section>\r\n            <\/article>\r\n            <article>\r\n                <section class=\"sec sec_characterarea\">\r\n                    <div class=\"sec_h2chara\">\r\n                        <p id=\"CHARA_1212_007\" class=\"sec_h2charattl\">Lascia che sia Sharena a presentarti!<\/p>\r\n                        <h2 id=\"CHARA_1212_008\" class=\"sec_h2charatxt\">Della Sacralit\u00e0 Erika<\/h2>\r\n                    <\/div>\r\n                    <dl class=\"sec_dl flex\">\r\n                        <dt id=\"CHARA_1212_009\" class=\"sec_dt\">L&#8217;anello dei Gemelli Azzurri \u00e8 un antico manufatto del continente di Elyos, al cui interno risiede uno degli emblemi che proteggono Elyos: Erika, emblema della Sacralit\u00e0!<\/dt>\r\n                        <dd class=\"sec_dd\">\r\n                            <a href=\"https:\/\/guide.fire-emblem-heroes.com\/wp-content\/uploads\/eirik_of_the_sacred_pop01.png\" class=\"popup-image\">\r\n                                <img decoding=\"async\" src=\"https:\/\/guide.fire-emblem-heroes.com\/wp-content\/uploads\/eirik_of_the_sacred_info01.png\" alt=\"\" \/>\r\n                            <\/a>\r\n                        <\/dd>\r\n                        <dt id=\"CHARA_1212_010\" class=\"sec_dt\">Erika ha combattuto al fianco del fratello gemello, Ephraim, per sconfiggere Fomortiis, il Re Demone che minacciava di distruggere il continente di Magvel, la loro casa.<\/dt>\r\n                        <dd class=\"sec_dd\">\r\n                            <a href=\"https:\/\/guide.fire-emblem-heroes.com\/wp-content\/uploads\/eirik_of_the_sacred_pop02.png\" class=\"popup-image\">\r\n                                <img decoding=\"async\" src=\"https:\/\/guide.fire-emblem-heroes.com\/wp-content\/uploads\/eirik_of_the_sacred_info02.png\" alt=\"\" \/>\r\n                            <\/a>\r\n                        <\/dd>\r\n                        <dt id=\"CHARA_1212_011\" class=\"sec_dt\">In effetti, l&#8217;anello dei Gemelli Azzurri non contiene solamente l&#8217;emblema di Erika, ma anche quello di Ephraim. Quindi, insieme, sono a tutti gli effetti l&#8217;emblema della Sacralit\u00e0!<\/dt>\r\n                        <dd class=\"sec_dd\">\r\n                            <a href=\"https:\/\/guide.fire-emblem-heroes.com\/wp-content\/uploads\/eirik_of_the_sacred_pop03.png\" class=\"popup-image\">\r\n                                <img decoding=\"async\" src=\"https:\/\/guide.fire-emblem-heroes.com\/wp-content\/uploads\/eirik_of_the_sacred_info03.png\" alt=\"\" \/>\r\n                            <\/a>\r\n                        <\/dd>\r\n                        <dt id=\"CHARA_1212_012\" class=\"sec_dt\">L&#8217;amore di Erika per la pace, le sue eleganti abilit\u00e0 con la spada e il legame con Ephraim l&#8217;hanno aiutata a salvare Magvel. Ora spero che aiuter\u00e0 i Guardiani di Askr togliendoci tutti dai guai!<\/dt>\r\n                        <dd class=\"sec_dd\">\r\n                            <a href=\"https:\/\/guide.fire-emblem-heroes.com\/wp-content\/uploads\/eirik_of_the_sacred_pop04.png\" class=\"popup-image\">\r\n                                <img decoding=\"async\" src=\"https:\/\/guide.fire-emblem-heroes.com\/wp-content\/uploads\/eirik_of_the_sacred_info04.png\" alt=\"\" \/>\r\n                            <\/a>\r\n                        <\/dd>\r\n                    <\/dl>\r\n                    <h3 id=\"CHARA_1212_013\" class=\"sec_h3charatxt\">Personaggi strettamente collegati<\/h3>\r\n                    <h4 id=\"CHARA_1212_014\" class=\"sec_h4charatxt\">Alear<\/h4>\r\n                    <p id=\"CHARA_1212_015\" class=\"sec_charatxt\">Erede del Drago Divino, si risveglia da un lungo sonno. Evoca Erika, Ephraim e gli altri emblemi per riportare la pace.<\/p>\r\n                    <h4 id=\"CHARA_1212_016\" class=\"sec_h4charatxt\">Lumera<\/h4>\r\n                    <p id=\"CHARA_1212_017\" class=\"sec_charatxt\">Regina dei Draghi Divini e sovrana della terra sacra di Lythos. \u00c8 la madre di Alear e l&#8217;eroina che in passato ha salvato l&#8217;Elyos con l&#8217;aiuto di Erika, Ephraim e degli altri emblemi.<\/p>\r\n                    <h4 id=\"CHARA_1212_018\" class=\"sec_h4charatxt\">Rosado<\/h4>\r\n                    <p id=\"CHARA_1212_019\" class=\"sec_charatxt\">Un soldato dal castello reale di Elusia e attendente di Hortensia. \u00c8 un pittore di grande talento e un amante della moda. Collabora con Goldmary per rubare l&#8217;anello che contiene Erika ed Ephraim.<\/p>\r\n                    <h4 id=\"CHARA_1212_020\" class=\"sec_h4charatxt\">Goldmary<\/h4>\r\n                    <p id=\"CHARA_1212_021\" class=\"sec_charatxt\">Attendente di Hortensia. Appare schiva e introversa, ma in realt\u00e0 ha un&#8217;enorme fiducia in s\u00e9 stessa. Collabora con Rosado per rubare l&#8217;anello che contiene Erika ed Ephraim.<\/p>\r\n                <\/section>\r\n            <\/article>\r\n        <\/main>","protected":false},"excerpt":{"rendered":"Emblemi Della Sacralit\u00e0 Erika Appare in Fire Emblem: The Sacred StonesFire Emblem Engage Lascia che sia Sharena a presentarti! Della Sacralit\u00e0 Erika L&#8217;anello dei Gemelli Azzurri \u00e8 un antico manufatto del continente di Elyos, al cui interno risiede uno degli emblemi che proteggono Elyos: Erika, emblema della Sacralit\u00e0! Erika ha combattuto al fianco del fratello [&hellip;]","protected":false},"author":1,"featured_media":58969,"comment_status":"closed","ping_status":"closed","sticky":false,"template":"","format":"standard","meta":{"advanced_seo_description":"","jetpack_seo_html_title":"","jetpack_seo_noindex":false,"_jetpack_newsletter_access":"","_jetpack_dont_email_post_to_subs":false,"_jetpack_newsletter_tier_id":0,"_jetpack_memberships_contains_paywalled_content":false,"_locale":"it_IT","_original_post":"https:\/\/guide.fire-emblem-heroes.com\/?p=58824","_jetpack_memberships_contains_paid_content":false,"footnotes":"","jetpack_publicize_message":"","jetpack_publicize_feature_enabled":true,"jetpack_social_post_already_shared":false,"jetpack_social_options":{"image_generator_settings":{"template":"highway","default_image_id":0,"font":"","enabled":false},"version":2},"_wpas_customize_per_network":false,"jetpack_post_was_ever_published":false},"categories":[1512,1384,1527,1428,1390],"tags":[1532],"class_list":["post-58833","post","type-post","status-publish","format-standard","has-post-thumbnail","hentry","category-ex_works_engage","category-character","category-emblem_heroes","category-ex_works_the_sacred_stones","category-stay_heroes","tag-emblemi","it-IT"],"jetpack_publicize_connections":[],"jetpack_featured_media_url":"https:\/\/guide.fire-emblem-heroes.com\/wp-content\/uploads\/eirik_of_the_sacred.png","jetpack_sharing_enabled":false,"jetpack_shortlink":"https:\/\/wp.me\/pa0Mj3-fiV","jetpack_likes_enabled":false,"amp_enabled":false,"_links":{"self":[{"href":"https:\/\/guide.fire-emblem-heroes.com\/wp-json\/wp\/v2\/posts\/58833","targetHints":{"allow":["GET"]}}],"collection":[{"href":"https:\/\/guide.fire-emblem-heroes.com\/wp-json\/wp\/v2\/posts"}],"about":[{"href":"https:\/\/guide.fire-emblem-heroes.com\/wp-json\/wp\/v2\/types\/post"}],"author":[{"embeddable":true,"href":"https:\/\/guide.fire-emblem-heroes.com\/wp-json\/wp\/v2\/users\/1"}],"replies":[{"embeddable":true,"href":"https:\/\/guide.fire-emblem-heroes.com\/wp-json\/wp\/v2\/comments?post=58833"}],"version-history":[{"count":1,"href":"https:\/\/guide.fire-emblem-heroes.com\/wp-json\/wp\/v2\/posts\/58833\/revisions"}],"predecessor-version":[{"id":58838,"href":"https:\/\/guide.fire-emblem-heroes.com\/wp-json\/wp\/v2\/posts\/58833\/revisions\/58838"}],"wp:featuredmedia":[{"embeddable":true,"href":"https:\/\/guide.fire-emblem-heroes.com\/wp-json\/wp\/v2\/media\/58969"}],"wp:attachment":[{"href":"https:\/\/guide.fire-emblem-heroes.com\/wp-json\/wp\/v2\/media?parent=58833"}],"wp:term":[{"taxonomy":"category","embeddable":true,"href":"https:\/\/guide.fire-emblem-heroes.com\/wp-json\/wp\/v2\/categories?post=58833"},{"taxonomy":"post_tag","embeddable":true,"href":"https:\/\/guide.fire-emblem-heroes.com\/wp-json\/wp\/v2\/tags?post=58833"}],"curies":[{"name":"wp","href":"https:\/\/api.w.org\/{rel}","templated":true}]}}