






{"id":60287,"date":"2025-05-28T12:03:49","date_gmt":"2025-05-28T03:03:49","guid":{"rendered":"https:\/\/guide.fire-emblem-heroes.com\/?p=60287"},"modified":"2025-06-04T13:36:21","modified_gmt":"2025-06-04T04:36:21","slug":"04011001000234-2","status":"publish","type":"post","link":"https:\/\/guide.fire-emblem-heroes.com\/it\/04011001000234-2\/","title":{"rendered":"<span class=\"character_nick\">La lama del tuono<\/span><span class=\"character_name\">Reinhardt<\/span>"},"content":{"rendered":"<main id=\"CHARA_1245\" class=\"main_page character\">\r\n            <article>\r\n                <section class=\"sec sec_character\">\r\n                    <ul class=\"sec_ul sec_ul--character slick-box\">\r\n                        <li class=\"sec_li sec_li--character\">\r\n                            <img decoding=\"async\" src=\"https:\/\/guide.fire-emblem-heroes.com\/wp-content\/uploads\/reinhardt2_thunders_sword_slide01.png\" alt=\"\" \/>\r\n                        <\/li>\r\n                        <li class=\"sec_li sec_li--character\">\r\n                            <img decoding=\"async\" src=\"https:\/\/guide.fire-emblem-heroes.com\/wp-content\/uploads\/reinhardt2_thunders_sword_slide02.png\" alt=\"\" \/>\r\n                        <\/li>\r\n                        <li class=\"sec_li sec_li--character\">\r\n                            <img decoding=\"async\" src=\"https:\/\/guide.fire-emblem-heroes.com\/wp-content\/uploads\/reinhardt2_thunders_sword_slide03.png\" alt=\"\" \/>\r\n                        <\/li>\r\n                        <li class=\"sec_li sec_li--character\">\r\n                            <img decoding=\"async\" src=\"https:\/\/guide.fire-emblem-heroes.com\/wp-content\/uploads\/reinhardt2_thunders_sword_slide04.png\" alt=\"\" \/>\r\n                        <\/li>\r\n                    <\/ul>\r\n                    <div class=\"sec_charainfoarea flex\">\r\n                        <div class=\"sec_gif\"><img loading=\"lazy\" decoding=\"async\" src=\"https:\/\/guide.fire-emblem-heroes.com\/wp-content\/uploads\/reinhardt2_thunders_sword.png\" alt=\"\" width=\"210\" height=\"190\"\/><\/div>\r\n                        <div class=\"sec_charainfo\">\r\n                            <p id=\"CHARA_1245_002\" class=\"sec_characate sec_characate--heroes\">Eroi<\/p>\r\n                            <p id=\"CHARA_1245_003\" class=\"sec_charanick\">La lama del tuono<\/p>\r\n                            <p id=\"CHARA_1245_004\" class=\"sec_charaname\">Reinhardt<\/p>\r\n                            <p id=\"CHARA_1245_005\" class=\"sec_charaappearancetxt\">Appare in<\/p>\r\n                            <p id=\"CHARA_1245_006\" class=\"sec_charaappearancetxt\">Fire Emblem: Thracia 776<\/p>\r\n                        <\/div>\r\n                    <\/div>\r\n                <\/section>\r\n            <\/article>\r\n            <article>\r\n                <section class=\"sec sec_characterarea\">\r\n                    <div class=\"sec_h2chara\">\r\n                        <p id=\"CHARA_1245_007\" class=\"sec_h2charattl\">Lascia che sia Sharena a presentarti!<\/p>\r\n                        <h2 id=\"CHARA_1245_008\" class=\"sec_h2charatxt\">La lama del tuono Reinhardt<\/h2>\r\n                    <\/div>\r\n                    <dl class=\"sec_dl flex\">\r\n                        <dt id=\"CHARA_1245_009\" class=\"sec_dt\">Reinhardt \u00e8 un cavaliere del continente di Jugdral al servizio del casato di Friege, che nutre una cieca fedelt\u00e0 a Ishtar, la celeberrima &#8220;dea del tuono&#8221;.<\/dt>\r\n                        <dd class=\"sec_dd\">\r\n                            <a href=\"https:\/\/guide.fire-emblem-heroes.com\/wp-content\/uploads\/reinhardt2_thunders_sword_pop01.png\" class=\"popup-image\">\r\n                                <img decoding=\"async\" src=\"https:\/\/guide.fire-emblem-heroes.com\/wp-content\/uploads\/reinhardt2_thunders_sword_info01.png\" alt=\"\" \/>\r\n                            <\/a>\r\n                        <\/dd>\r\n                        <dt id=\"CHARA_1245_010\" class=\"sec_dt\">Non solo \u00e8 un comandante di talento e un potente mago, ma \u00e8 anche uno spadaccino di prim&#8217;ordine! C&#8217;\u00e8 qualcosa che non sa fare?<\/dt>\r\n                        <dd class=\"sec_dd\">\r\n                            <a href=\"https:\/\/guide.fire-emblem-heroes.com\/wp-content\/uploads\/reinhardt2_thunders_sword_pop02.png\" class=\"popup-image\">\r\n                                <img decoding=\"async\" src=\"https:\/\/guide.fire-emblem-heroes.com\/wp-content\/uploads\/reinhardt2_thunders_sword_info02.png\" alt=\"\" \/>\r\n                            <\/a>\r\n                        <\/dd>\r\n                        <dt id=\"CHARA_1245_011\" class=\"sec_dt\">Reinhardt ha anche una sorella minore, Olwen. Nonostante le circostanze li abbiano portati a combattere per schieramenti opposti, lui si preoccupa per la sua incolumit\u00e0, mostrando di essere sempre il fratello maggiore che \u00e8 sempre stato.<\/dt>\r\n                        <dd class=\"sec_dd\">\r\n                            <a href=\"https:\/\/guide.fire-emblem-heroes.com\/wp-content\/uploads\/reinhardt2_thunders_sword_pop03.png\" class=\"popup-image\">\r\n                                <img decoding=\"async\" src=\"https:\/\/guide.fire-emblem-heroes.com\/wp-content\/uploads\/reinhardt2_thunders_sword_info03.png\" alt=\"\" \/>\r\n                            <\/a>\r\n                        <\/dd>\r\n                        <dt id=\"CHARA_1245_012\" class=\"sec_dt\">Reinhardt \u00e8 un guerriero compiuto, ammirato anche per il suo carattere nobile. \u00c8 l&#8217;eroe che i Guardiani di Askr sarebbero davvero lieti di avere al proprio fianco!<\/dt>\r\n                        <dd class=\"sec_dd\">\r\n                            <a href=\"https:\/\/guide.fire-emblem-heroes.com\/wp-content\/uploads\/reinhardt2_thunders_sword_pop04.png\" class=\"popup-image\">\r\n                                <img decoding=\"async\" src=\"https:\/\/guide.fire-emblem-heroes.com\/wp-content\/uploads\/reinhardt2_thunders_sword_info04.png\" alt=\"\" \/>\r\n                            <\/a>\r\n                        <\/dd>\r\n                    <\/dl>\r\n                    <h3 id=\"CHARA_1245_013\" class=\"sec_h3charatxt\">Personaggi strettamente collegati<\/h3>\r\n                    <h4 id=\"CHARA_1245_014\" class=\"sec_h4charatxt\">Ishtar<\/h4>\r\n                    <p id=\"CHARA_1245_015\" class=\"sec_charatxt\">Ha ereditato Mj\u00f6lnir, e il sangue della famiglia reale di Friege scorre in lei. Il suo amato Julius abbraccia le tenebre e ci\u00f2 la turba. Reinhardt \u00e8 il suo fidato servitore e confidente.<\/p>\r\n                    <h4 id=\"CHARA_1245_016\" class=\"sec_h4charatxt\">Olwen<\/h4>\r\n                    <p id=\"CHARA_1245_017\" class=\"sec_charatxt\">Maga cavaliera dell&#8217;esercito di Friege. I suoi ideali la costringono a volte a schierarsi contro il suo amato fratello Reinhardt.<\/p>\r\n                <\/section>\r\n            <\/article>\r\n        <\/main>","protected":false},"excerpt":{"rendered":"Eroi La lama del tuono Reinhardt Appare in Fire Emblem: Thracia 776 Lascia che sia Sharena a presentarti! La lama del tuono Reinhardt Reinhardt \u00e8 un cavaliere del continente di Jugdral al servizio del casato di Friege, che nutre una cieca fedelt\u00e0 a Ishtar, la celeberrima &#8220;dea del tuono&#8221;. Non solo \u00e8 un comandante di [&hellip;]","protected":false},"author":1,"featured_media":60405,"comment_status":"closed","ping_status":"closed","sticky":false,"template":"","format":"standard","meta":{"advanced_seo_description":"","jetpack_seo_html_title":"","jetpack_seo_noindex":false,"_jetpack_newsletter_access":"","_jetpack_dont_email_post_to_subs":false,"_jetpack_newsletter_tier_id":0,"_jetpack_memberships_contains_paywalled_content":false,"_locale":"it_IT","_original_post":"https:\/\/guide.fire-emblem-heroes.com\/?p=60277","_jetpack_memberships_contains_paid_content":false,"footnotes":"","jetpack_publicize_message":"","jetpack_publicize_feature_enabled":true,"jetpack_social_post_already_shared":false,"jetpack_social_options":{"image_generator_settings":{"template":"highway","default_image_id":0,"font":"","enabled":false},"version":2},"_wpas_customize_per_network":false,"jetpack_post_was_ever_published":false},"categories":[1384,1438,1415,1390],"tags":[1420],"class_list":["post-60287","post","type-post","status-publish","format-standard","has-post-thumbnail","hentry","category-character","category-ex_works_thracia_776","category-heroes","category-stay_heroes","tag-eroi","it-IT"],"jetpack_publicize_connections":[],"jetpack_featured_media_url":"https:\/\/guide.fire-emblem-heroes.com\/wp-content\/uploads\/reinhardt2_thunders_sword.png","jetpack_sharing_enabled":false,"jetpack_shortlink":"https:\/\/wp.me\/pa0Mj3-fGn","jetpack_likes_enabled":false,"amp_enabled":false,"_links":{"self":[{"href":"https:\/\/guide.fire-emblem-heroes.com\/wp-json\/wp\/v2\/posts\/60287","targetHints":{"allow":["GET"]}}],"collection":[{"href":"https:\/\/guide.fire-emblem-heroes.com\/wp-json\/wp\/v2\/posts"}],"about":[{"href":"https:\/\/guide.fire-emblem-heroes.com\/wp-json\/wp\/v2\/types\/post"}],"author":[{"embeddable":true,"href":"https:\/\/guide.fire-emblem-heroes.com\/wp-json\/wp\/v2\/users\/1"}],"replies":[{"embeddable":true,"href":"https:\/\/guide.fire-emblem-heroes.com\/wp-json\/wp\/v2\/comments?post=60287"}],"version-history":[{"count":1,"href":"https:\/\/guide.fire-emblem-heroes.com\/wp-json\/wp\/v2\/posts\/60287\/revisions"}],"predecessor-version":[{"id":60294,"href":"https:\/\/guide.fire-emblem-heroes.com\/wp-json\/wp\/v2\/posts\/60287\/revisions\/60294"}],"wp:featuredmedia":[{"embeddable":true,"href":"https:\/\/guide.fire-emblem-heroes.com\/wp-json\/wp\/v2\/media\/60405"}],"wp:attachment":[{"href":"https:\/\/guide.fire-emblem-heroes.com\/wp-json\/wp\/v2\/media?parent=60287"}],"wp:term":[{"taxonomy":"category","embeddable":true,"href":"https:\/\/guide.fire-emblem-heroes.com\/wp-json\/wp\/v2\/categories?post=60287"},{"taxonomy":"post_tag","embeddable":true,"href":"https:\/\/guide.fire-emblem-heroes.com\/wp-json\/wp\/v2\/tags?post=60287"}],"curies":[{"name":"wp","href":"https:\/\/api.w.org\/{rel}","templated":true}]}}