






{"id":60458,"date":"2025-06-04T12:27:49","date_gmt":"2025-06-04T03:27:49","guid":{"rendered":"https:\/\/guide.fire-emblem-heroes.com\/?p=60458"},"modified":"2025-06-30T16:04:19","modified_gmt":"2025-06-30T07:04:19","slug":"10005001001250-2","status":"publish","type":"post","link":"https:\/\/guide.fire-emblem-heroes.com\/it\/10005001001250-2\/","title":{"rendered":"<span class=\"character_nick\">La rovina<\/span><span class=\"character_name\">Grima<\/span>"},"content":{"rendered":"<main id=\"CHARA_1248\" class=\"main_page character\">\r\n            <article>\r\n                <section class=\"sec sec_character\">\r\n                    <ul class=\"sec_ul sec_ul--character slick-box\">\r\n                        <li class=\"sec_li sec_li--character\">\r\n                            <img decoding=\"async\" src=\"https:\/\/guide.fire-emblem-heroes.com\/wp-content\/uploads\/gimle_tyrant_of_ruin_slide01.png\" alt=\"\" \/>\r\n                        <\/li>\r\n                        <li class=\"sec_li sec_li--character\">\r\n                            <img decoding=\"async\" src=\"https:\/\/guide.fire-emblem-heroes.com\/wp-content\/uploads\/gimle_tyrant_of_ruin_slide02.png\" alt=\"\" \/>\r\n                        <\/li>\r\n                        <li class=\"sec_li sec_li--character\">\r\n                            <img decoding=\"async\" src=\"https:\/\/guide.fire-emblem-heroes.com\/wp-content\/uploads\/gimle_tyrant_of_ruin_slide03.png\" alt=\"\" \/>\r\n                        <\/li>\r\n                        <li class=\"sec_li sec_li--character\">\r\n                            <img decoding=\"async\" src=\"https:\/\/guide.fire-emblem-heroes.com\/wp-content\/uploads\/gimle_tyrant_of_ruin_slide04.png\" alt=\"\" \/>\r\n                        <\/li>\r\n                    <\/ul>\r\n                    <div class=\"sec_charainfoarea flex\">\r\n                        <div class=\"sec_gif\"><img loading=\"lazy\" decoding=\"async\" src=\"https:\/\/guide.fire-emblem-heroes.com\/wp-content\/uploads\/gimle_tyrant_of_ruin.png\" alt=\"\" width=\"210\" height=\"190\"\/><\/div>\r\n                        <div class=\"sec_charainfo\">\r\n                            <p id=\"CHARA_1248_002\" class=\"sec_characate sec_characate--heroes\">Eroi<\/p>\r\n                            <p id=\"CHARA_1248_003\" class=\"sec_charanick\">La rovina<\/p>\r\n                            <p id=\"CHARA_1248_004\" class=\"sec_charaname\">Grima<\/p>\r\n                            <p id=\"CHARA_1248_005\" class=\"sec_charaappearancetxt\">Appare in<\/p>\r\n                            <p id=\"CHARA_1248_006\" class=\"sec_charaappearancetxt\">Fire Emblem: Awakening<\/p>\r\n                        <\/div>\r\n                    <\/div>\r\n                <\/section>\r\n            <\/article>\r\n            <article>\r\n                <section class=\"sec sec_characterarea\">\r\n                    <div class=\"sec_h2chara\">\r\n                        <p id=\"CHARA_1248_007\" class=\"sec_h2charattl\">Lascia che sia Sharena a presentarti!<\/p>\r\n                        <h2 id=\"CHARA_1248_008\" class=\"sec_h2charatxt\">La rovina Grima<\/h2>\r\n                    <\/div>\r\n                    <dl class=\"sec_dl flex\">\r\n                        <dt id=\"CHARA_1248_009\" class=\"sec_dt\">Grima \u00e8 il Drago Maligno di cui si parla nelle leggende di Ylisse e Valm. Drago dalle presunte dimensioni impressionanti, Grima ha posseduto il corpo di Daraen, stratega di Ylisse, per usarlo come guscio e&#8230; Oh, vedo che ha aggiunto corna e ali all&#8217;aspetto di Daraen.<\/dt>\r\n                        <dd class=\"sec_dd\">\r\n                            <a href=\"https:\/\/guide.fire-emblem-heroes.com\/wp-content\/uploads\/gimle_tyrant_of_ruin_pop01.png\" class=\"popup-image\">\r\n                                <img decoding=\"async\" src=\"https:\/\/guide.fire-emblem-heroes.com\/wp-content\/uploads\/gimle_tyrant_of_ruin_info01.png\" alt=\"\" \/>\r\n                            <\/a>\r\n                        <\/dd>\r\n                        <dt id=\"CHARA_1248_010\" class=\"sec_dt\">Questa incarnazione di Grima si \u00e8 servita del potere dell&#8217;altare del Drago per tornare in vita.<\/dt>\r\n                        <dd class=\"sec_dd\">\r\n                            <a href=\"https:\/\/guide.fire-emblem-heroes.com\/wp-content\/uploads\/gimle_tyrant_of_ruin_pop02.png\" class=\"popup-image\">\r\n                                <img decoding=\"async\" src=\"https:\/\/guide.fire-emblem-heroes.com\/wp-content\/uploads\/gimle_tyrant_of_ruin_info02.png\" alt=\"\" \/>\r\n                            <\/a>\r\n                        <\/dd>\r\n                        <dt id=\"CHARA_1248_011\" class=\"sec_dt\">Inoltre, come se non bastasse, sta cercando di assorbire un&#8217;altra versione di Daraen da un altro punto nel tempo per ottenere un potere ancora pi\u00f9 grande!<\/dt>\r\n                        <dd class=\"sec_dd\">\r\n                            <a href=\"https:\/\/guide.fire-emblem-heroes.com\/wp-content\/uploads\/gimle_tyrant_of_ruin_pop03.png\" class=\"popup-image\">\r\n                                <img decoding=\"async\" src=\"https:\/\/guide.fire-emblem-heroes.com\/wp-content\/uploads\/gimle_tyrant_of_ruin_info03.png\" alt=\"\" \/>\r\n                            <\/a>\r\n                        <\/dd>\r\n                        <dt id=\"CHARA_1248_012\" class=\"sec_dt\">L&#8217;unico obiettivo di Grima \u00e8 quello di creare un mondo futuro di disperazione. Spero che riesca a essere flessibile su questo punto, perch\u00e9 voglio che tenga sotto controllo la sua ira mentre \u00e8 ad Askr!<\/dt>\r\n                        <dd class=\"sec_dd\">\r\n                            <a href=\"https:\/\/guide.fire-emblem-heroes.com\/wp-content\/uploads\/gimle_tyrant_of_ruin_pop04.png\" class=\"popup-image\">\r\n                                <img decoding=\"async\" src=\"https:\/\/guide.fire-emblem-heroes.com\/wp-content\/uploads\/gimle_tyrant_of_ruin_info04.png\" alt=\"\" \/>\r\n                            <\/a>\r\n                        <\/dd>\r\n                    <\/dl>\r\n                    <h3 id=\"CHARA_1248_013\" class=\"sec_h3charatxt\">Personaggi strettamente collegati<\/h3>\r\n                    <h4 id=\"CHARA_1248_014\" class=\"sec_h4charatxt\">Daraen<\/h4>\r\n                    <p id=\"CHARA_1248_015\" class=\"sec_charatxt\">Stratega d&#8217;Ylisse e alleato di Chrom. Aveva perso la memoria prima che si incontrassero. \u00c8 nato allo scopo di diventare il guscio di Grima.<\/p>\r\n                    <h4 id=\"CHARA_1248_016\" class=\"sec_h4charatxt\">Valldar<\/h4>\r\n                    <p id=\"CHARA_1248_017\" class=\"sec_charatxt\">Leader di una setta religiosa che venera il Drago Maligno, Grima. Diventa re della Plegia dopo la morte di Gangrel. Cospira per riportare in vita Grima.<\/p>\r\n                <\/section>\r\n            <\/article>\r\n        <\/main>","protected":false},"excerpt":{"rendered":"Eroi La rovina Grima Appare in Fire Emblem: Awakening Lascia che sia Sharena a presentarti! La rovina Grima Grima \u00e8 il Drago Maligno di cui si parla nelle leggende di Ylisse e Valm. Drago dalle presunte dimensioni impressionanti, Grima ha posseduto il corpo di Daraen, stratega di Ylisse, per usarlo come guscio e&#8230; Oh, vedo [&hellip;]","protected":false},"author":1,"featured_media":60604,"comment_status":"closed","ping_status":"closed","sticky":false,"template":"","format":"standard","meta":{"advanced_seo_description":"","jetpack_seo_html_title":"","jetpack_seo_noindex":false,"_jetpack_newsletter_access":"","_jetpack_dont_email_post_to_subs":false,"_jetpack_newsletter_tier_id":0,"_jetpack_memberships_contains_paywalled_content":false,"_locale":"it_IT","_original_post":"https:\/\/guide.fire-emblem-heroes.com\/?p=60449","_jetpack_memberships_contains_paid_content":false,"footnotes":"","jetpack_publicize_message":"","jetpack_publicize_feature_enabled":true,"jetpack_social_post_already_shared":false,"jetpack_social_options":{"image_generator_settings":{"template":"highway","default_image_id":0,"font":"","enabled":false},"version":2},"_wpas_customize_per_network":false,"jetpack_post_was_ever_published":false},"categories":[1384,1415,1431,1390],"tags":[1420],"class_list":["post-60458","post","type-post","status-publish","format-standard","has-post-thumbnail","hentry","category-character","category-heroes","category-ex_works_awakening","category-stay_heroes","tag-eroi","it-IT"],"jetpack_publicize_connections":[],"jetpack_featured_media_url":"https:\/\/guide.fire-emblem-heroes.com\/wp-content\/uploads\/gimle_tyrant_of_ruin.png","jetpack_sharing_enabled":false,"jetpack_shortlink":"https:\/\/wp.me\/pa0Mj3-fJ8","jetpack_likes_enabled":false,"amp_enabled":false,"_links":{"self":[{"href":"https:\/\/guide.fire-emblem-heroes.com\/wp-json\/wp\/v2\/posts\/60458","targetHints":{"allow":["GET"]}}],"collection":[{"href":"https:\/\/guide.fire-emblem-heroes.com\/wp-json\/wp\/v2\/posts"}],"about":[{"href":"https:\/\/guide.fire-emblem-heroes.com\/wp-json\/wp\/v2\/types\/post"}],"author":[{"embeddable":true,"href":"https:\/\/guide.fire-emblem-heroes.com\/wp-json\/wp\/v2\/users\/1"}],"replies":[{"embeddable":true,"href":"https:\/\/guide.fire-emblem-heroes.com\/wp-json\/wp\/v2\/comments?post=60458"}],"version-history":[{"count":1,"href":"https:\/\/guide.fire-emblem-heroes.com\/wp-json\/wp\/v2\/posts\/60458\/revisions"}],"predecessor-version":[{"id":60463,"href":"https:\/\/guide.fire-emblem-heroes.com\/wp-json\/wp\/v2\/posts\/60458\/revisions\/60463"}],"wp:featuredmedia":[{"embeddable":true,"href":"https:\/\/guide.fire-emblem-heroes.com\/wp-json\/wp\/v2\/media\/60604"}],"wp:attachment":[{"href":"https:\/\/guide.fire-emblem-heroes.com\/wp-json\/wp\/v2\/media?parent=60458"}],"wp:term":[{"taxonomy":"category","embeddable":true,"href":"https:\/\/guide.fire-emblem-heroes.com\/wp-json\/wp\/v2\/categories?post=60458"},{"taxonomy":"post_tag","embeddable":true,"href":"https:\/\/guide.fire-emblem-heroes.com\/wp-json\/wp\/v2\/tags?post=60458"}],"curies":[{"name":"wp","href":"https:\/\/api.w.org\/{rel}","templated":true}]}}