






{"id":60504,"date":"2025-06-04T12:56:22","date_gmt":"2025-06-04T03:56:22","guid":{"rendered":"https:\/\/guide.fire-emblem-heroes.com\/?p=60504"},"modified":"2025-06-30T16:05:28","modified_gmt":"2025-06-30T07:05:28","slug":"10004003001248-2","status":"publish","type":"post","link":"https:\/\/guide.fire-emblem-heroes.com\/it\/10004003001248-2\/","title":{"rendered":"<span class=\"character_nick\">La maga tetra<\/span><span class=\"character_name\">Tharja<\/span>"},"content":{"rendered":"<main id=\"CHARA_1250\" class=\"main_page character\">\r\n            <article>\r\n                <section class=\"sec sec_character\">\r\n                    <ul class=\"sec_ul sec_ul--character slick-box\">\r\n                        <li class=\"sec_li sec_li--character\">\r\n                            <img decoding=\"async\" src=\"https:\/\/guide.fire-emblem-heroes.com\/wp-content\/uploads\/sallya_gloomy_mage_slide01.png\" alt=\"\" \/>\r\n                        <\/li>\r\n                        <li class=\"sec_li sec_li--character\">\r\n                            <img decoding=\"async\" src=\"https:\/\/guide.fire-emblem-heroes.com\/wp-content\/uploads\/sallya_gloomy_mage_slide02.png\" alt=\"\" \/>\r\n                        <\/li>\r\n                        <li class=\"sec_li sec_li--character\">\r\n                            <img decoding=\"async\" src=\"https:\/\/guide.fire-emblem-heroes.com\/wp-content\/uploads\/sallya_gloomy_mage_slide03.png\" alt=\"\" \/>\r\n                        <\/li>\r\n                        <li class=\"sec_li sec_li--character\">\r\n                            <img decoding=\"async\" src=\"https:\/\/guide.fire-emblem-heroes.com\/wp-content\/uploads\/sallya_gloomy_mage_slide04.png\" alt=\"\" \/>\r\n                        <\/li>\r\n                    <\/ul>\r\n                    <div class=\"sec_charainfoarea flex\">\r\n                        <div class=\"sec_gif\"><img loading=\"lazy\" decoding=\"async\" src=\"https:\/\/guide.fire-emblem-heroes.com\/wp-content\/uploads\/sallya_gloomy_mage.png\" alt=\"\" width=\"210\" height=\"190\"\/><\/div>\r\n                        <div class=\"sec_charainfo\">\r\n                            <p id=\"CHARA_1250_002\" class=\"sec_characate sec_characate--attuned_heroes\">Eroi affini<\/p>\r\n                            <p id=\"CHARA_1250_003\" class=\"sec_charanick\">La maga tetra<\/p>\r\n                            <p id=\"CHARA_1250_004\" class=\"sec_charaname\">Tharja<\/p>\r\n                            <p id=\"CHARA_1250_005\" class=\"sec_charaappearancetxt\">Appare in<\/p>\r\n                            <p id=\"CHARA_1250_006\" class=\"sec_charaappearancetxt\">Fire Emblem: Awakening<\/p>\r\n                        <\/div>\r\n                    <\/div>\r\n                <\/section>\r\n            <\/article>\r\n            <article>\r\n                <section class=\"sec sec_characterarea\">\r\n                    <div class=\"sec_h2chara\">\r\n                        <p id=\"CHARA_1250_007\" class=\"sec_h2charattl\">Lascia che sia Sharena a presentarti!<\/p>\r\n                        <h2 id=\"CHARA_1250_008\" class=\"sec_h2charatxt\">La maga tetra Tharja<\/h2>\r\n                    <\/div>\r\n                    <dl class=\"sec_dl flex\">\r\n                        <dt id=\"CHARA_1250_009\" class=\"sec_dt\">Tharja \u00e8 una maga oscura di Plegia che, dopo aver rafforzato il legame con la figlia Noire, si \u00e8 presentata qui con un look nuovo di zecca!<\/dt>\r\n                        <dd class=\"sec_dd\">\r\n                            <a href=\"https:\/\/guide.fire-emblem-heroes.com\/wp-content\/uploads\/sallya_gloomy_mage_pop01.png\" class=\"popup-image\">\r\n                                <img decoding=\"async\" src=\"https:\/\/guide.fire-emblem-heroes.com\/wp-content\/uploads\/sallya_gloomy_mage_info01.png\" alt=\"\" \/>\r\n                            <\/a>\r\n                        <\/dd>\r\n                        <dt id=\"CHARA_1250_010\" class=\"sec_dt\">Ecco l&#8217;outfit di Tharja per questa nuova occasione. Il motivo a rombi e le piume nei capelli si abbinano al look di Noire!<\/dt>\r\n                        <dd class=\"sec_dd\">\r\n                            <a href=\"https:\/\/guide.fire-emblem-heroes.com\/wp-content\/uploads\/sallya_gloomy_mage_pop02.png\" class=\"popup-image\">\r\n                                <img decoding=\"async\" src=\"https:\/\/guide.fire-emblem-heroes.com\/wp-content\/uploads\/sallya_gloomy_mage_info02.png\" alt=\"\" \/>\r\n                            <\/a>\r\n                        <\/dd>\r\n                        <dt id=\"CHARA_1250_011\" class=\"sec_dt\">E guardate un po&#8217; il tomo che ha con s\u00e9! Noire \u00e8 un&#8217;esperta arciera e credo che il tomo prenda spunto da lei, visto che spara fulmini magici a forma di freccia!<\/dt>\r\n                        <dd class=\"sec_dd\">\r\n                            <a href=\"https:\/\/guide.fire-emblem-heroes.com\/wp-content\/uploads\/sallya_gloomy_mage_pop03.png\" class=\"popup-image\">\r\n                                <img decoding=\"async\" src=\"https:\/\/guide.fire-emblem-heroes.com\/wp-content\/uploads\/sallya_gloomy_mage_info03.png\" alt=\"\" \/>\r\n                            <\/a>\r\n                        <\/dd>\r\n                        <dt id=\"CHARA_1250_012\" class=\"sec_dt\">Poich\u00e9 Noire \u00e8 arrivata nel presente da un mondo futuro, lei e Tharja hanno pi\u00f9 o meno la stessa et\u00e0. Il nuovo vestito di Tharja fa s\u00ec che sembrino sorelle!<\/dt>\r\n                        <dd class=\"sec_dd\">\r\n                            <a href=\"https:\/\/guide.fire-emblem-heroes.com\/wp-content\/uploads\/sallya_gloomy_mage_pop04.png\" class=\"popup-image\">\r\n                                <img decoding=\"async\" src=\"https:\/\/guide.fire-emblem-heroes.com\/wp-content\/uploads\/sallya_gloomy_mage_info04.png\" alt=\"\" \/>\r\n                            <\/a>\r\n                        <\/dd>\r\n                    <\/dl>\r\n                    <h3 id=\"CHARA_1250_013\" class=\"sec_h3charatxt\">Personaggi strettamente collegati<\/h3>\r\n                    <h4 id=\"CHARA_1250_014\" class=\"sec_h4charatxt\">Daraen<\/h4>\r\n                    <p id=\"CHARA_1250_015\" class=\"sec_charatxt\">Stratega d&#8217;Ylisse e alleato di Chrom. Aveva perso la memoria prima che si incontrassero. \u00c8 oggetto del desiderio di Tharja.<\/p>\r\n                    <h4 id=\"CHARA_1250_016\" class=\"sec_h4charatxt\">Noire<\/h4>\r\n                    <p id=\"CHARA_1250_017\" class=\"sec_charatxt\">La figlia di Tharja. \u00c8 timida, ma se si arrabbia cambia personalit\u00e0 in un istante.<\/p>\r\n                <\/section>\r\n            <\/article>\r\n        <\/main>","protected":false},"excerpt":{"rendered":"Eroi affini La maga tetra Tharja Appare in Fire Emblem: Awakening Lascia che sia Sharena a presentarti! La maga tetra Tharja Tharja \u00e8 una maga oscura di Plegia che, dopo aver rafforzato il legame con la figlia Noire, si \u00e8 presentata qui con un look nuovo di zecca! Ecco l&#8217;outfit di Tharja per questa nuova [&hellip;]","protected":false},"author":1,"featured_media":60630,"comment_status":"closed","ping_status":"closed","sticky":false,"template":"","format":"standard","meta":{"advanced_seo_description":"","jetpack_seo_html_title":"","jetpack_seo_noindex":false,"_jetpack_newsletter_access":"","_jetpack_dont_email_post_to_subs":false,"_jetpack_newsletter_tier_id":0,"_jetpack_memberships_contains_paywalled_content":false,"_locale":"it_IT","_original_post":"https:\/\/guide.fire-emblem-heroes.com\/?p=60494","_jetpack_memberships_contains_paid_content":false,"footnotes":"","jetpack_publicize_message":"","jetpack_publicize_feature_enabled":true,"jetpack_social_post_already_shared":false,"jetpack_social_options":{"image_generator_settings":{"template":"highway","default_image_id":0,"font":"","enabled":false},"version":2},"_wpas_customize_per_network":false,"jetpack_post_was_ever_published":false},"categories":[1384,1523,1431,1390],"tags":[1522],"class_list":["post-60504","post","type-post","status-publish","format-standard","has-post-thumbnail","hentry","category-character","category-attuned_heroes","category-ex_works_awakening","category-stay_heroes","tag-eroi-affini","it-IT"],"jetpack_publicize_connections":[],"jetpack_featured_media_url":"https:\/\/guide.fire-emblem-heroes.com\/wp-content\/uploads\/sallya_gloomy_mage.png","jetpack_sharing_enabled":false,"jetpack_shortlink":"https:\/\/wp.me\/pa0Mj3-fJS","jetpack_likes_enabled":false,"amp_enabled":false,"_links":{"self":[{"href":"https:\/\/guide.fire-emblem-heroes.com\/wp-json\/wp\/v2\/posts\/60504","targetHints":{"allow":["GET"]}}],"collection":[{"href":"https:\/\/guide.fire-emblem-heroes.com\/wp-json\/wp\/v2\/posts"}],"about":[{"href":"https:\/\/guide.fire-emblem-heroes.com\/wp-json\/wp\/v2\/types\/post"}],"author":[{"embeddable":true,"href":"https:\/\/guide.fire-emblem-heroes.com\/wp-json\/wp\/v2\/users\/1"}],"replies":[{"embeddable":true,"href":"https:\/\/guide.fire-emblem-heroes.com\/wp-json\/wp\/v2\/comments?post=60504"}],"version-history":[{"count":1,"href":"https:\/\/guide.fire-emblem-heroes.com\/wp-json\/wp\/v2\/posts\/60504\/revisions"}],"predecessor-version":[{"id":60509,"href":"https:\/\/guide.fire-emblem-heroes.com\/wp-json\/wp\/v2\/posts\/60504\/revisions\/60509"}],"wp:featuredmedia":[{"embeddable":true,"href":"https:\/\/guide.fire-emblem-heroes.com\/wp-json\/wp\/v2\/media\/60630"}],"wp:attachment":[{"href":"https:\/\/guide.fire-emblem-heroes.com\/wp-json\/wp\/v2\/media?parent=60504"}],"wp:term":[{"taxonomy":"category","embeddable":true,"href":"https:\/\/guide.fire-emblem-heroes.com\/wp-json\/wp\/v2\/categories?post=60504"},{"taxonomy":"post_tag","embeddable":true,"href":"https:\/\/guide.fire-emblem-heroes.com\/wp-json\/wp\/v2\/tags?post=60504"}],"curies":[{"name":"wp","href":"https:\/\/api.w.org\/{rel}","templated":true}]}}