






{"id":61041,"date":"2025-07-04T14:03:14","date_gmt":"2025-07-04T05:03:14","guid":{"rendered":"https:\/\/guide.fire-emblem-heroes.com\/?p=61041"},"modified":"2025-11-04T13:48:24","modified_gmt":"2025-11-04T04:48:24","slug":"00008005001262-2","status":"publish","type":"post","link":"https:\/\/guide.fire-emblem-heroes.com\/it\/00008005001262-2\/","title":{"rendered":"<span class=\"character_nick\">L&#8217;onda di muscoli<\/span><span class=\"character_name\">Eik\u00feyrnir<\/span>"},"content":{"rendered":"<main id=\"CHARA_1263\" class=\"main_page character\">\r\n            <article>\r\n                <section class=\"sec sec_character\">\r\n                    <ul class=\"sec_ul sec_ul--character slick-box\">\r\n                        <li class=\"sec_li sec_li--character\">\r\n                            <img decoding=\"async\" src=\"https:\/\/guide.fire-emblem-heroes.com\/wp-content\/uploads\/eikthyrnir_fit_for_waves_slide01.png\" alt=\"\" \/>\r\n                        <\/li>\r\n                        <li class=\"sec_li sec_li--character\">\r\n                            <img decoding=\"async\" src=\"https:\/\/guide.fire-emblem-heroes.com\/wp-content\/uploads\/eikthyrnir_fit_for_waves_slide02.png\" alt=\"\" \/>\r\n                        <\/li>\r\n                        <li class=\"sec_li sec_li--character\">\r\n                            <img decoding=\"async\" src=\"https:\/\/guide.fire-emblem-heroes.com\/wp-content\/uploads\/eikthyrnir_fit_for_waves_slide03.png\" alt=\"\" \/>\r\n                        <\/li>\r\n                        <li class=\"sec_li sec_li--character\">\r\n                            <img decoding=\"async\" src=\"https:\/\/guide.fire-emblem-heroes.com\/wp-content\/uploads\/eikthyrnir_fit_for_waves_slide04.png\" alt=\"\" \/>\r\n                        <\/li>\r\n                    <\/ul>\r\n                    <div class=\"sec_charainfoarea flex\">\r\n                        <div class=\"sec_gif\"><img loading=\"lazy\" decoding=\"async\" src=\"https:\/\/guide.fire-emblem-heroes.com\/wp-content\/uploads\/eikthyrnir_fit_for_waves.png\" alt=\"\" width=\"210\" height=\"190\"\/><\/div>\r\n                        <div class=\"sec_charainfo\">\r\n                            <p id=\"CHARA_1263_002\" class=\"sec_characate sec_characate--special_heroes\">Eroi speciali<\/p>\r\n                            <p id=\"CHARA_1263_003\" class=\"sec_charanick\">L&#8217;onda di muscoli<\/p>\r\n                            <p id=\"CHARA_1263_004\" class=\"sec_charaname\">Eik\u00feyrnir<\/p>\r\n                            <p id=\"CHARA_1263_005\" class=\"sec_charaappearancetxt\">Appare in<\/p>\r\n                            <p id=\"CHARA_1263_006\" class=\"sec_charaappearancetxt\">Fire Emblem Heroes<\/p>\r\n                        <\/div>\r\n                    <\/div>\r\n                <\/section>\r\n            <\/article>\r\n            <article>\r\n                <section class=\"sec sec_characterarea\">\r\n                    <div class=\"sec_h2chara\">\r\n                        <p id=\"CHARA_1263_007\" class=\"sec_h2charattl\">Lascia che sia Sharena a presentarti!<\/p>\r\n                        <h2 id=\"CHARA_1263_008\" class=\"sec_h2charatxt\">L&#8217;onda di muscoli Eik\u00feyrnir<\/h2>\r\n                    <\/div>\r\n                    <dl class=\"sec_dl flex\">\r\n                        <dt id=\"CHARA_1263_009\" class=\"sec_dt\">Eik\u00feyrnir, un membro delle Mani sanatrici di Yggdrasill, si \u00e8 avventurato sotto il sole estivo in spiaggia!<\/dt>\r\n                        <dd class=\"sec_dd\">\r\n                            <a href=\"https:\/\/guide.fire-emblem-heroes.com\/wp-content\/uploads\/eikthyrnir_fit_for_waves_pop01.png\" class=\"popup-image\">\r\n                                <img decoding=\"async\" src=\"https:\/\/guide.fire-emblem-heroes.com\/wp-content\/uploads\/eikthyrnir_fit_for_waves_info01.png\" alt=\"\" \/>\r\n                            <\/a>\r\n                        <\/dd>\r\n                        <dt id=\"CHARA_1263_010\" class=\"sec_dt\">Eccolo qui, in un look da spiaggia di grande impatto grazie al forte contrasto di nero e giallo che sfoggia. Ah, e il marsupio che indossa di traverso contiene bende e altri oggetti utili!<\/dt>\r\n                        <dd class=\"sec_dd\">\r\n                            <a href=\"https:\/\/guide.fire-emblem-heroes.com\/wp-content\/uploads\/eikthyrnir_fit_for_waves_pop02.png\" class=\"popup-image\">\r\n                                <img decoding=\"async\" src=\"https:\/\/guide.fire-emblem-heroes.com\/wp-content\/uploads\/eikthyrnir_fit_for_waves_info02.png\" alt=\"\" \/>\r\n                            <\/a>\r\n                        <\/dd>\r\n                        <dt id=\"CHARA_1263_011\" class=\"sec_dt\">Per Eik\u00feyrnir non c&#8217;\u00e8 niente di pi\u00f9 importante del suo allenamento e anche in spiaggia deve avere dei manubri a portata di mano. Pensate che il salvagente che ha con s\u00e9 serva a salvare vite o a divertirsi in acqua?<\/dt>\r\n                        <dd class=\"sec_dd\">\r\n                            <a href=\"https:\/\/guide.fire-emblem-heroes.com\/wp-content\/uploads\/eikthyrnir_fit_for_waves_pop03.png\" class=\"popup-image\">\r\n                                <img decoding=\"async\" src=\"https:\/\/guide.fire-emblem-heroes.com\/wp-content\/uploads\/eikthyrnir_fit_for_waves_info03.png\" alt=\"\" \/>\r\n                            <\/a>\r\n                        <\/dd>\r\n                        <dt id=\"CHARA_1263_012\" class=\"sec_dt\">Beh, suppongo che non ci siano regole su come trascorrere il tempo al mare, almeno finch\u00e9 c&#8217;\u00e8 un bagnino che possa intervenire. Ho sentito dire che nuotare non \u00e8 il forte di Eik\u00feyrnir, ma gli piace correre nell&#8217;acqua!<\/dt>\r\n                        <dd class=\"sec_dd\">\r\n                            <a href=\"https:\/\/guide.fire-emblem-heroes.com\/wp-content\/uploads\/eikthyrnir_fit_for_waves_pop04.png\" class=\"popup-image\">\r\n                                <img decoding=\"async\" src=\"https:\/\/guide.fire-emblem-heroes.com\/wp-content\/uploads\/eikthyrnir_fit_for_waves_info04.png\" alt=\"\" \/>\r\n                            <\/a>\r\n                        <\/dd>\r\n                    <\/dl>\r\n                    <h3 id=\"CHARA_1263_013\" class=\"sec_h3charatxt\">Personaggi strettamente collegati<\/h3>\r\n                    <h4 id=\"CHARA_1263_014\" class=\"sec_h4charatxt\">L\u00e6ra\u00f0r<\/h4>\r\n                    <p id=\"CHARA_1263_015\" class=\"sec_charatxt\">Padre di Eik\u00feyrnir e capo delle Mani sanatrici di Yggdrasill. \u00c8 noto per la sua capacit\u00e0 di controllare i cuori delle persone.<\/p>\r\n                    <h4 id=\"CHARA_1263_016\" class=\"sec_h4charatxt\">Ratatoskr<\/h4>\r\n                    <p id=\"CHARA_1263_017\" class=\"sec_charatxt\">Sorella minore di Eik\u00feyrnir e membro delle Mani sanatrici di Yggdrasill, tende a essere sopraffatta dalle emozioni quando ci sono cose da fare. Ha curato malattie in tutti i nove regni.<\/p>\r\n                    <h4 id=\"CHARA_1263_018\" class=\"sec_h4charatxt\">Hei\u00f0r\u00fan<\/h4>\r\n                    <p id=\"CHARA_1263_019\" class=\"sec_charatxt\">Sorella minore di Eik\u00feyrnir e membro delle Mani sanatrici di Yggdrasill. Il suo nettare \u00e8 una potente medicina che pu\u00f2 guarire dall&#8217;avvelenamento e dalle malattie.<\/p>\r\n                <\/section>\r\n            <\/article>\r\n        <\/main>","protected":false},"excerpt":{"rendered":"Eroi speciali L&#8217;onda di muscoli Eik\u00feyrnir Appare in Fire Emblem Heroes Lascia che sia Sharena a presentarti! L&#8217;onda di muscoli Eik\u00feyrnir Eik\u00feyrnir, un membro delle Mani sanatrici di Yggdrasill, si \u00e8 avventurato sotto il sole estivo in spiaggia! Eccolo qui, in un look da spiaggia di grande impatto grazie al forte contrasto di nero e [&hellip;]","protected":false},"author":1,"featured_media":61085,"comment_status":"closed","ping_status":"closed","sticky":false,"template":"","format":"standard","meta":{"advanced_seo_description":"","jetpack_seo_html_title":"","jetpack_seo_noindex":false,"_jetpack_newsletter_access":"","_jetpack_dont_email_post_to_subs":false,"_jetpack_newsletter_tier_id":0,"_jetpack_memberships_contains_paywalled_content":false,"_locale":"it_IT","_original_post":"https:\/\/guide.fire-emblem-heroes.com\/?p=61031","_jetpack_memberships_contains_paid_content":false,"footnotes":"","jetpack_publicize_message":"","jetpack_publicize_feature_enabled":true,"jetpack_social_post_already_shared":false,"jetpack_social_options":{"image_generator_settings":{"template":"highway","default_image_id":0,"font":"","enabled":false},"version":2},"_wpas_customize_per_network":false,"jetpack_post_was_ever_published":false},"categories":[1384,1423,1405,1390],"tags":[1411],"class_list":["post-61041","post","type-post","status-publish","format-standard","has-post-thumbnail","hentry","category-character","category-ex_works_heroes","category-special_heroes","category-stay_heroes","tag-eroi-speciali","it-IT"],"jetpack_publicize_connections":[],"jetpack_featured_media_url":"https:\/\/guide.fire-emblem-heroes.com\/wp-content\/uploads\/eikthyrnir_fit_for_waves.png","jetpack_sharing_enabled":false,"jetpack_shortlink":"https:\/\/wp.me\/pa0Mj3-fSx","jetpack_likes_enabled":false,"amp_enabled":false,"_links":{"self":[{"href":"https:\/\/guide.fire-emblem-heroes.com\/wp-json\/wp\/v2\/posts\/61041","targetHints":{"allow":["GET"]}}],"collection":[{"href":"https:\/\/guide.fire-emblem-heroes.com\/wp-json\/wp\/v2\/posts"}],"about":[{"href":"https:\/\/guide.fire-emblem-heroes.com\/wp-json\/wp\/v2\/types\/post"}],"author":[{"embeddable":true,"href":"https:\/\/guide.fire-emblem-heroes.com\/wp-json\/wp\/v2\/users\/1"}],"replies":[{"embeddable":true,"href":"https:\/\/guide.fire-emblem-heroes.com\/wp-json\/wp\/v2\/comments?post=61041"}],"version-history":[{"count":1,"href":"https:\/\/guide.fire-emblem-heroes.com\/wp-json\/wp\/v2\/posts\/61041\/revisions"}],"predecessor-version":[{"id":61049,"href":"https:\/\/guide.fire-emblem-heroes.com\/wp-json\/wp\/v2\/posts\/61041\/revisions\/61049"}],"wp:featuredmedia":[{"embeddable":true,"href":"https:\/\/guide.fire-emblem-heroes.com\/wp-json\/wp\/v2\/media\/61085"}],"wp:attachment":[{"href":"https:\/\/guide.fire-emblem-heroes.com\/wp-json\/wp\/v2\/media?parent=61041"}],"wp:term":[{"taxonomy":"category","embeddable":true,"href":"https:\/\/guide.fire-emblem-heroes.com\/wp-json\/wp\/v2\/categories?post=61041"},{"taxonomy":"post_tag","embeddable":true,"href":"https:\/\/guide.fire-emblem-heroes.com\/wp-json\/wp\/v2\/tags?post=61041"}],"curies":[{"name":"wp","href":"https:\/\/api.w.org\/{rel}","templated":true}]}}