






{"id":63049,"date":"2025-10-15T13:01:36","date_gmt":"2025-10-15T04:01:36","guid":{"rendered":"https:\/\/guide.fire-emblem-heroes.com\/?p=63049"},"modified":"2025-11-06T16:28:52","modified_gmt":"2025-11-06T07:28:52","slug":"00001002001301-2","status":"publish","type":"post","link":"https:\/\/guide.fire-emblem-heroes.com\/it\/00001002001301-2\/","title":{"rendered":"<span class=\"character_nick\">Divinit\u00e0 in prestito<\/span><span class=\"character_name\">Sharena<\/span>"},"content":{"rendered":"<main id=\"CHARA_1306\" class=\"main_page character\">\r\n            <article>\r\n                <section class=\"sec sec_character\">\r\n                    <ul class=\"sec_ul sec_ul--character slick-box\">\r\n                        <li class=\"sec_li sec_li--character\">\r\n                            <img decoding=\"async\" src=\"https:\/\/guide.fire-emblem-heroes.com\/wp-content\/uploads\/sharon2_borrowed_divinity_slide01.png\" alt=\"\" \/>\r\n                        <\/li>\r\n                        <li class=\"sec_li sec_li--character\">\r\n                            <img decoding=\"async\" src=\"https:\/\/guide.fire-emblem-heroes.com\/wp-content\/uploads\/sharon2_borrowed_divinity_slide02.png\" alt=\"\" \/>\r\n                        <\/li>\r\n                        <li class=\"sec_li sec_li--character\">\r\n                            <img decoding=\"async\" src=\"https:\/\/guide.fire-emblem-heroes.com\/wp-content\/uploads\/sharon2_borrowed_divinity_slide03.png\" alt=\"\" \/>\r\n                        <\/li>\r\n                        <li class=\"sec_li sec_li--character\">\r\n                            <img decoding=\"async\" src=\"https:\/\/guide.fire-emblem-heroes.com\/wp-content\/uploads\/sharon2_borrowed_divinity_slide04.png\" alt=\"\" \/>\r\n                        <\/li>\r\n                    <\/ul>\r\n                    <div class=\"sec_charainfoarea flex\">\r\n                        <div class=\"sec_gif\"><img loading=\"lazy\" decoding=\"async\" src=\"https:\/\/guide.fire-emblem-heroes.com\/wp-content\/uploads\/sharon2_borrowed_divinity.png\" alt=\"\" width=\"210\" height=\"190\"\/><\/div>\r\n                        <div class=\"sec_charainfo\">\r\n                            <p id=\"CHARA_1306_002\" class=\"sec_characate sec_characate--entwined_heroes\">Eroi intrecciati<\/p>\r\n                            <p id=\"CHARA_1306_003\" class=\"sec_charanick\">Divinit\u00e0 in prestito<\/p>\r\n                            <p id=\"CHARA_1306_004\" class=\"sec_charaname\">Sharena<\/p>\r\n                            <p id=\"CHARA_1306_005\" class=\"sec_charaappearancetxt\">Appare in<\/p>\r\n                            <p id=\"CHARA_1306_006\" class=\"sec_charaappearancetxt\">Fire Emblem Heroes<\/p>\r\n                        <\/div>\r\n                    <\/div>\r\n                <\/section>\r\n            <\/article>\r\n            <article>\r\n                <section class=\"sec sec_characterarea\">\r\n                    <div class=\"sec_h2chara\">\r\n                        <p id=\"CHARA_1306_007\" class=\"sec_h2charattl\">Lascia che sia Sharena a presentarti!<\/p>\r\n                        <h2 id=\"CHARA_1306_008\" class=\"sec_h2charatxt\">Divinit\u00e0 in prestito Sharena<\/h2>\r\n                    <\/div>\r\n                    <dl class=\"sec_dl flex\">\r\n                        <dt id=\"CHARA_1306_009\" class=\"sec_dt\">Sorpresa! Sono io, e ora sono pi\u00f9 potente che mai! Sapete, la mia arma e la mia armatura sono state intrise del potere dell&#8217;Askr di un altro mondo!<\/dt>\r\n                        <dd class=\"sec_dd\">\r\n                            <a href=\"https:\/\/guide.fire-emblem-heroes.com\/wp-content\/uploads\/sharon2_borrowed_divinity_pop01.png\" class=\"popup-image\">\r\n                                <img decoding=\"async\" src=\"https:\/\/guide.fire-emblem-heroes.com\/wp-content\/uploads\/sharon2_borrowed_divinity_info01.png\" alt=\"\" \/>\r\n                            <\/a>\r\n                        <\/dd>\r\n                        <dt id=\"CHARA_1306_010\" class=\"sec_dt\">Date un&#8217;occhiata a questa lancia e a questo scudo! Sono benedetti con la protezione di Askr, che conferisce loro il potere di tenere al sicuro chi li brandisce.<\/dt>\r\n                        <dd class=\"sec_dd\">\r\n                            <a href=\"https:\/\/guide.fire-emblem-heroes.com\/wp-content\/uploads\/sharon2_borrowed_divinity_pop02.png\" class=\"popup-image\">\r\n                                <img decoding=\"async\" src=\"https:\/\/guide.fire-emblem-heroes.com\/wp-content\/uploads\/sharon2_borrowed_divinity_info02.png\" alt=\"\" \/>\r\n                            <\/a>\r\n                        <\/dd>\r\n                        <dt id=\"CHARA_1306_011\" class=\"sec_dt\">Una nuova lancia e un nuovo scudo significano ovviamente che avr\u00f2 bisogno anche di nuovi abiti, ed eccoli qui: una splendida armatura con tanto di lungo mantello! Questa volta ho anche sciolto le trecce che porto di solito. Come sto?<\/dt>\r\n                        <dd class=\"sec_dd\">\r\n                            <a href=\"https:\/\/guide.fire-emblem-heroes.com\/wp-content\/uploads\/sharon2_borrowed_divinity_pop03.png\" class=\"popup-image\">\r\n                                <img decoding=\"async\" src=\"https:\/\/guide.fire-emblem-heroes.com\/wp-content\/uploads\/sharon2_borrowed_divinity_info03.png\" alt=\"\" \/>\r\n                            <\/a>\r\n                        <\/dd>\r\n                        <dt id=\"CHARA_1306_012\" class=\"sec_dt\">Quando abbiamo messo piede in quell&#8217;altro mondo, non avrei mai immaginato di finire a brandire una lancia e uno scudo cos\u00ec legati ad Askr stesso. Ora riuscir\u00f2 a fare la mia parte meglio che mai!<\/dt>\r\n                        <dd class=\"sec_dd\">\r\n                            <a href=\"https:\/\/guide.fire-emblem-heroes.com\/wp-content\/uploads\/sharon2_borrowed_divinity_pop04.png\" class=\"popup-image\">\r\n                                <img decoding=\"async\" src=\"https:\/\/guide.fire-emblem-heroes.com\/wp-content\/uploads\/sharon2_borrowed_divinity_info04.png\" alt=\"\" \/>\r\n                            <\/a>\r\n                        <\/dd>\r\n                    <\/dl>\r\n                    <h3 id=\"CHARA_1306_013\" class=\"sec_h3charatxt\">Personaggi strettamente collegati<\/h3>\r\n                    <h4 id=\"CHARA_1306_014\" class=\"sec_h4charatxt\">Askr<\/h4>\r\n                    <p id=\"CHARA_1306_015\" class=\"sec_charatxt\">Allegra e benevola divinit\u00e0 del regno dell&#8217;apertura che porta il suo nome. Sharena indossa degli armamenti che portano la sua benedizione dopo il suo arrivo da un altro mondo.<\/p>\r\n                <\/section>\r\n            <\/article>\r\n        <\/main>","protected":false},"excerpt":{"rendered":"Eroi intrecciati Divinit\u00e0 in prestito Sharena Appare in Fire Emblem Heroes Lascia che sia Sharena a presentarti! Divinit\u00e0 in prestito Sharena Sorpresa! Sono io, e ora sono pi\u00f9 potente che mai! Sapete, la mia arma e la mia armatura sono state intrise del potere dell&#8217;Askr di un altro mondo! Date un&#8217;occhiata a questa lancia e [&hellip;]","protected":false},"author":1,"featured_media":63125,"comment_status":"closed","ping_status":"closed","sticky":false,"template":"","format":"standard","meta":{"advanced_seo_description":"","jetpack_seo_html_title":"","jetpack_seo_noindex":false,"_jetpack_newsletter_access":"","_jetpack_dont_email_post_to_subs":false,"_jetpack_newsletter_tier_id":0,"_jetpack_memberships_contains_paywalled_content":false,"_locale":"it_IT","_original_post":"https:\/\/guide.fire-emblem-heroes.com\/?p=63040","_jetpack_memberships_contains_paid_content":false,"footnotes":"","jetpack_publicize_message":"","jetpack_publicize_feature_enabled":true,"jetpack_social_post_already_shared":false,"jetpack_social_options":{"image_generator_settings":{"template":"highway","default_image_id":0,"font":"","enabled":false},"version":2},"_wpas_customize_per_network":false,"jetpack_post_was_ever_published":false},"categories":[1565,1384,1423,1390],"tags":[1567],"class_list":["post-63049","post","type-post","status-publish","format-standard","has-post-thumbnail","hentry","category-entwined_heroes","category-character","category-ex_works_heroes","category-stay_heroes","tag-eroi-intrecciati","it-IT"],"jetpack_publicize_connections":[],"jetpack_featured_media_url":"https:\/\/guide.fire-emblem-heroes.com\/wp-content\/uploads\/sharon2_borrowed_divinity.png","jetpack_sharing_enabled":false,"jetpack_shortlink":"https:\/\/wp.me\/pa0Mj3-goV","jetpack_likes_enabled":false,"amp_enabled":false,"_links":{"self":[{"href":"https:\/\/guide.fire-emblem-heroes.com\/wp-json\/wp\/v2\/posts\/63049","targetHints":{"allow":["GET"]}}],"collection":[{"href":"https:\/\/guide.fire-emblem-heroes.com\/wp-json\/wp\/v2\/posts"}],"about":[{"href":"https:\/\/guide.fire-emblem-heroes.com\/wp-json\/wp\/v2\/types\/post"}],"author":[{"embeddable":true,"href":"https:\/\/guide.fire-emblem-heroes.com\/wp-json\/wp\/v2\/users\/1"}],"replies":[{"embeddable":true,"href":"https:\/\/guide.fire-emblem-heroes.com\/wp-json\/wp\/v2\/comments?post=63049"}],"version-history":[{"count":1,"href":"https:\/\/guide.fire-emblem-heroes.com\/wp-json\/wp\/v2\/posts\/63049\/revisions"}],"predecessor-version":[{"id":63053,"href":"https:\/\/guide.fire-emblem-heroes.com\/wp-json\/wp\/v2\/posts\/63049\/revisions\/63053"}],"wp:featuredmedia":[{"embeddable":true,"href":"https:\/\/guide.fire-emblem-heroes.com\/wp-json\/wp\/v2\/media\/63125"}],"wp:attachment":[{"href":"https:\/\/guide.fire-emblem-heroes.com\/wp-json\/wp\/v2\/media?parent=63049"}],"wp:term":[{"taxonomy":"category","embeddable":true,"href":"https:\/\/guide.fire-emblem-heroes.com\/wp-json\/wp\/v2\/categories?post=63049"},{"taxonomy":"post_tag","embeddable":true,"href":"https:\/\/guide.fire-emblem-heroes.com\/wp-json\/wp\/v2\/tags?post=63049"}],"curies":[{"name":"wp","href":"https:\/\/api.w.org\/{rel}","templated":true}]}}