






{"id":64213,"date":"2025-12-25T11:44:39","date_gmt":"2025-12-25T02:44:39","guid":{"rendered":"https:\/\/guide.fire-emblem-heroes.com\/?p=64213"},"modified":"2026-02-03T14:32:42","modified_gmt":"2026-02-03T05:32:42","slug":"00009002001329-2","status":"publish","type":"post","link":"https:\/\/guide.fire-emblem-heroes.com\/it\/00009002001329-2\/","title":{"rendered":"<span class=\"character_nick\">Il duo celebrativo<\/span><span class=\"character_name\">Baldr<\/span>"},"content":{"rendered":"<main id=\"CHARA_1329\" class=\"main_page character\">\r\n            <article>\r\n                <section class=\"sec sec_character\">\r\n                    <ul class=\"sec_ul sec_ul--character slick-box\">\r\n                        <li class=\"sec_li sec_li--character\">\r\n                            <img decoding=\"async\" src=\"https:\/\/guide.fire-emblem-heroes.com\/wp-content\/uploads\/baldr_new_years_elite_slide01.png\" alt=\"\" \/>\r\n                        <\/li>\r\n                        <li class=\"sec_li sec_li--character\">\r\n                            <img decoding=\"async\" src=\"https:\/\/guide.fire-emblem-heroes.com\/wp-content\/uploads\/baldr_new_years_elite_slide02.png\" alt=\"\" \/>\r\n                        <\/li>\r\n                        <li class=\"sec_li sec_li--character\">\r\n                            <img decoding=\"async\" src=\"https:\/\/guide.fire-emblem-heroes.com\/wp-content\/uploads\/baldr_new_years_elite_slide03.png\" alt=\"\" \/>\r\n                        <\/li>\r\n                        <li class=\"sec_li sec_li--character\">\r\n                            <img decoding=\"async\" src=\"https:\/\/guide.fire-emblem-heroes.com\/wp-content\/uploads\/baldr_new_years_elite_slide04.png\" alt=\"\" \/>\r\n                        <\/li>\r\n                    <\/ul>\r\n                    <div class=\"sec_charainfoarea flex\">\r\n                        <div class=\"sec_gif\"><img loading=\"lazy\" decoding=\"async\" src=\"https:\/\/guide.fire-emblem-heroes.com\/wp-content\/uploads\/baldr_new_years_elite.png\" alt=\"\" width=\"210\" height=\"190\"\/><\/div>\r\n                        <div class=\"sec_charainfo\">\r\n                            <p id=\"CHARA_1329_002\" class=\"sec_characate sec_characate--duo_hero\">Eroi Coppia<\/p>\r\n                            <p id=\"CHARA_1329_003\" class=\"sec_charanick\">Il duo celebrativo<\/p>\r\n                            <p id=\"CHARA_1329_004\" class=\"sec_charaname\">Baldr<\/p>\r\n                            <p id=\"CHARA_1329_005\" class=\"sec_charaappearancetxt\">Appare in<\/p>\r\n                            <p id=\"CHARA_1329_006\" class=\"sec_charaappearancetxt\">Fire Emblem Heroes<\/p>\r\n                        <\/div>\r\n                    <\/div>\r\n                <\/section>\r\n            <\/article>\r\n            <article>\r\n                <section class=\"sec sec_characterarea\">\r\n                    <div class=\"sec_h2chara\">\r\n                        <p id=\"CHARA_1329_007\" class=\"sec_h2charattl\">Lascia che sia Sharena a presentarti!<\/p>\r\n                        <h2 id=\"CHARA_1329_008\" class=\"sec_h2charatxt\">Il duo celebrativo Baldr<\/h2>\r\n                    <\/div>\r\n                    <dl class=\"sec_dl flex\">\r\n                        <dt id=\"CHARA_1329_009\" class=\"sec_dt\">Baldr \u00e8 una divinit\u00e0 del regno celeste di \u00c1sgar\u00f0r, ed \u00e8 venuta a festeggiare il nuovo anno con noi! Ha portato anche sua sorella H\u00f6\u00f0r. Entrambe indossano una mise speciale pensata apposta per l&#8217;occasione!<\/dt>\r\n                        <dd class=\"sec_dd\">\r\n                            <a href=\"https:\/\/guide.fire-emblem-heroes.com\/wp-content\/uploads\/baldr_new_years_elite_pop01.png\" class=\"popup-image\">\r\n                                <img decoding=\"async\" src=\"https:\/\/guide.fire-emblem-heroes.com\/wp-content\/uploads\/baldr_new_years_elite_info01.png\" alt=\"\" \/>\r\n                            <\/a>\r\n                        <\/dd>\r\n                        <dt id=\"CHARA_1329_010\" class=\"sec_dt\">Per questa festa speciale di Capodanno, Baldr indossa un kimono grigio pallido con una giacca haori arancione. Il motivo a rose bianche sparse qua e l\u00e0 rende il completo davvero affascinante!<\/dt>\r\n                        <dd class=\"sec_dd\">\r\n                            <a href=\"https:\/\/guide.fire-emblem-heroes.com\/wp-content\/uploads\/baldr_new_years_elite_pop02.png\" class=\"popup-image\">\r\n                                <img decoding=\"async\" src=\"https:\/\/guide.fire-emblem-heroes.com\/wp-content\/uploads\/baldr_new_years_elite_info02.png\" alt=\"\" \/>\r\n                            <\/a>\r\n                        <\/dd>\r\n                        <dt id=\"CHARA_1329_011\" class=\"sec_dt\">Il completo di H\u00f6\u00f0r, invece, \u00e8 realizzato con una stoffa in tonalit\u00e0 di blu con motivi di fiori di pruno ed \u00e8 impreziosito da stivali abbinati ai pantaloni hakama dal look moderno!<\/dt>\r\n                        <dd class=\"sec_dd\">\r\n                            <a href=\"https:\/\/guide.fire-emblem-heroes.com\/wp-content\/uploads\/baldr_new_years_elite_pop03.png\" class=\"popup-image\">\r\n                                <img decoding=\"async\" src=\"https:\/\/guide.fire-emblem-heroes.com\/wp-content\/uploads\/baldr_new_years_elite_info03.png\" alt=\"\" \/>\r\n                            <\/a>\r\n                        <\/dd>\r\n                        <dt id=\"CHARA_1329_012\" class=\"sec_dt\">Baldr ha accettato la sfida di giocare a hanetsuki e far volare gli aquiloni, mentre H\u00f6\u00f0r si accontenta di guardare. Sembra che le due sorelle si stiano divertendo un mondo insieme questo Capodanno!<\/dt>\r\n                        <dd class=\"sec_dd\">\r\n                            <a href=\"https:\/\/guide.fire-emblem-heroes.com\/wp-content\/uploads\/baldr_new_years_elite_pop04.png\" class=\"popup-image\">\r\n                                <img decoding=\"async\" src=\"https:\/\/guide.fire-emblem-heroes.com\/wp-content\/uploads\/baldr_new_years_elite_info04.png\" alt=\"\" \/>\r\n                            <\/a>\r\n                        <\/dd>\r\n                    <\/dl>\r\n                    <h3 id=\"CHARA_1329_013\" class=\"sec_h3charatxt\">Personaggi strettamente collegati<\/h3>\r\n                    <h4 id=\"CHARA_1329_014\" class=\"sec_h4charatxt\">V\u00e1li<\/h4>\r\n                    <p id=\"CHARA_1329_015\" class=\"sec_charatxt\">Una dea di \u00c1sgar\u00f0r, il regno celeste, vendicativa di natura. Adora sua sorella Baldr, e ha giurato vendetta su chiunque le abbia fatto del male. \u00c8 la sorella pi\u00f9 giovane di Baldr e di H\u00f6\u00f0r.<\/p>\r\n                    <h4 id=\"CHARA_1329_016\" class=\"sec_h4charatxt\">Alfa\u00f0\u00f6r, il re celestiale<\/h4>\r\n                    <p id=\"CHARA_1329_017\" class=\"sec_charatxt\">Re delle divinit\u00e0 di \u00c1sgar\u00f0r, il regno celeste. Desidera ottenere la conoscenza assoluta e a tal fine \u00e8 pronto a sacrificare qualsiasi cosa. \u00c8 il padre di Baldr e H\u00f6\u00f0r.<\/p>\r\n                <\/section>\r\n            <\/article>\r\n        <\/main>","protected":false},"excerpt":{"rendered":"Eroi Coppia Il duo celebrativo Baldr Appare in Fire Emblem Heroes Lascia che sia Sharena a presentarti! Il duo celebrativo Baldr Baldr \u00e8 una divinit\u00e0 del regno celeste di \u00c1sgar\u00f0r, ed \u00e8 venuta a festeggiare il nuovo anno con noi! Ha portato anche sua sorella H\u00f6\u00f0r. Entrambe indossano una mise speciale pensata apposta per l&#8217;occasione! [&hellip;]","protected":false},"author":1,"featured_media":64300,"comment_status":"closed","ping_status":"closed","sticky":false,"template":"","format":"standard","meta":{"advanced_seo_description":"","jetpack_seo_html_title":"","jetpack_seo_noindex":false,"_jetpack_newsletter_access":"","_jetpack_dont_email_post_to_subs":false,"_jetpack_newsletter_tier_id":0,"_jetpack_memberships_contains_paywalled_content":false,"_locale":"it_IT","_original_post":"https:\/\/guide.fire-emblem-heroes.com\/?p=64204","_jetpack_memberships_contains_paid_content":false,"footnotes":"","jetpack_publicize_message":"","jetpack_publicize_feature_enabled":true,"jetpack_social_post_already_shared":false,"jetpack_social_options":{"image_generator_settings":{"template":"highway","default_image_id":0,"font":"","enabled":false},"version":2},"_wpas_customize_per_network":false,"jetpack_post_was_ever_published":false},"categories":[1384,1423,1390,1440],"tags":[1446],"class_list":["post-64213","post","type-post","status-publish","format-standard","has-post-thumbnail","hentry","category-character","category-ex_works_heroes","category-stay_heroes","category-duo_heroes","tag-eroi-coppia","it-IT"],"jetpack_publicize_connections":[],"jetpack_featured_media_url":"https:\/\/guide.fire-emblem-heroes.com\/wp-content\/uploads\/baldr_new_years_elite.png","jetpack_sharing_enabled":false,"jetpack_shortlink":"https:\/\/wp.me\/pa0Mj3-gHH","jetpack_likes_enabled":false,"amp_enabled":false,"_links":{"self":[{"href":"https:\/\/guide.fire-emblem-heroes.com\/wp-json\/wp\/v2\/posts\/64213","targetHints":{"allow":["GET"]}}],"collection":[{"href":"https:\/\/guide.fire-emblem-heroes.com\/wp-json\/wp\/v2\/posts"}],"about":[{"href":"https:\/\/guide.fire-emblem-heroes.com\/wp-json\/wp\/v2\/types\/post"}],"author":[{"embeddable":true,"href":"https:\/\/guide.fire-emblem-heroes.com\/wp-json\/wp\/v2\/users\/1"}],"replies":[{"embeddable":true,"href":"https:\/\/guide.fire-emblem-heroes.com\/wp-json\/wp\/v2\/comments?post=64213"}],"version-history":[{"count":1,"href":"https:\/\/guide.fire-emblem-heroes.com\/wp-json\/wp\/v2\/posts\/64213\/revisions"}],"predecessor-version":[{"id":64219,"href":"https:\/\/guide.fire-emblem-heroes.com\/wp-json\/wp\/v2\/posts\/64213\/revisions\/64219"}],"wp:featuredmedia":[{"embeddable":true,"href":"https:\/\/guide.fire-emblem-heroes.com\/wp-json\/wp\/v2\/media\/64300"}],"wp:attachment":[{"href":"https:\/\/guide.fire-emblem-heroes.com\/wp-json\/wp\/v2\/media?parent=64213"}],"wp:term":[{"taxonomy":"category","embeddable":true,"href":"https:\/\/guide.fire-emblem-heroes.com\/wp-json\/wp\/v2\/categories?post=64213"},{"taxonomy":"post_tag","embeddable":true,"href":"https:\/\/guide.fire-emblem-heroes.com\/wp-json\/wp\/v2\/tags?post=64213"}],"curies":[{"name":"wp","href":"https:\/\/api.w.org\/{rel}","templated":true}]}}