






{"id":6482,"date":"2019-01-29T19:08:35","date_gmt":"2019-01-29T10:08:35","guid":{"rendered":"https:\/\/guide.fire-emblem-heroes.com\/?p=6482"},"modified":"2019-07-11T18:34:56","modified_gmt":"2019-07-11T09:34:56","slug":"azura_vallite_songstress","status":"publish","type":"post","link":"https:\/\/guide.fire-emblem-heroes.com\/it\/azura_vallite_songstress\/","title":{"rendered":"<span class=\"character_nick\">La cantrice vallita<\/span><span class=\"character_name\">Azura<\/span>"},"content":{"rendered":"<main id=\"chara_006\" class=\"main_page character\">\r\n    <article>\r\n        <section class=\"sec sec_character\">\r\n            <ul class=\"sec_ul sec_ul--character slick-box\">\r\n                <li class=\"sec_li sec_li--character\">\r\n                    <img decoding=\"async\" src=\"https:\/\/guide.fire-emblem-heroes.com\/wp-content\/uploads\/azura_vallite_songstress_slide01.png\" alt=\"\" \/>\r\n                <\/li>\r\n                <li class=\"sec_li sec_li--character\">\r\n                    <img decoding=\"async\" src=\"https:\/\/guide.fire-emblem-heroes.com\/wp-content\/uploads\/azura_vallite_songstress_slide02.png\" alt=\"\" \/>\r\n                <\/li>\r\n                <li class=\"sec_li sec_li--character\">\r\n                    <img decoding=\"async\" src=\"https:\/\/guide.fire-emblem-heroes.com\/wp-content\/uploads\/azura_vallite_songstress_slide03.png\" alt=\"\" \/>\r\n                <\/li>\r\n                <li class=\"sec_li sec_li--character\">\r\n                    <img decoding=\"async\" src=\"https:\/\/guide.fire-emblem-heroes.com\/wp-content\/uploads\/azura_vallite_songstress_slide04.png\" alt=\"\" \/>\r\n                <\/li>\r\n            <\/ul>\r\n            <div class=\"sec_charainfoarea flex\">\r\n                <div class=\"sec_gif\"><img loading=\"lazy\" decoding=\"async\" src=\"https:\/\/guide.fire-emblem-heroes.com\/wp-content\/uploads\/azura_vallite_songstress.png\" alt=\"\" width=\"210\" height=\"190\"\/><\/div>\r\n                <div class=\"sec_charainfo\">\r\n                    <p id=\"CHARA_006_002\" class=\"sec_characate sec_characate--legendary_heroes\">Eroi leggendari<\/p>\r\n                    <p id=\"CHARA_006_003\" class=\"sec_charanick\">La cantrice vallita<\/p>\r\n                    <p id=\"CHARA_006_004\" class=\"sec_charaname\">Azura<\/p>\r\n                    <p id=\"CHARA_006_005\" class=\"sec_charaappearancetxt\">Appare in<\/p>\r\n                    <p id=\"CHARA_006_006\" class=\"sec_charaappearancetxt\">Fire Emblem Fates<\/p>\r\n                <\/div>\r\n            <\/div>\r\n        <\/section>\r\n    <\/article>\r\n    <article>\r\n        <section class=\"sec sec_characterarea\">\r\n            <div class=\"sec_h2chara\">\r\n                <p id=\"CHARA_006_007\" class=\"sec_h2charattl\">Lascia che sia Sharena a presentarti!<\/p>\r\n                <h2 id=\"CHARA_006_008\" class=\"sec_h2charatxt\">La cantrice vallita Azura<\/h2>\r\n            <\/div>\r\n            <dl class=\"sec_dl flex\">\r\n                <dt id=\"CHARA_006_009\" class=\"sec_dt\">Azura \u00e8 la principessa del Nohr, ma a seguito di&#8230; alcuni eventi, \u00e8 cresciuta nell&#8217;Hoshido, dove \u00e8 stata trattata come principessa dai suoi abitanti.<\/dt>\r\n                <dd class=\"sec_dd\">\r\n                    <a href=\"https:\/\/guide.fire-emblem-heroes.com\/wp-content\/uploads\/azura_vallite_songstress_pop01.png\" class=\"popup-image\">\r\n                        <img decoding=\"async\" src=\"https:\/\/guide.fire-emblem-heroes.com\/wp-content\/uploads\/azura_vallite_songstress_info01.png\" alt=\"\" \/>\r\n                    <\/a>\r\n                <\/dd>\r\n                <dt id=\"CHARA_006_010\" class=\"sec_dt\">Azura pu\u00f2 sembrare delicata e misteriosa, ma non bisogna lasciarsi ingannare: niente pu\u00f2 scalfire il suo animo d&#8217;acciaio che ha superato tante prove e avversit\u00e0.<\/dt>\r\n                <dd class=\"sec_dd\">\r\n                    <a href=\"https:\/\/guide.fire-emblem-heroes.com\/wp-content\/uploads\/azura_vallite_songstress_pop02.png\" class=\"popup-image\">\r\n                        <img decoding=\"async\" src=\"https:\/\/guide.fire-emblem-heroes.com\/wp-content\/uploads\/azura_vallite_songstress_info02.png\" alt=\"\" \/>\r\n                    <\/a>\r\n                <\/dd>\r\n                <dt id=\"CHARA_006_011\" class=\"sec_dt\">Per credere a quello che dicono sul suo talento come cantrice bisogna sentirla: il suo canto pu\u00f2 portare uno spiraglio di speranza anche sui campi di battaglia pi\u00f9 brutali.<\/dt>\r\n                <dd class=\"sec_dd\">\r\n                    <a href=\"https:\/\/guide.fire-emblem-heroes.com\/wp-content\/uploads\/azura_vallite_songstress_pop03.png\" class=\"popup-image\">\r\n                        <img decoding=\"async\" src=\"https:\/\/guide.fire-emblem-heroes.com\/wp-content\/uploads\/azura_vallite_songstress_info03.png\" alt=\"\" \/>\r\n                    <\/a>\r\n                <\/dd>\r\n                <dt id=\"CHARA_006_012\" class=\"sec_dt\">Il fato ha riservato tanti colpi di scena ad Azura durante il suo movimentato periodo nei regni di Hoshido, Nohr e Valla. Non perdetevi l&#8217;occasione di sentire la sua vita trasposta in versi nei suoi canti!<\/dt>\r\n                <dd class=\"sec_dd\">\r\n                    <a href=\"https:\/\/guide.fire-emblem-heroes.com\/wp-content\/uploads\/azura_vallite_songstress_pop04.png\" class=\"popup-image\">\r\n                        <img decoding=\"async\" src=\"https:\/\/guide.fire-emblem-heroes.com\/wp-content\/uploads\/azura_vallite_songstress_info04.png\" alt=\"\" \/>\r\n                    <\/a>\r\n                <\/dd>\r\n            <\/dl>\r\n            <h3 id=\"CHARA_006_013\" class=\"sec_h3charatxt\">Personaggi strettamente collegati<\/h3>\r\n            <h4 id=\"CHARA_006_014\" class=\"sec_h4charatxt\">Corrin<\/h4>\r\n            <p id=\"CHARA_006_015\" class=\"sec_charatxt\">Membro della famiglia reale presumibilmente nata nell&#8217;Hoshido e cresciuta nel Nohr. Le prime fasi della vita di Corrin rispecchiano quelle di Azura.<\/p>\r\n        <\/section>\r\n    <\/article>\r\n<\/main>","protected":false},"excerpt":{"rendered":"Eroi leggendari La cantrice vallita Azura Appare in Fire Emblem Fates Lascia che sia Sharena a presentarti! La cantrice vallita Azura Azura \u00e8 la principessa del Nohr, ma a seguito di&#8230; alcuni eventi, \u00e8 cresciuta nell&#8217;Hoshido, dove \u00e8 stata trattata come principessa dai suoi abitanti. Azura pu\u00f2 sembrare delicata e misteriosa, ma non bisogna lasciarsi [&hellip;]","protected":false},"author":1,"featured_media":6749,"comment_status":"closed","ping_status":"closed","sticky":false,"template":"","format":"standard","meta":{"advanced_seo_description":"","jetpack_seo_html_title":"","jetpack_seo_noindex":false,"_jetpack_newsletter_access":"","_jetpack_dont_email_post_to_subs":false,"_jetpack_newsletter_tier_id":0,"_jetpack_memberships_contains_paywalled_content":false,"_locale":"it_IT","_original_post":"6474","_jetpack_memberships_contains_paid_content":false,"footnotes":"","jetpack_publicize_message":"","jetpack_publicize_feature_enabled":true,"jetpack_social_post_already_shared":true,"jetpack_social_options":{"image_generator_settings":{"template":"highway","default_image_id":0,"font":"","enabled":false},"version":2},"_wpas_customize_per_network":false,"jetpack_post_was_ever_published":false},"categories":[1384,1432,1390,1388],"tags":[1397],"class_list":["post-6482","post","type-post","status-publish","format-standard","has-post-thumbnail","hentry","category-character","category-ex_works_fates","category-stay_heroes","category-legendary_heroes","tag-eroi-leggendari","it-IT"],"jetpack_publicize_connections":[],"jetpack_featured_media_url":"https:\/\/guide.fire-emblem-heroes.com\/wp-content\/uploads\/azura_vallite_songstress.png","jetpack_sharing_enabled":false,"jetpack_shortlink":"https:\/\/wp.me\/pa0Mj3-1Gy","jetpack_likes_enabled":false,"amp_enabled":true,"_links":{"self":[{"href":"https:\/\/guide.fire-emblem-heroes.com\/wp-json\/wp\/v2\/posts\/6482","targetHints":{"allow":["GET"]}}],"collection":[{"href":"https:\/\/guide.fire-emblem-heroes.com\/wp-json\/wp\/v2\/posts"}],"about":[{"href":"https:\/\/guide.fire-emblem-heroes.com\/wp-json\/wp\/v2\/types\/post"}],"author":[{"embeddable":true,"href":"https:\/\/guide.fire-emblem-heroes.com\/wp-json\/wp\/v2\/users\/1"}],"replies":[{"embeddable":true,"href":"https:\/\/guide.fire-emblem-heroes.com\/wp-json\/wp\/v2\/comments?post=6482"}],"version-history":[{"count":2,"href":"https:\/\/guide.fire-emblem-heroes.com\/wp-json\/wp\/v2\/posts\/6482\/revisions"}],"predecessor-version":[{"id":6779,"href":"https:\/\/guide.fire-emblem-heroes.com\/wp-json\/wp\/v2\/posts\/6482\/revisions\/6779"}],"wp:featuredmedia":[{"embeddable":true,"href":"https:\/\/guide.fire-emblem-heroes.com\/wp-json\/wp\/v2\/media\/6749"}],"wp:attachment":[{"href":"https:\/\/guide.fire-emblem-heroes.com\/wp-json\/wp\/v2\/media?parent=6482"}],"wp:term":[{"taxonomy":"category","embeddable":true,"href":"https:\/\/guide.fire-emblem-heroes.com\/wp-json\/wp\/v2\/categories?post=6482"},{"taxonomy":"post_tag","embeddable":true,"href":"https:\/\/guide.fire-emblem-heroes.com\/wp-json\/wp\/v2\/tags?post=6482"}],"curies":[{"name":"wp","href":"https:\/\/api.w.org\/{rel}","templated":true}]}}