{"id":66204,"date":"2026-04-28T11:37:30","date_gmt":"2026-04-28T02:37:30","guid":{"rendered":"https:\/\/guide.fire-emblem-heroes.com\/?p=66204"},"modified":"2026-04-30T11:22:05","modified_gmt":"2026-04-30T02:22:05","slug":"14009001001371-2","status":"publish","type":"post","link":"https:\/\/guide.fire-emblem-heroes.com\/it\/14009001001371-2\/","title":{"rendered":"<span class=\"character_nick\">Re Maligno<\/span><span class=\"character_name\">Sombron<\/span>"},"content":{"rendered":"<main id=\"CHARA_1371\" class=\"main_page character\">\r\n            <article>\r\n                <section class=\"sec sec_character\">\r\n                    <ul class=\"sec_ul sec_ul--character slick-box\">\r\n                        <li class=\"sec_li sec_li--character\">\r\n                            <img decoding=\"async\" src=\"https:\/\/guide.fire-emblem-heroes.com\/wp-content\/uploads\/sombre_fell_dragon_king_slide01.png\" alt=\"\" \/>\r\n                        <\/li>\r\n                        <li class=\"sec_li sec_li--character\">\r\n                            <img decoding=\"async\" src=\"https:\/\/guide.fire-emblem-heroes.com\/wp-content\/uploads\/sombre_fell_dragon_king_slide02.png\" alt=\"\" \/>\r\n                        <\/li>\r\n                        <li class=\"sec_li sec_li--character\">\r\n                            <img decoding=\"async\" src=\"https:\/\/guide.fire-emblem-heroes.com\/wp-content\/uploads\/sombre_fell_dragon_king_slide03.png\" alt=\"\" \/>\r\n                        <\/li>\r\n                        <li class=\"sec_li sec_li--character\">\r\n                            <img decoding=\"async\" src=\"https:\/\/guide.fire-emblem-heroes.com\/wp-content\/uploads\/sombre_fell_dragon_king_slide04.png\" alt=\"\" \/>\r\n                        <\/li>\r\n                    <\/ul>\r\n                    <div class=\"sec_charainfoarea flex\">\r\n                        <div class=\"sec_gif\"><img loading=\"lazy\" decoding=\"async\" src=\"https:\/\/guide.fire-emblem-heroes.com\/wp-content\/uploads\/sombre_fell_dragon_king.png\" alt=\"\" width=\"210\" height=\"190\"\/><\/div>\r\n                        <div class=\"sec_charainfo\">\r\n                            <p id=\"CHARA_1371_002\" class=\"sec_characate sec_characate--mythic_heroes\">Eroi mitici<\/p>\r\n                            <p id=\"CHARA_1371_003\" class=\"sec_charanick\">Re Maligno<\/p>\r\n                            <p id=\"CHARA_1371_004\" class=\"sec_charaname\">Sombron<\/p>\r\n                            <p id=\"CHARA_1371_005\" class=\"sec_charaappearancetxt\">Appare in<\/p>\r\n                            <p id=\"CHARA_1371_006\" class=\"sec_charaappearancetxt\">Fire Emblem Engage<\/p>\r\n                        <\/div>\r\n                    <\/div>\r\n                <\/section>\r\n            <\/article>\r\n            <article>\r\n                <section class=\"sec sec_characterarea\">\r\n                    <div class=\"sec_h2chara\">\r\n                        <p id=\"CHARA_1371_007\" class=\"sec_h2charattl\">Lascia che sia Sharena a presentarti!<\/p>\r\n                        <h2 id=\"CHARA_1371_008\" class=\"sec_h2charatxt\">Re Maligno Sombron<\/h2>\r\n                    <\/div>\r\n                    <dl class=\"sec_dl flex\">\r\n                        <dt id=\"CHARA_1371_009\" class=\"sec_dt\">Sombron \u00e8 il Drago Maligno che un tempo port\u00f2 Elyos sull&#8217;orlo della distruzione. Figura misteriosa, si dice che sia giunto nel continente di Elyos da un mondo lontano molto tempo fa.<\/dt>\r\n                        <dd class=\"sec_dd\">\r\n                            <a href=\"https:\/\/guide.fire-emblem-heroes.com\/wp-content\/uploads\/sombre_fell_dragon_king_pop01.png\" class=\"popup-image\">\r\n                                <img decoding=\"async\" src=\"https:\/\/guide.fire-emblem-heroes.com\/wp-content\/uploads\/sombre_fell_dragon_king_info01.png\" alt=\"\" \/>\r\n                            <\/a>\r\n                        <\/dd>\r\n                        <dt id=\"CHARA_1371_010\" class=\"sec_dt\">Dopo aver accresciuto la sua forza in Elyos, Sombron guid\u00f2 i suoi figli e i suoi seguaci in invasioni in tutto il continente, ma alla fine venne sconfitto per mano di Lumera, il Drago Divino protettore di Elyos, e fu sigillato.<\/dt>\r\n                        <dd class=\"sec_dd\">\r\n                            <a href=\"https:\/\/guide.fire-emblem-heroes.com\/wp-content\/uploads\/sombre_fell_dragon_king_pop02.png\" class=\"popup-image\">\r\n                                <img decoding=\"async\" src=\"https:\/\/guide.fire-emblem-heroes.com\/wp-content\/uploads\/sombre_fell_dragon_king_info02.png\" alt=\"\" \/>\r\n                            <\/a>\r\n                        <\/dd>\r\n                        <dt id=\"CHARA_1371_011\" class=\"sec_dt\">Mille anni dopo, il sigillo che aveva imprigionato Sombron si ruppe ed egli ricominci\u00f2 ad attaccare Elyos, gettando le basi per un disperato conflitto con Alear, successore di Lumera.<\/dt>\r\n                        <dd class=\"sec_dd\">\r\n                            <a href=\"https:\/\/guide.fire-emblem-heroes.com\/wp-content\/uploads\/sombre_fell_dragon_king_pop03.png\" class=\"popup-image\">\r\n                                <img decoding=\"async\" src=\"https:\/\/guide.fire-emblem-heroes.com\/wp-content\/uploads\/sombre_fell_dragon_king_info03.png\" alt=\"\" \/>\r\n                            <\/a>\r\n                        <\/dd>\r\n                        <dt id=\"CHARA_1371_012\" class=\"sec_dt\">Nessuno sa perch\u00e9 Sombron sia cos\u00ec ostinato ad attaccare Elyos, ma ci dev&#8217;essere una spiegazione. Forse c&#8217;\u00e8 un desiderio che vuole disperatamente realizzare, o qualcuno a cui vuole disperatamente riunirsi&#8230;<\/dt>\r\n                        <dd class=\"sec_dd\">\r\n                            <a href=\"https:\/\/guide.fire-emblem-heroes.com\/wp-content\/uploads\/sombre_fell_dragon_king_pop04.png\" class=\"popup-image\">\r\n                                <img decoding=\"async\" src=\"https:\/\/guide.fire-emblem-heroes.com\/wp-content\/uploads\/sombre_fell_dragon_king_info04.png\" alt=\"\" \/>\r\n                            <\/a>\r\n                        <\/dd>\r\n                    <\/dl>\r\n                    <h3 id=\"CHARA_1371_013\" class=\"sec_h3charatxt\">Personaggi strettamente collegati<\/h3>\r\n                    <h4 id=\"CHARA_1371_014\" class=\"sec_h4charatxt\">Alear<\/h4>\r\n                    <p id=\"CHARA_1371_015\" class=\"sec_charatxt\">Erede del Drago Divino, si risveglia da un lungo sonno. Evoca gli emblemi per per salvare il mondo dall&#8217;influenza oscura di Sombron.<\/p>\r\n                    <h4 id=\"CHARA_1371_016\" class=\"sec_h4charatxt\">Veyle<\/h4>\r\n                    <p id=\"CHARA_1371_017\" class=\"sec_charatxt\">Figlia del Drago Maligno. Ha dedicato il suo cuore gentile a favore dell&#8217;umanit\u00e0.<\/p>\r\n                <\/section>\r\n            <\/article>\r\n        <\/main>","protected":false},"excerpt":{"rendered":"Eroi mitici Re Maligno Sombron Appare in Fire Emblem Engage Lascia che sia Sharena a presentarti! Re Maligno Sombron Sombron \u00e8 il Drago Maligno che un tempo port\u00f2 Elyos sull&#8217;orlo della distruzione. Figura misteriosa, si dice che sia giunto nel continente di Elyos da un mondo lontano molto tempo fa. Dopo aver accresciuto la sua [&hellip;]","protected":false},"author":1,"featured_media":66277,"comment_status":"closed","ping_status":"closed","sticky":false,"template":"","format":"standard","meta":{"advanced_seo_description":"","jetpack_seo_html_title":"","jetpack_seo_noindex":false,"_jetpack_newsletter_access":"","_jetpack_dont_email_post_to_subs":false,"_jetpack_newsletter_tier_id":0,"_jetpack_memberships_contains_paywalled_content":false,"_locale":"it_IT","_original_post":"https:\/\/guide.fire-emblem-heroes.com\/?p=66195","_jetpack_memberships_contains_paid_content":false,"footnotes":"","jetpack_publicize_message":"","jetpack_publicize_feature_enabled":true,"jetpack_social_post_already_shared":false,"jetpack_social_options":{"image_generator_settings":{"template":"highway","default_image_id":0,"font":"","enabled":false},"version":2},"_wpas_customize_per_network":false,"jetpack_post_was_ever_published":false},"categories":[1512,1384,1385,1389],"tags":[1403],"class_list":["post-66204","post","type-post","status-publish","format-standard","has-post-thumbnail","hentry","category-ex_works_engage","category-character","category-mythic_heroes","category-new_heroes","tag-eroi-mitici","it-IT"],"jetpack_publicize_connections":[],"jetpack_featured_media_url":"https:\/\/guide.fire-emblem-heroes.com\/wp-content\/uploads\/sombre_fell_dragon_king.png","jetpack_sharing_enabled":false,"jetpack_shortlink":"https:\/\/wp.me\/pa0Mj3-hdO","jetpack_likes_enabled":false,"amp_enabled":false,"_links":{"self":[{"href":"https:\/\/guide.fire-emblem-heroes.com\/wp-json\/wp\/v2\/posts\/66204","targetHints":{"allow":["GET"]}}],"collection":[{"href":"https:\/\/guide.fire-emblem-heroes.com\/wp-json\/wp\/v2\/posts"}],"about":[{"href":"https:\/\/guide.fire-emblem-heroes.com\/wp-json\/wp\/v2\/types\/post"}],"author":[{"embeddable":true,"href":"https:\/\/guide.fire-emblem-heroes.com\/wp-json\/wp\/v2\/users\/1"}],"replies":[{"embeddable":true,"href":"https:\/\/guide.fire-emblem-heroes.com\/wp-json\/wp\/v2\/comments?post=66204"}],"version-history":[{"count":2,"href":"https:\/\/guide.fire-emblem-heroes.com\/wp-json\/wp\/v2\/posts\/66204\/revisions"}],"predecessor-version":[{"id":66224,"href":"https:\/\/guide.fire-emblem-heroes.com\/wp-json\/wp\/v2\/posts\/66204\/revisions\/66224"}],"wp:featuredmedia":[{"embeddable":true,"href":"https:\/\/guide.fire-emblem-heroes.com\/wp-json\/wp\/v2\/media\/66277"}],"wp:attachment":[{"href":"https:\/\/guide.fire-emblem-heroes.com\/wp-json\/wp\/v2\/media?parent=66204"}],"wp:term":[{"taxonomy":"category","embeddable":true,"href":"https:\/\/guide.fire-emblem-heroes.com\/wp-json\/wp\/v2\/categories?post=66204"},{"taxonomy":"post_tag","embeddable":true,"href":"https:\/\/guide.fire-emblem-heroes.com\/wp-json\/wp\/v2\/tags?post=66204"}],"curies":[{"name":"wp","href":"https:\/\/api.w.org\/{rel}","templated":true}]}}