






{"id":9268,"date":"2019-04-17T14:38:46","date_gmt":"2019-04-17T05:38:46","guid":{"rendered":"https:\/\/guide.fire-emblem-heroes.com\/?p=9268"},"modified":"2019-07-10T17:17:58","modified_gmt":"2019-07-10T08:17:58","slug":"02002004000366","status":"publish","type":"post","link":"https:\/\/guide.fire-emblem-heroes.com\/it\/02002004000366\/","title":{"rendered":"<span class=\"character_nick\">La ben guarnita<\/span><span class=\"character_name\">Genny<\/span>"},"content":{"rendered":"<main id=\"chara_047\" class=\"main_page character\">\r\n    <article>\r\n        <section class=\"sec sec_character\">\r\n            <ul class=\"sec_ul sec_ul--character slick-box\">\r\n                <li class=\"sec_li sec_li--character\">\r\n                    <img decoding=\"async\" src=\"https:\/\/guide.fire-emblem-heroes.com\/wp-content\/uploads\/genny_dressed_with_care_slide01.png\" alt=\"\" \/>\r\n                <\/li>\r\n                <li class=\"sec_li sec_li--character\">\r\n                    <img decoding=\"async\" src=\"https:\/\/guide.fire-emblem-heroes.com\/wp-content\/uploads\/genny_dressed_with_care_slide02.png\" alt=\"\" \/>\r\n                <\/li>\r\n                <li class=\"sec_li sec_li--character\">\r\n                    <img decoding=\"async\" src=\"https:\/\/guide.fire-emblem-heroes.com\/wp-content\/uploads\/genny_dressed_with_care_slide03.png\" alt=\"\" \/>\r\n                <\/li>\r\n                <li class=\"sec_li sec_li--character\">\r\n                    <img decoding=\"async\" src=\"https:\/\/guide.fire-emblem-heroes.com\/wp-content\/uploads\/genny_dressed_with_care_slide04.png\" alt=\"\" \/>\r\n                <\/li>\r\n            <\/ul>\r\n            <div class=\"sec_charainfoarea flex\">\r\n                <div class=\"sec_gif\"><img loading=\"lazy\" decoding=\"async\" src=\"https:\/\/guide.fire-emblem-heroes.com\/wp-content\/uploads\/genny_dressed_with_care.png\" alt=\"\" width=\"210\" height=\"190\"\/><\/div>\r\n                <div class=\"sec_charainfo\">\r\n                    <p id=\"CHARA_047_002\" class=\"sec_characate sec_characate--special_heroes\">Eroe speciale<\/p>\r\n                    <p id=\"CHARA_047_003\" class=\"sec_charanick\">La ben guarnita<\/p>\r\n                    <p id=\"CHARA_047_004\" class=\"sec_charaname\">Genny<\/p>\r\n                    <p id=\"CHARA_047_005\" class=\"sec_charaappearancetxt\">Appare in<\/p>\r\n                    <p id=\"CHARA_047_006\" class=\"sec_charaappearancetxt\">Fire Emblem Echoes: Shadows of Valentia<\/p>\r\n                <\/div>\r\n            <\/div>\r\n        <\/section>\r\n    <\/article>\r\n    <article>\r\n        <section class=\"sec sec_characterarea\">\r\n            <div class=\"sec_h2chara\">\r\n                <p id=\"CHARA_047_007\" class=\"sec_h2charattl\">Lascia che sia Sharena a presentarti!<\/p>\r\n                <h2 id=\"CHARA_047_008\" class=\"sec_h2charatxt\">La ben guarnita Genny<\/h2>\r\n            <\/div>\r\n            <dl class=\"sec_dl flex\">\r\n                <dt id=\"CHARA_047_009\" class=\"sec_dt\">Genny cresce spensierata a Novis, un&#8217;isola nei pressi del continente di Valentia, dove rende servizio presso il monastero.<\/dt>\r\n                <dd class=\"sec_dd\">\r\n                    <a href=\"https:\/\/guide.fire-emblem-heroes.com\/wp-content\/uploads\/genny_dressed_with_care_pop01.png\" class=\"popup-image\">\r\n                        <img decoding=\"async\" src=\"https:\/\/guide.fire-emblem-heroes.com\/wp-content\/uploads\/genny_dressed_with_care_info01.png\" alt=\"\" \/>\r\n                    <\/a>\r\n                <\/dd>\r\n                <dt id=\"CHARA_047_010\" class=\"sec_dt\">Con l&#8217;arrivo della guerra, tuttavia, Genny viene inaspettatamente trascinata nel bel mezzo del conflitto. Questa volta, per\u00f2, \u00e8 stata coinvolta in una sorpresa molto pi\u00f9 gradevole: il picnic!<\/dt>\r\n                <dd class=\"sec_dd\">\r\n                    <a href=\"https:\/\/guide.fire-emblem-heroes.com\/wp-content\/uploads\/genny_dressed_with_care_pop02.png\" class=\"popup-image\">\r\n                        <img decoding=\"async\" src=\"https:\/\/guide.fire-emblem-heroes.com\/wp-content\/uploads\/genny_dressed_with_care_info02.png\" alt=\"\" \/>\r\n                    <\/a>\r\n                <\/dd>\r\n                <dt id=\"CHARA_047_011\" class=\"sec_dt\">Ecco il suo completo da picnic. Davvero tutta un&#8217;altra cosa rispetto alla sua solita tunica da sacerdotessa, vero? Voglio dire: \u00e8 pi\u00f9 adorabile che mai!<\/dt>\r\n                <dd class=\"sec_dd\">\r\n                    <a href=\"https:\/\/guide.fire-emblem-heroes.com\/wp-content\/uploads\/genny_dressed_with_care_pop03.png\" class=\"popup-image\">\r\n                        <img decoding=\"async\" src=\"https:\/\/guide.fire-emblem-heroes.com\/wp-content\/uploads\/genny_dressed_with_care_info03.png\" alt=\"\" \/>\r\n                    <\/a>\r\n                <\/dd>\r\n                <dt id=\"CHARA_047_012\" class=\"sec_dt\">Grazie ai poteri di Genny per curare e lenire la fatica stroncandola sul nascere, potremo trascorrere l&#8217;intera giornata al picnic senza stancarci mai. Non vedo l&#8217;ora!<\/dt>\r\n                <dd class=\"sec_dd\">\r\n                    <a href=\"https:\/\/guide.fire-emblem-heroes.com\/wp-content\/uploads\/genny_dressed_with_care_pop04.png\" class=\"popup-image\">\r\n                        <img decoding=\"async\" src=\"https:\/\/guide.fire-emblem-heroes.com\/wp-content\/uploads\/genny_dressed_with_care_info04.png\" alt=\"\" \/>\r\n                    <\/a>\r\n                <\/dd>\r\n            <\/dl>\r\n            <h3 id=\"CHARA_047_013\" class=\"sec_h3charatxt\">Personaggi strettamente collegati<\/h3>\r\n            <h4 id=\"CHARA_047_014\" class=\"sec_h4charatxt\">Celica<\/h4>\r\n            <p id=\"CHARA_047_015\" class=\"sec_charatxt\">Sacerdotessa del monastero di Novis, in realt\u00e0 \u00e8 la principessa di Zofia. Trae ispirazione dalla misericordia e dalla grazia e si oppone alla guerra e al conflitto. Celica considera Genny una sorella minore.<\/p>\r\n            <h4 id=\"CHARA_047_016\" class=\"sec_h4charatxt\">Boey<\/h4>\r\n            <p id=\"CHARA_047_017\" class=\"sec_charatxt\">Mago di Novis cresciuto nella pi\u00f9 assoluta povert\u00e0, si unisce a Celica dopo che lei abbandona Novis.<\/p>\r\n            <h4 id=\"CHARA_047_018\" class=\"sec_h4charatxt\">Mae<\/h4>\r\n            <p id=\"CHARA_047_019\" class=\"sec_charatxt\">Maga di Novis, nonch\u00e9 cara amica di Celica, \u00e8 sempre allegra e piena di energia, anche se tende a farsi prendere la mano.<\/p>\r\n        <\/section>\r\n    <\/article>\r\n<\/main>","protected":false},"excerpt":{"rendered":"Eroe speciale La ben guarnita Genny Appare in Fire Emblem Echoes: Shadows of Valentia Lascia che sia Sharena a presentarti! La ben guarnita Genny Genny cresce spensierata a Novis, un&#8217;isola nei pressi del continente di Valentia, dove rende servizio presso il monastero. Con l&#8217;arrivo della guerra, tuttavia, Genny viene inaspettatamente trascinata nel bel mezzo del [&hellip;]","protected":false},"author":1,"featured_media":9306,"comment_status":"closed","ping_status":"closed","sticky":false,"template":"","format":"standard","meta":{"advanced_seo_description":"","jetpack_seo_html_title":"","jetpack_seo_noindex":false,"_jetpack_newsletter_access":"","_jetpack_dont_email_post_to_subs":false,"_jetpack_newsletter_tier_id":0,"_jetpack_memberships_contains_paywalled_content":false,"_locale":"it_IT","_original_post":"9261","_jetpack_memberships_contains_paid_content":false,"footnotes":"","jetpack_publicize_message":"","jetpack_publicize_feature_enabled":true,"jetpack_social_post_already_shared":true,"jetpack_social_options":{"image_generator_settings":{"template":"highway","default_image_id":0,"font":"","enabled":false},"version":2},"_wpas_customize_per_network":false,"jetpack_post_was_ever_published":false},"categories":[1384,1425,1405,1390],"tags":[1411],"class_list":["post-9268","post","type-post","status-publish","format-standard","has-post-thumbnail","hentry","category-character","category-ex_works_shadows_of_valentia","category-special_heroes","category-stay_heroes","tag-eroi-speciali","it-IT"],"jetpack_publicize_connections":[],"jetpack_featured_media_url":"https:\/\/guide.fire-emblem-heroes.com\/wp-content\/uploads\/genny_dressed_with_care.png","jetpack_sharing_enabled":false,"jetpack_shortlink":"https:\/\/wp.me\/pa0Mj3-2pu","jetpack_likes_enabled":false,"amp_enabled":true,"_links":{"self":[{"href":"https:\/\/guide.fire-emblem-heroes.com\/wp-json\/wp\/v2\/posts\/9268","targetHints":{"allow":["GET"]}}],"collection":[{"href":"https:\/\/guide.fire-emblem-heroes.com\/wp-json\/wp\/v2\/posts"}],"about":[{"href":"https:\/\/guide.fire-emblem-heroes.com\/wp-json\/wp\/v2\/types\/post"}],"author":[{"embeddable":true,"href":"https:\/\/guide.fire-emblem-heroes.com\/wp-json\/wp\/v2\/users\/1"}],"replies":[{"embeddable":true,"href":"https:\/\/guide.fire-emblem-heroes.com\/wp-json\/wp\/v2\/comments?post=9268"}],"version-history":[{"count":1,"href":"https:\/\/guide.fire-emblem-heroes.com\/wp-json\/wp\/v2\/posts\/9268\/revisions"}],"predecessor-version":[{"id":9278,"href":"https:\/\/guide.fire-emblem-heroes.com\/wp-json\/wp\/v2\/posts\/9268\/revisions\/9278"}],"wp:featuredmedia":[{"embeddable":true,"href":"https:\/\/guide.fire-emblem-heroes.com\/wp-json\/wp\/v2\/media\/9306"}],"wp:attachment":[{"href":"https:\/\/guide.fire-emblem-heroes.com\/wp-json\/wp\/v2\/media?parent=9268"}],"wp:term":[{"taxonomy":"category","embeddable":true,"href":"https:\/\/guide.fire-emblem-heroes.com\/wp-json\/wp\/v2\/categories?post=9268"},{"taxonomy":"post_tag","embeddable":true,"href":"https:\/\/guide.fire-emblem-heroes.com\/wp-json\/wp\/v2\/tags?post=9268"}],"curies":[{"name":"wp","href":"https:\/\/api.w.org\/{rel}","templated":true}]}}