






{"id":10374,"date":"2019-06-18T15:34:42","date_gmt":"2019-06-18T06:34:42","guid":{"rendered":"https:\/\/guide.fire-emblem-heroes.com\/?p=10374"},"modified":"2020-03-26T16:17:33","modified_gmt":"2020-03-26T07:17:33","slug":"00003003000389","status":"publish","type":"post","link":"https:\/\/guide.fire-emblem-heroes.com\/pt-BR\/00003003000389\/","title":{"rendered":"<span class=\"character_nick\">Fogueira estival<\/span><span class=\"character_name\">Laevatein<\/span>"},"content":{"rendered":"<main id=\"CHARA_067\" class=\"main_page character\">\r\n    <article>\r\n        <section class=\"sec sec_character\">\r\n            <ul class=\"sec_ul sec_ul--character slick-box\">\r\n                <li class=\"sec_li sec_li--character\">\r\n                    <img decoding=\"async\" src=\"https:\/\/guide.fire-emblem-heroes.com\/wp-content\/uploads\/laevatein_bonfire_blaze_slide01.png\" alt=\"\" \/>\r\n                <\/li>\r\n                <li class=\"sec_li sec_li--character\">\r\n                    <img decoding=\"async\" src=\"https:\/\/guide.fire-emblem-heroes.com\/wp-content\/uploads\/laevatein_bonfire_blaze_slide02.png\" alt=\"\" \/>\r\n                <\/li>\r\n                <li class=\"sec_li sec_li--character\">\r\n                    <img decoding=\"async\" src=\"https:\/\/guide.fire-emblem-heroes.com\/wp-content\/uploads\/laevatein_bonfire_blaze_slide03.png\" alt=\"\" \/>\r\n                <\/li>\r\n                <li class=\"sec_li sec_li--character\">\r\n                    <img decoding=\"async\" src=\"https:\/\/guide.fire-emblem-heroes.com\/wp-content\/uploads\/laevatein_bonfire_blaze_slide04.png\" alt=\"\" \/>\r\n                <\/li>\r\n            <\/ul>\r\n            <div class=\"sec_charainfoarea flex\">\r\n                <div class=\"sec_gif\"><img loading=\"lazy\" decoding=\"async\" src=\"https:\/\/guide.fire-emblem-heroes.com\/wp-content\/uploads\/laevatein_bonfire_blaze.png\" alt=\"\" width=\"210\" height=\"190\"\/><\/div>\r\n                <div class=\"sec_charainfo\">\r\n                    <p id=\"CHARA_067_002\" class=\"sec_characate sec_characate--special_heroes\">Hero\u00edna especial<\/p>\r\n                    <p id=\"CHARA_067_003\" class=\"sec_charanick\">Fogueira estival<\/p>\r\n                    <p id=\"CHARA_067_004\" class=\"sec_charaname\">Laevatein<\/p>\r\n                    <p id=\"CHARA_067_005\" class=\"sec_charaappearancetxt\">Aparece em<\/p>\r\n                    <p id=\"CHARA_067_006\" class=\"sec_charaappearancetxt\">Fire Emblem Heroes<\/p>\r\n                <\/div>\r\n            <\/div>\r\n        <\/section>\r\n    <\/article>\r\n    <article>\r\n        <section class=\"sec sec_characterarea\">\r\n            <div class=\"sec_h2chara\">\r\n                <p id=\"CHARA_067_007\" class=\"sec_h2charattl\">Sharena apresenta:<\/p>\r\n                <h2 id=\"CHARA_067_008\" class=\"sec_h2charatxt\">Fogueira estival Laevatein<\/h2>\r\n            <\/div>\r\n            <dl class=\"sec_dl flex\">\r\n                <dt id=\"CHARA_067_009\" class=\"sec_dt\">Laevatein, a segunda princesa de M\u00faspell, chega chamando a aten\u00e7\u00e3o em nossas f\u00e9rias!<\/dt>\r\n                <dd class=\"sec_dd\">\r\n                    <a href=\"https:\/\/guide.fire-emblem-heroes.com\/wp-content\/uploads\/laevatein_bonfire_blaze_pop01.png\" class=\"popup-image\">\r\n                        <img decoding=\"async\" src=\"https:\/\/guide.fire-emblem-heroes.com\/wp-content\/uploads\/laevatein_bonfire_blaze_info01.png\" alt=\"\" \/>\r\n                    <\/a>\r\n                <\/dd>\r\n                <dt id=\"CHARA_067_010\" class=\"sec_dt\">As pessoas de M\u00faspell se sentem em casa sob o sol de ver\u00e3o, e a roupa de banho que ela escolheu ficou perfeita nela!<\/dt>\r\n                <dd class=\"sec_dd\">\r\n                    <a href=\"https:\/\/guide.fire-emblem-heroes.com\/wp-content\/uploads\/laevatein_bonfire_blaze_pop02.png\" class=\"popup-image\">\r\n                        <img decoding=\"async\" src=\"https:\/\/guide.fire-emblem-heroes.com\/wp-content\/uploads\/laevatein_bonfire_blaze_info02.png\" alt=\"\" \/>\r\n                    <\/a>\r\n                <\/dd>\r\n                <dt id=\"CHARA_067_011\" class=\"sec_dt\">Aqui entre n\u00f3s, ela sempre pareceu uma pessoa dif\u00edcil, mas agora ela parece estar mais leve. Talvez seja porque ela est\u00e1 com a Laegjarn, a irm\u00e3 dela?<\/dt>\r\n                <dd class=\"sec_dd\">\r\n                    <a href=\"https:\/\/guide.fire-emblem-heroes.com\/wp-content\/uploads\/laevatein_bonfire_blaze_pop03.png\" class=\"popup-image\">\r\n                        <img decoding=\"async\" src=\"https:\/\/guide.fire-emblem-heroes.com\/wp-content\/uploads\/laevatein_bonfire_blaze_info03.png\" alt=\"\" \/>\r\n                    <\/a>\r\n                <\/dd>\r\n                <dt id=\"CHARA_067_012\" class=\"sec_dt\">Mesmo que tenhamos travado espadas com Laevatein antes, agora n\u00e3o \u00e9 hora de remoer sobre as batalhas antigas. Afinal, o ver\u00e3o n\u00e3o vai durar para sempre!<\/dt>\r\n                <dd class=\"sec_dd\">\r\n                    <a href=\"https:\/\/guide.fire-emblem-heroes.com\/wp-content\/uploads\/laevatein_bonfire_blaze_pop04.png\" class=\"popup-image\">\r\n                        <img decoding=\"async\" src=\"https:\/\/guide.fire-emblem-heroes.com\/wp-content\/uploads\/laevatein_bonfire_blaze_info04.png\" alt=\"\" \/>\r\n                    <\/a>\r\n                <\/dd>\r\n            <\/dl>\r\n            <h3 id=\"CHARA_067_013\" class=\"sec_h3charatxt\">Personagens relacionados<\/h3>\r\n            <h4 id=\"CHARA_067_014\" class=\"sec_h4charatxt\">Surtr<\/h4>\r\n            <p id=\"CHARA_067_015\" class=\"sec_charatxt\">Pai de Laevatein e rei de M\u00faspell, o reino do fogo. Carrega o sangue do drag\u00e3o das chamas. Um governante severo que tem uma sede insaci\u00e1vel por conquistas.<\/p>\r\n            <h4 id=\"CHARA_067_016\" class=\"sec_h4charatxt\">Laegjarn<\/h4>\r\n            <p id=\"CHARA_067_017\" class=\"sec_charatxt\">Princesa mais velha de M\u00faspell, o reino do fogo, e a irm\u00e3 mais velha de Laevatein. Uma general que lidera o ex\u00e9rcito de M\u00faspell com dignidade.<\/p>\r\n        <\/section>\r\n    <\/article>\r\n<\/main>","protected":false},"excerpt":{"rendered":"Hero\u00edna especial Fogueira estival Laevatein Aparece em Fire Emblem Heroes Sharena apresenta: Fogueira estival Laevatein Laevatein, a segunda princesa de M\u00faspell, chega chamando a aten\u00e7\u00e3o em nossas f\u00e9rias! As pessoas de M\u00faspell se sentem em casa sob o sol de ver\u00e3o, e a roupa de banho que ela escolheu ficou perfeita nela! Aqui entre n\u00f3s, [&hellip;]","protected":false},"author":1,"featured_media":10447,"comment_status":"closed","ping_status":"closed","sticky":false,"template":"","format":"standard","meta":{"advanced_seo_description":"","jetpack_seo_html_title":"","jetpack_seo_noindex":false,"jetpack_post_was_ever_published":false,"_jetpack_newsletter_access":"","_jetpack_dont_email_post_to_subs":false,"_jetpack_newsletter_tier_id":0,"_jetpack_memberships_contains_paywalled_content":false,"_locale":"pt_BR","_original_post":"10366","_jetpack_memberships_contains_paid_content":false,"footnotes":"","jetpack_publicize_message":"","jetpack_publicize_feature_enabled":true,"jetpack_social_post_already_shared":true,"jetpack_social_options":{"image_generator_settings":{"template":"highway","default_image_id":0,"font":"","enabled":false},"version":2},"_wpas_customize_per_network":false},"categories":[1384,1423,1405,1390],"tags":[1460],"class_list":["post-10374","post","type-post","status-publish","format-standard","has-post-thumbnail","hentry","category-character","category-ex_works_heroes","category-special_heroes","category-stay_heroes","tag-heroina-especial","pt-BR"],"jetpack_publicize_connections":[],"jetpack_featured_media_url":"https:\/\/guide.fire-emblem-heroes.com\/wp-content\/uploads\/laevatein_bonfire_blaze.png","jetpack_sharing_enabled":false,"jetpack_shortlink":"https:\/\/wp.me\/pa0Mj3-2Hk","jetpack_likes_enabled":false,"amp_enabled":true,"_links":{"self":[{"href":"https:\/\/guide.fire-emblem-heroes.com\/wp-json\/wp\/v2\/posts\/10374","targetHints":{"allow":["GET"]}}],"collection":[{"href":"https:\/\/guide.fire-emblem-heroes.com\/wp-json\/wp\/v2\/posts"}],"about":[{"href":"https:\/\/guide.fire-emblem-heroes.com\/wp-json\/wp\/v2\/types\/post"}],"author":[{"embeddable":true,"href":"https:\/\/guide.fire-emblem-heroes.com\/wp-json\/wp\/v2\/users\/1"}],"replies":[{"embeddable":true,"href":"https:\/\/guide.fire-emblem-heroes.com\/wp-json\/wp\/v2\/comments?post=10374"}],"version-history":[{"count":1,"href":"https:\/\/guide.fire-emblem-heroes.com\/wp-json\/wp\/v2\/posts\/10374\/revisions"}],"predecessor-version":[{"id":10384,"href":"https:\/\/guide.fire-emblem-heroes.com\/wp-json\/wp\/v2\/posts\/10374\/revisions\/10384"}],"wp:featuredmedia":[{"embeddable":true,"href":"https:\/\/guide.fire-emblem-heroes.com\/wp-json\/wp\/v2\/media\/10447"}],"wp:attachment":[{"href":"https:\/\/guide.fire-emblem-heroes.com\/wp-json\/wp\/v2\/media?parent=10374"}],"wp:term":[{"taxonomy":"category","embeddable":true,"href":"https:\/\/guide.fire-emblem-heroes.com\/wp-json\/wp\/v2\/categories?post=10374"},{"taxonomy":"post_tag","embeddable":true,"href":"https:\/\/guide.fire-emblem-heroes.com\/wp-json\/wp\/v2\/tags?post=10374"}],"curies":[{"name":"wp","href":"https:\/\/api.w.org\/{rel}","templated":true}]}}