






{"id":11138,"date":"2019-07-29T15:05:05","date_gmt":"2019-07-29T06:05:05","guid":{"rendered":"https:\/\/guide.fire-emblem-heroes.com\/?p=11138"},"modified":"2020-03-26T17:51:52","modified_gmt":"2020-03-26T08:51:52","slug":"01001007000037","status":"publish","type":"post","link":"https:\/\/guide.fire-emblem-heroes.com\/pt-BR\/01001007000037\/","title":{"rendered":"<span class=\"character_nick\">A on\u00e7a pintada<\/span><span class=\"character_name\">Abel<\/span>"},"content":{"rendered":"<main id=\"CHARA_085\" class=\"main_page character\">\r\n    <article>\r\n        <section class=\"sec sec_character\">\r\n            <ul class=\"sec_ul sec_ul--character slick-box\">\r\n                <li class=\"sec_li sec_li--character\">\r\n                    <img decoding=\"async\" src=\"https:\/\/guide.fire-emblem-heroes.com\/wp-content\/uploads\/abel_the_panther_slide01.png\" alt=\"\" \/>\r\n                <\/li>\r\n                <li class=\"sec_li sec_li--character\">\r\n                    <img decoding=\"async\" src=\"https:\/\/guide.fire-emblem-heroes.com\/wp-content\/uploads\/abel_the_panther_slide02.png\" alt=\"\" \/>\r\n                <\/li>\r\n                <li class=\"sec_li sec_li--character\">\r\n                    <img decoding=\"async\" src=\"https:\/\/guide.fire-emblem-heroes.com\/wp-content\/uploads\/abel_the_panther_slide03.png\" alt=\"\" \/>\r\n                <\/li>\r\n                <li class=\"sec_li sec_li--character\">\r\n                    <img decoding=\"async\" src=\"https:\/\/guide.fire-emblem-heroes.com\/wp-content\/uploads\/abel_the_panther_slide04.png\" alt=\"\" \/>\r\n                <\/li>\r\n            <\/ul>\r\n            <div class=\"sec_charainfoarea flex\">\r\n                <div class=\"sec_gif\"><img loading=\"lazy\" decoding=\"async\" src=\"https:\/\/guide.fire-emblem-heroes.com\/wp-content\/uploads\/abel_the_panther.png\" alt=\"\" width=\"210\" height=\"190\"\/><\/div>\r\n                <div class=\"sec_charainfo\">\r\n                    <p id=\"CHARA_085_002\" class=\"sec_characate sec_characate--heroes\">Her\u00f3i<\/p>\r\n                    <p id=\"CHARA_085_003\" class=\"sec_charanick\">A on\u00e7a pintada<\/p>\r\n                    <p id=\"CHARA_085_004\" class=\"sec_charaname\">Abel<\/p>\r\n                    <p id=\"CHARA_085_005\" class=\"sec_charaappearancetxt\">Aparece em<\/p>\r\n                    <p id=\"CHARA_085_006\" class=\"sec_charaappearancetxt\">Fire Emblem: Mystery of the Emblem<\/p>\r\n                <\/div>\r\n            <\/div>\r\n        <\/section>\r\n    <\/article>\r\n    <article>\r\n        <section class=\"sec sec_characterarea\">\r\n            <div class=\"sec_h2chara\">\r\n                <p id=\"CHARA_085_007\" class=\"sec_h2charattl\">Sharena apresenta:<\/p>\r\n                <h2 id=\"CHARA_085_008\" class=\"sec_h2charatxt\">A on\u00e7a pintada Abel<\/h2>\r\n            <\/div>\r\n            <dl class=\"sec_dl flex\">\r\n                <dt id=\"CHARA_085_009\" class=\"sec_dt\">Abel \u00e9 um cavaleiro real de Altea, que lutou ao lado de Marth na guerra das Sombras. Seu apelido \u00e9 on\u00e7a pintada devido ao seu estilo \u00e1gil de luta!<\/dt>\r\n                <dd class=\"sec_dd\">\r\n                    <a href=\"https:\/\/guide.fire-emblem-heroes.com\/wp-content\/uploads\/abel_the_panther_pop01.png\" class=\"popup-image\">\r\n                        <img decoding=\"async\" src=\"https:\/\/guide.fire-emblem-heroes.com\/wp-content\/uploads\/abel_the_panther_info01.png\" alt=\"\" \/>\r\n                    <\/a>\r\n                <\/dd>\r\n                <dt id=\"CHARA_085_010\" class=\"sec_dt\">Abel tem uma personalidade calma e controlada, completamente o oposto de seu parceiro, Cain, que tem a tend\u00eancia de se deixar levar por suas emo\u00e7\u00f5es. Apesar disso, eles formam uma equipe perfeita!<\/dt>\r\n                <dd class=\"sec_dd\">\r\n                    <a href=\"https:\/\/guide.fire-emblem-heroes.com\/wp-content\/uploads\/abel_the_panther_pop02.png\" class=\"popup-image\">\r\n                        <img decoding=\"async\" src=\"https:\/\/guide.fire-emblem-heroes.com\/wp-content\/uploads\/abel_the_panther_info02.png\" alt=\"\" \/>\r\n                    <\/a>\r\n                <\/dd>\r\n                <dt id=\"CHARA_085_011\" class=\"sec_dt\">Depois que a guerra das Sombras acabou, Abel deixou os cavaleiros para abrir uma loja de armas com Est&#8230; Mas depois que Est foi levada como ref\u00e9m, Abel se sentiu for\u00e7ado a lutar contra Marth!<\/dt>\r\n                <dd class=\"sec_dd\">\r\n                    <a href=\"https:\/\/guide.fire-emblem-heroes.com\/wp-content\/uploads\/abel_the_panther_pop03.png\" class=\"popup-image\">\r\n                        <img decoding=\"async\" src=\"https:\/\/guide.fire-emblem-heroes.com\/wp-content\/uploads\/abel_the_panther_info03.png\" alt=\"\" \/>\r\n                    <\/a>\r\n                <\/dd>\r\n                <dt id=\"CHARA_085_012\" class=\"sec_dt\">Depois que Est foi resgatada, Abel uniu-se novamente a Marth. E durante a guerra dos Her\u00f3is, ele p\u00f4de mostrar mais uma vez aos seus inimigos porque o chamam de on\u00e7a pintada!<\/dt>\r\n                <dd class=\"sec_dd\">\r\n                    <a href=\"https:\/\/guide.fire-emblem-heroes.com\/wp-content\/uploads\/abel_the_panther_pop04.png\" class=\"popup-image\">\r\n                        <img decoding=\"async\" src=\"https:\/\/guide.fire-emblem-heroes.com\/wp-content\/uploads\/abel_the_panther_info04.png\" alt=\"\" \/>\r\n                    <\/a>\r\n                <\/dd>\r\n            <\/dl>\r\n            <h3 id=\"CHARA_085_013\" class=\"sec_h3charatxt\">Personagens relacionados<\/h3>\r\n            <h4 id=\"CHARA_085_014\" class=\"sec_h4charatxt\">Marth<\/h4>\r\n            <p id=\"CHARA_085_015\" class=\"sec_charatxt\">Pr\u00edncipe de Altea que luta por seu reino e d\u00e1 valor aos seus amigos.<\/p>\r\n            <h4 id=\"CHARA_085_016\" class=\"sec_h4charatxt\">Cain<\/h4>\r\n            <p id=\"CHARA_085_017\" class=\"sec_charatxt\">Cavaleiro de Altea conhecido por sua imprud\u00eancia. Lutou ao lado de Abel para servir Marth. \u00c9 conhecido como o touro.<\/p>\r\n            <h4 id=\"CHARA_085_018\" class=\"sec_h4charatxt\">Est<\/h4>\r\n            <p id=\"CHARA_085_019\" class=\"sec_charatxt\">Irm\u00e3 mais nova das Asas Brancas de Macedon. Ela \u00e9 amig\u00e1vel e alegre. Est e seu companheiro Abel est\u00e3o completamente apaixonados.<\/p>\r\n        <\/section>\r\n    <\/article>\r\n<\/main>","protected":false},"excerpt":{"rendered":"Her\u00f3i A on\u00e7a pintada Abel Aparece em Fire Emblem: Mystery of the Emblem Sharena apresenta: A on\u00e7a pintada Abel Abel \u00e9 um cavaleiro real de Altea, que lutou ao lado de Marth na guerra das Sombras. Seu apelido \u00e9 on\u00e7a pintada devido ao seu estilo \u00e1gil de luta! Abel tem uma personalidade calma e controlada, [&hellip;]","protected":false},"author":1,"featured_media":11202,"comment_status":"closed","ping_status":"closed","sticky":false,"template":"","format":"standard","meta":{"advanced_seo_description":"","jetpack_seo_html_title":"","jetpack_seo_noindex":false,"_jetpack_newsletter_access":"","_jetpack_dont_email_post_to_subs":false,"_jetpack_newsletter_tier_id":0,"_jetpack_memberships_contains_paywalled_content":false,"_locale":"pt_BR","_original_post":"11130","_jetpack_memberships_contains_paid_content":false,"footnotes":"","jetpack_publicize_message":"","jetpack_publicize_feature_enabled":true,"jetpack_social_post_already_shared":true,"jetpack_social_options":{"image_generator_settings":{"template":"highway","default_image_id":0,"font":"","enabled":false},"version":2},"_wpas_customize_per_network":false,"jetpack_post_was_ever_published":false},"categories":[1384,1424,1415,1390],"tags":[1463],"class_list":["post-11138","post","type-post","status-publish","format-standard","has-post-thumbnail","hentry","category-character","category-ex_works_mystery_of_the_emblem","category-heroes","category-stay_heroes","tag-heroi","pt-BR"],"jetpack_publicize_connections":[],"jetpack_featured_media_url":"https:\/\/guide.fire-emblem-heroes.com\/wp-content\/uploads\/abel_the_panther.png","jetpack_sharing_enabled":false,"jetpack_shortlink":"https:\/\/wp.me\/pa0Mj3-2TE","jetpack_likes_enabled":false,"amp_enabled":true,"_links":{"self":[{"href":"https:\/\/guide.fire-emblem-heroes.com\/wp-json\/wp\/v2\/posts\/11138","targetHints":{"allow":["GET"]}}],"collection":[{"href":"https:\/\/guide.fire-emblem-heroes.com\/wp-json\/wp\/v2\/posts"}],"about":[{"href":"https:\/\/guide.fire-emblem-heroes.com\/wp-json\/wp\/v2\/types\/post"}],"author":[{"embeddable":true,"href":"https:\/\/guide.fire-emblem-heroes.com\/wp-json\/wp\/v2\/users\/1"}],"replies":[{"embeddable":true,"href":"https:\/\/guide.fire-emblem-heroes.com\/wp-json\/wp\/v2\/comments?post=11138"}],"version-history":[{"count":1,"href":"https:\/\/guide.fire-emblem-heroes.com\/wp-json\/wp\/v2\/posts\/11138\/revisions"}],"predecessor-version":[{"id":11147,"href":"https:\/\/guide.fire-emblem-heroes.com\/wp-json\/wp\/v2\/posts\/11138\/revisions\/11147"}],"wp:featuredmedia":[{"embeddable":true,"href":"https:\/\/guide.fire-emblem-heroes.com\/wp-json\/wp\/v2\/media\/11202"}],"wp:attachment":[{"href":"https:\/\/guide.fire-emblem-heroes.com\/wp-json\/wp\/v2\/media?parent=11138"}],"wp:term":[{"taxonomy":"category","embeddable":true,"href":"https:\/\/guide.fire-emblem-heroes.com\/wp-json\/wp\/v2\/categories?post=11138"},{"taxonomy":"post_tag","embeddable":true,"href":"https:\/\/guide.fire-emblem-heroes.com\/wp-json\/wp\/v2\/tags?post=11138"}],"curies":[{"name":"wp","href":"https:\/\/api.w.org\/{rel}","templated":true}]}}