






{"id":13063,"date":"2019-10-16T14:47:00","date_gmt":"2019-10-16T05:47:00","guid":{"rendered":"https:\/\/guide.fire-emblem-heroes.com\/?p=13063"},"modified":"2020-03-26T17:57:09","modified_gmt":"2020-03-26T08:57:09","slug":"02004005000439","status":"publish","type":"post","link":"https:\/\/guide.fire-emblem-heroes.com\/pt-BR\/02004005000439\/","title":{"rendered":"<span class=\"character_nick\">Cavaleiro ignoto<\/span> <span class=\"character_name\">Conrad<\/span>"},"content":{"rendered":"<main id=\"CHARA_132\" class=\"main_page character\">\r\n    <article>\r\n        <section class=\"sec sec_character\">\r\n            <ul class=\"sec_ul sec_ul--character slick-box\">\r\n                <li class=\"sec_li sec_li--character\">\r\n                    <img decoding=\"async\" src=\"https:\/\/guide.fire-emblem-heroes.com\/wp-content\/uploads\/conrad_masked_knight_slide01.png\" alt=\"\" \/>\r\n                <\/li>\r\n                <li class=\"sec_li sec_li--character\">\r\n                    <img decoding=\"async\" src=\"https:\/\/guide.fire-emblem-heroes.com\/wp-content\/uploads\/conrad_masked_knight_slide02.png\" alt=\"\" \/>\r\n                <\/li>\r\n                <li class=\"sec_li sec_li--character\">\r\n                    <img decoding=\"async\" src=\"https:\/\/guide.fire-emblem-heroes.com\/wp-content\/uploads\/conrad_masked_knight_slide03.png\" alt=\"\" \/>\r\n                <\/li>\r\n                <li class=\"sec_li sec_li--character\">\r\n                    <img decoding=\"async\" src=\"https:\/\/guide.fire-emblem-heroes.com\/wp-content\/uploads\/conrad_masked_knight_slide04.png\" alt=\"\" \/>\r\n                <\/li>\r\n            <\/ul>\r\n            <div class=\"sec_charainfoarea flex\">\r\n                <div class=\"sec_gif\"><img loading=\"lazy\" decoding=\"async\" src=\"https:\/\/guide.fire-emblem-heroes.com\/wp-content\/uploads\/conrad_masked_knight.png\" alt=\"\" width=\"210\" height=\"190\"\/><\/div>\r\n                <div class=\"sec_charainfo\">\r\n                    <p id=\"CHARA_132_002\" class=\"sec_characate sec_characate--heroes\">Her\u00f3i<\/p>\r\n                    <p id=\"CHARA_132_003\" class=\"sec_charanick\">Cavaleiro ignoto<\/p>\r\n                    <p id=\"CHARA_132_004\" class=\"sec_charaname\">Conrad<\/p>\r\n                    <p id=\"CHARA_132_005\" class=\"sec_charaappearancetxt\">Aparece em<\/p>\r\n                    <p id=\"CHARA_132_006\" class=\"sec_charaappearancetxt\">Fire Emblem Echoes: Shadows of Valentia<\/p>\r\n                <\/div>\r\n            <\/div>\r\n        <\/section>\r\n    <\/article>\r\n    <article>\r\n        <section class=\"sec sec_characterarea\">\r\n            <div class=\"sec_h2chara\">\r\n                <p id=\"CHARA_132_007\" class=\"sec_h2charattl\">Sharena apresenta:<\/p>\r\n                <h2 id=\"CHARA_132_008\" class=\"sec_h2charatxt\">Cavaleiro ignoto Conrad<\/h2>\r\n            <\/div>\r\n            <dl class=\"sec_dl flex\">\r\n                <dt id=\"CHARA_132_009\" class=\"sec_dt\">Este \u00e9 Conrad, o misterioso cavaleiro mascarado que de vez em quando aparece de forma dram\u00e1tica para salvar Celica do perigo!<\/dt>\r\n                <dd class=\"sec_dd\">\r\n                    <a href=\"https:\/\/guide.fire-emblem-heroes.com\/wp-content\/uploads\/conrad_masked_knight_pop01.png\" class=\"popup-image\">\r\n                        <img decoding=\"async\" src=\"https:\/\/guide.fire-emblem-heroes.com\/wp-content\/uploads\/conrad_masked_knight_info01.png\" alt=\"\" \/>\r\n                    <\/a>\r\n                <\/dd>\r\n                <dt id=\"CHARA_132_010\" class=\"sec_dt\">Na verdade, Conrad \u00e9 o irm\u00e3o mais velho de Celica. Eles foram separados quando eram muito pequenos e ele cresceu no povoado de Sage. Isso significa que ele tem uma conex\u00e3o com a realeza de Zofia!<\/dt>\r\n                <dd class=\"sec_dd\">\r\n                    <a href=\"https:\/\/guide.fire-emblem-heroes.com\/wp-content\/uploads\/conrad_masked_knight_pop02.png\" class=\"popup-image\">\r\n                        <img decoding=\"async\" src=\"https:\/\/guide.fire-emblem-heroes.com\/wp-content\/uploads\/conrad_masked_knight_info02.png\" alt=\"\" \/>\r\n                    <\/a>\r\n                <\/dd>\r\n                <dt id=\"CHARA_132_011\" class=\"sec_dt\">Conrad n\u00e3o s\u00f3 apoia Celica na hora de lutar. Ele tamb\u00e9m colocou a determina\u00e7\u00e3o dela \u00e0 prova em sua trajet\u00f3ria para se tornar rainha, e a apoiou quando ela teve d\u00favidas. Ele cuida muito bem dela.<\/dt>\r\n                <dd class=\"sec_dd\">\r\n                    <a href=\"https:\/\/guide.fire-emblem-heroes.com\/wp-content\/uploads\/conrad_masked_knight_pop03.png\" class=\"popup-image\">\r\n                        <img decoding=\"async\" src=\"https:\/\/guide.fire-emblem-heroes.com\/wp-content\/uploads\/conrad_masked_knight_info03.png\" alt=\"\" \/>\r\n                    <\/a>\r\n                <\/dd>\r\n                <dt id=\"CHARA_132_012\" class=\"sec_dt\">Ent\u00e3o n\u00e3o \u00e9 surpresa nenhuma que, por tr\u00e1s da m\u00e1scara, Conrad parece muito am\u00e1vel e gentil. Espero que ele apare\u00e7a na pr\u00f3xima vez quando a Ordem dos Her\u00f3is estiver em apuros!<\/dt>\r\n                <dd class=\"sec_dd\">\r\n                    <a href=\"https:\/\/guide.fire-emblem-heroes.com\/wp-content\/uploads\/conrad_masked_knight_pop04.png\" class=\"popup-image\">\r\n                        <img decoding=\"async\" src=\"https:\/\/guide.fire-emblem-heroes.com\/wp-content\/uploads\/conrad_masked_knight_info04.png\" alt=\"\" \/>\r\n                    <\/a>\r\n                <\/dd>\r\n            <\/dl>\r\n            <h3 id=\"CHARA_132_013\" class=\"sec_h3charatxt\">Personagens relacionados<\/h3>\r\n            <h4 id=\"CHARA_132_014\" class=\"sec_h4charatxt\">Celica<\/h4>\r\n            <p id=\"CHARA_132_015\" class=\"sec_charatxt\">Princesa de Zofia, treinada como sacerdotisa. Tem carinho pelas pessoas e odeia lutar. \u00c9 irm\u00e3 de Conrad e foi separada dele quando pequena.<\/p>\r\n        <\/section>\r\n    <\/article>\r\n<\/main>","protected":false},"excerpt":{"rendered":"Her\u00f3i Cavaleiro ignoto Conrad Aparece em Fire Emblem Echoes: Shadows of Valentia Sharena apresenta: Cavaleiro ignoto Conrad Este \u00e9 Conrad, o misterioso cavaleiro mascarado que de vez em quando aparece de forma dram\u00e1tica para salvar Celica do perigo! Na verdade, Conrad \u00e9 o irm\u00e3o mais velho de Celica. Eles foram separados quando eram muito pequenos [&hellip;]","protected":false},"author":1,"featured_media":13095,"comment_status":"closed","ping_status":"closed","sticky":false,"template":"","format":"standard","meta":{"advanced_seo_description":"","jetpack_seo_html_title":"","jetpack_seo_noindex":false,"_jetpack_newsletter_access":"","_jetpack_dont_email_post_to_subs":false,"_jetpack_newsletter_tier_id":0,"_jetpack_memberships_contains_paywalled_content":false,"_locale":"pt_BR","_original_post":"13054","_jetpack_memberships_contains_paid_content":false,"footnotes":"","jetpack_publicize_message":"","jetpack_publicize_feature_enabled":true,"jetpack_social_post_already_shared":true,"jetpack_social_options":{"image_generator_settings":{"template":"highway","default_image_id":0,"font":"","enabled":false},"version":2},"_wpas_customize_per_network":false,"jetpack_post_was_ever_published":false},"categories":[1384,1425,1415,1390],"tags":[1463],"class_list":["post-13063","post","type-post","status-publish","format-standard","has-post-thumbnail","hentry","category-character","category-ex_works_shadows_of_valentia","category-heroes","category-stay_heroes","tag-heroi","pt-BR"],"jetpack_publicize_connections":[],"jetpack_featured_media_url":"https:\/\/guide.fire-emblem-heroes.com\/wp-content\/uploads\/conrad_masked_knight.png","jetpack_sharing_enabled":false,"jetpack_shortlink":"https:\/\/wp.me\/pa0Mj3-3oH","jetpack_likes_enabled":false,"amp_enabled":true,"_links":{"self":[{"href":"https:\/\/guide.fire-emblem-heroes.com\/wp-json\/wp\/v2\/posts\/13063","targetHints":{"allow":["GET"]}}],"collection":[{"href":"https:\/\/guide.fire-emblem-heroes.com\/wp-json\/wp\/v2\/posts"}],"about":[{"href":"https:\/\/guide.fire-emblem-heroes.com\/wp-json\/wp\/v2\/types\/post"}],"author":[{"embeddable":true,"href":"https:\/\/guide.fire-emblem-heroes.com\/wp-json\/wp\/v2\/users\/1"}],"replies":[{"embeddable":true,"href":"https:\/\/guide.fire-emblem-heroes.com\/wp-json\/wp\/v2\/comments?post=13063"}],"version-history":[{"count":1,"href":"https:\/\/guide.fire-emblem-heroes.com\/wp-json\/wp\/v2\/posts\/13063\/revisions"}],"predecessor-version":[{"id":13072,"href":"https:\/\/guide.fire-emblem-heroes.com\/wp-json\/wp\/v2\/posts\/13063\/revisions\/13072"}],"wp:featuredmedia":[{"embeddable":true,"href":"https:\/\/guide.fire-emblem-heroes.com\/wp-json\/wp\/v2\/media\/13095"}],"wp:attachment":[{"href":"https:\/\/guide.fire-emblem-heroes.com\/wp-json\/wp\/v2\/media?parent=13063"}],"wp:term":[{"taxonomy":"category","embeddable":true,"href":"https:\/\/guide.fire-emblem-heroes.com\/wp-json\/wp\/v2\/categories?post=13063"},{"taxonomy":"post_tag","embeddable":true,"href":"https:\/\/guide.fire-emblem-heroes.com\/wp-json\/wp\/v2\/tags?post=13063"}],"curies":[{"name":"wp","href":"https:\/\/api.w.org\/{rel}","templated":true}]}}