






{"id":13532,"date":"2019-11-05T13:24:47","date_gmt":"2019-11-05T04:24:47","guid":{"rendered":"https:\/\/guide.fire-emblem-heroes.com\/?p=13532"},"modified":"2020-03-26T18:06:17","modified_gmt":"2020-03-26T09:06:17","slug":"07003011000446","status":"publish","type":"post","link":"https:\/\/guide.fire-emblem-heroes.com\/pt-BR\/07003011000446\/","title":{"rendered":"<span class=\"character_nick\">Lanceiro arredio<\/span> <span class=\"character_name\">Cormag<\/span>"},"content":{"rendered":"<main id=\"CHARA_144\" class=\"main_page character\">\r\n    <article>\r\n        <section class=\"sec sec_character\">\r\n            <ul class=\"sec_ul sec_ul--character slick-box\">\r\n                <li class=\"sec_li sec_li--character\">\r\n                    <img decoding=\"async\" src=\"https:\/\/guide.fire-emblem-heroes.com\/wp-content\/uploads\/cormag_aloof_lanceman_slide01.png\" alt=\"\" \/>\r\n                <\/li>\r\n                <li class=\"sec_li sec_li--character\">\r\n                    <img decoding=\"async\" src=\"https:\/\/guide.fire-emblem-heroes.com\/wp-content\/uploads\/cormag_aloof_lanceman_slide02.png\" alt=\"\" \/>\r\n                <\/li>\r\n                <li class=\"sec_li sec_li--character\">\r\n                    <img decoding=\"async\" src=\"https:\/\/guide.fire-emblem-heroes.com\/wp-content\/uploads\/cormag_aloof_lanceman_slide03.png\" alt=\"\" \/>\r\n                <\/li>\r\n                <li class=\"sec_li sec_li--character\">\r\n                    <img decoding=\"async\" src=\"https:\/\/guide.fire-emblem-heroes.com\/wp-content\/uploads\/cormag_aloof_lanceman_slide04.png\" alt=\"\" \/>\r\n                <\/li>\r\n            <\/ul>\r\n            <div class=\"sec_charainfoarea flex\">\r\n                <div class=\"sec_gif\"><img loading=\"lazy\" decoding=\"async\" src=\"https:\/\/guide.fire-emblem-heroes.com\/wp-content\/uploads\/cormag_aloof_lanceman.png\" alt=\"\" width=\"210\" height=\"190\"\/><\/div>\r\n                <div class=\"sec_charainfo\">\r\n                    <p id=\"CHARA_144_002\" class=\"sec_characate sec_characate--heroes\">Her\u00f3i<\/p>\r\n                    <p id=\"CHARA_144_003\" class=\"sec_charanick\">Lanceiro arredio<\/p>\r\n                    <p id=\"CHARA_144_004\" class=\"sec_charaname\">Cormag<\/p>\r\n                    <p id=\"CHARA_144_005\" class=\"sec_charaappearancetxt\">Aparece em<\/p>\r\n                    <p id=\"CHARA_144_006\" class=\"sec_charaappearancetxt\">Fire Emblem: The Sacred Stones<\/p>\r\n                <\/div>\r\n            <\/div>\r\n        <\/section>\r\n    <\/article>\r\n    <article>\r\n        <section class=\"sec sec_characterarea\">\r\n            <div class=\"sec_h2chara\">\r\n                <p id=\"CHARA_144_007\" class=\"sec_h2charattl\">Sharena apresenta:<\/p>\r\n                <h2 id=\"CHARA_144_008\" class=\"sec_h2charatxt\">Lanceiro arredio Cormag<\/h2>\r\n            <\/div>\r\n            <dl class=\"sec_dl flex\">\r\n                <dt id=\"CHARA_144_009\" class=\"sec_dt\">Cormag \u00e9 um cavaleiro wyvern que serve o ex\u00e9rcito do imp\u00e9rio de Grado. Seu irm\u00e3o mais velho, Glen, \u00e9 um dos seis generais do imp\u00e9rio. E, considerando as origens modestas dos dois irm\u00e3os, eu diria que eles est\u00e3o se saindo muito bem!<\/dt>\r\n                <dd class=\"sec_dd\">\r\n                    <a href=\"https:\/\/guide.fire-emblem-heroes.com\/wp-content\/uploads\/cormag_aloof_lanceman_pop01.png\" class=\"popup-image\">\r\n                        <img decoding=\"async\" src=\"https:\/\/guide.fire-emblem-heroes.com\/wp-content\/uploads\/cormag_aloof_lanceman_info01.png\" alt=\"\" \/>\r\n                    <\/a>\r\n                <\/dd>\r\n                <dt id=\"CHARA_144_010\" class=\"sec_dt\">Cavalgando em seu fiel Genarog, Cormag se destaca por suas proezas no campo de batalha. Na verdade, suas conquistas foram tamanhas que cavaleiros em outros pa\u00edses comentam sobre as suas habilidades com uma lan\u00e7a!<\/dt>\r\n                <dd class=\"sec_dd\">\r\n                    <a href=\"https:\/\/guide.fire-emblem-heroes.com\/wp-content\/uploads\/cormag_aloof_lanceman_pop02.png\" class=\"popup-image\">\r\n                        <img decoding=\"async\" src=\"https:\/\/guide.fire-emblem-heroes.com\/wp-content\/uploads\/cormag_aloof_lanceman_info02.png\" alt=\"\" \/>\r\n                    <\/a>\r\n                <\/dd>\r\n                <dt id=\"CHARA_144_011\" class=\"sec_dt\">Contudo, durante a guerra entre Grado e Renais, seu querido irm\u00e3o foi assassinado. Cormag deixou sua terra natal para descobrir o que realmente aconteceu, e se juntou a Ephraim e Eirika em suas batalhas.<\/dt>\r\n                <dd class=\"sec_dd\">\r\n                    <a href=\"https:\/\/guide.fire-emblem-heroes.com\/wp-content\/uploads\/cormag_aloof_lanceman_pop03.png\" class=\"popup-image\">\r\n                        <img decoding=\"async\" src=\"https:\/\/guide.fire-emblem-heroes.com\/wp-content\/uploads\/cormag_aloof_lanceman_info03.png\" alt=\"\" \/>\r\n                    <\/a>\r\n                <\/dd>\r\n                <dt id=\"CHARA_144_012\" class=\"sec_dt\">Apesar de ter se conformado que teria que lutar contra seu pa\u00eds, Cormag nunca abandonou seu orgulho. Com convic\u00e7\u00f5es t\u00e3o firmes, eu s\u00f3 imagino o que ele seria capaz de fazer pela Ordem dos Her\u00f3is!<\/dt>\r\n                <dd class=\"sec_dd\">\r\n                    <a href=\"https:\/\/guide.fire-emblem-heroes.com\/wp-content\/uploads\/cormag_aloof_lanceman_pop04.png\" class=\"popup-image\">\r\n                        <img decoding=\"async\" src=\"https:\/\/guide.fire-emblem-heroes.com\/wp-content\/uploads\/cormag_aloof_lanceman_info04.png\" alt=\"\" \/>\r\n                    <\/a>\r\n                <\/dd>\r\n            <\/dl>\r\n            <h3 id=\"CHARA_144_013\" class=\"sec_h3charatxt\">Personagens relacionados<\/h3>\r\n            <h4 id=\"CHARA_144_014\" class=\"sec_h4charatxt\">Tana<\/h4>\r\n            <p id=\"CHARA_144_015\" class=\"sec_charatxt\">Princesa de Frelia e irm\u00e3 de Innes. \u00c9 um pouco ing\u00eanua, mas alegre e muito soci\u00e1vel. Lutar ao lado de Cormag os deixou mais pr\u00f3ximos.<\/p>\r\n            <h4 id=\"CHARA_144_016\" class=\"sec_h4charatxt\">Valter<\/h4>\r\n            <p id=\"CHARA_144_017\" class=\"sec_charatxt\">Um dos seis generais de Grado. A crueldade o inebria. Conhecido como Adul\u00e1ria negra. Matou Glen quando ele estava pr\u00f3ximo de descobrir a verdade sobre o imperador de Grado.<\/p>\r\n        <\/section>\r\n    <\/article>\r\n<\/main>","protected":false},"excerpt":{"rendered":"Her\u00f3i Lanceiro arredio Cormag Aparece em Fire Emblem: The Sacred Stones Sharena apresenta: Lanceiro arredio Cormag Cormag \u00e9 um cavaleiro wyvern que serve o ex\u00e9rcito do imp\u00e9rio de Grado. Seu irm\u00e3o mais velho, Glen, \u00e9 um dos seis generais do imp\u00e9rio. E, considerando as origens modestas dos dois irm\u00e3os, eu diria que eles est\u00e3o se [&hellip;]","protected":false},"author":1,"featured_media":13670,"comment_status":"closed","ping_status":"closed","sticky":false,"template":"","format":"standard","meta":{"advanced_seo_description":"","jetpack_seo_html_title":"","jetpack_seo_noindex":false,"_jetpack_newsletter_access":"","_jetpack_dont_email_post_to_subs":false,"_jetpack_newsletter_tier_id":0,"_jetpack_memberships_contains_paywalled_content":false,"_locale":"pt_BR","_original_post":"13513","_jetpack_memberships_contains_paid_content":false,"footnotes":"","jetpack_publicize_message":"","jetpack_publicize_feature_enabled":true,"jetpack_social_post_already_shared":true,"jetpack_social_options":{"image_generator_settings":{"template":"highway","default_image_id":0,"font":"","enabled":false},"version":2},"_wpas_customize_per_network":false,"jetpack_post_was_ever_published":false},"categories":[1384,1428,1415,1390],"tags":[1463],"class_list":["post-13532","post","type-post","status-publish","format-standard","has-post-thumbnail","hentry","category-character","category-ex_works_the_sacred_stones","category-heroes","category-stay_heroes","tag-heroi","pt-BR"],"jetpack_publicize_connections":[],"jetpack_featured_media_url":"https:\/\/guide.fire-emblem-heroes.com\/wp-content\/uploads\/cormag_aloof_lanceman.png","jetpack_sharing_enabled":false,"jetpack_shortlink":"https:\/\/wp.me\/pa0Mj3-3wg","jetpack_likes_enabled":false,"amp_enabled":true,"_links":{"self":[{"href":"https:\/\/guide.fire-emblem-heroes.com\/wp-json\/wp\/v2\/posts\/13532","targetHints":{"allow":["GET"]}}],"collection":[{"href":"https:\/\/guide.fire-emblem-heroes.com\/wp-json\/wp\/v2\/posts"}],"about":[{"href":"https:\/\/guide.fire-emblem-heroes.com\/wp-json\/wp\/v2\/types\/post"}],"author":[{"embeddable":true,"href":"https:\/\/guide.fire-emblem-heroes.com\/wp-json\/wp\/v2\/users\/1"}],"replies":[{"embeddable":true,"href":"https:\/\/guide.fire-emblem-heroes.com\/wp-json\/wp\/v2\/comments?post=13532"}],"version-history":[{"count":1,"href":"https:\/\/guide.fire-emblem-heroes.com\/wp-json\/wp\/v2\/posts\/13532\/revisions"}],"predecessor-version":[{"id":13554,"href":"https:\/\/guide.fire-emblem-heroes.com\/wp-json\/wp\/v2\/posts\/13532\/revisions\/13554"}],"wp:featuredmedia":[{"embeddable":true,"href":"https:\/\/guide.fire-emblem-heroes.com\/wp-json\/wp\/v2\/media\/13670"}],"wp:attachment":[{"href":"https:\/\/guide.fire-emblem-heroes.com\/wp-json\/wp\/v2\/media?parent=13532"}],"wp:term":[{"taxonomy":"category","embeddable":true,"href":"https:\/\/guide.fire-emblem-heroes.com\/wp-json\/wp\/v2\/categories?post=13532"},{"taxonomy":"post_tag","embeddable":true,"href":"https:\/\/guide.fire-emblem-heroes.com\/wp-json\/wp\/v2\/tags?post=13532"}],"curies":[{"name":"wp","href":"https:\/\/api.w.org\/{rel}","templated":true}]}}