






{"id":13826,"date":"2019-11-15T13:44:19","date_gmt":"2019-11-15T04:44:19","guid":{"rendered":"https:\/\/guide.fire-emblem-heroes.com\/?p=13826"},"modified":"2020-03-26T17:12:18","modified_gmt":"2020-03-26T08:12:18","slug":"05009001000447","status":"publish","type":"post","link":"https:\/\/guide.fire-emblem-heroes.com\/pt-BR\/05009001000447\/","title":{"rendered":"<span class=\"character_nick\">Idealista inflex\u00edvel<\/span> <span class=\"character_name\">Echidna<\/span>"},"content":{"rendered":"<main id=\"CHARA_146\" class=\"main_page character\">\r\n    <article>\r\n        <section class=\"sec sec_character\">\r\n            <ul class=\"sec_ul sec_ul--character slick-box\">\r\n                <li class=\"sec_li sec_li--character\">\r\n                    <img decoding=\"async\" src=\"https:\/\/guide.fire-emblem-heroes.com\/wp-content\/uploads\/echidna_unyielding_idealist_slide01.png\" alt=\"\" \/>\r\n                <\/li>\r\n                <li class=\"sec_li sec_li--character\">\r\n                    <img decoding=\"async\" src=\"https:\/\/guide.fire-emblem-heroes.com\/wp-content\/uploads\/echidna_unyielding_idealist_slide02.png\" alt=\"\" \/>\r\n                <\/li>\r\n                <li class=\"sec_li sec_li--character\">\r\n                    <img decoding=\"async\" src=\"https:\/\/guide.fire-emblem-heroes.com\/wp-content\/uploads\/echidna_unyielding_idealist_slide03.png\" alt=\"\" \/>\r\n                <\/li>\r\n                <li class=\"sec_li sec_li--character\">\r\n                    <img decoding=\"async\" src=\"https:\/\/guide.fire-emblem-heroes.com\/wp-content\/uploads\/echidna_unyielding_idealist_slide04.png\" alt=\"\" \/>\r\n                <\/li>\r\n            <\/ul>\r\n            <div class=\"sec_charainfoarea flex\">\r\n                <div class=\"sec_gif\"><img loading=\"lazy\" decoding=\"async\" src=\"https:\/\/guide.fire-emblem-heroes.com\/wp-content\/uploads\/echidna_unyielding_idealist.png\" alt=\"\" width=\"210\" height=\"190\"\/><\/div>\r\n                <div class=\"sec_charainfo\">\r\n                    <p id=\"CHARA_146_002\" class=\"sec_characate sec_characate--heroes\">Hero\u00edna<\/p>\r\n                    <p id=\"CHARA_146_003\" class=\"sec_charanick\">Idealista inflex\u00edvel<\/p>\r\n                    <p id=\"CHARA_146_004\" class=\"sec_charaname\">Echidna<\/p>\r\n                    <p id=\"CHARA_146_005\" class=\"sec_charaappearancetxt\">Aparece em<\/p>\r\n                    <p id=\"CHARA_146_006\" class=\"sec_charaappearancetxt\">Fire Emblem: The Binding Blade<\/p>\r\n                <\/div>\r\n            <\/div>\r\n        <\/section>\r\n    <\/article>\r\n    <article>\r\n        <section class=\"sec sec_characterarea\">\r\n            <div class=\"sec_h2chara\">\r\n                <p id=\"CHARA_146_007\" class=\"sec_h2charattl\">Sharena apresenta:<\/p>\r\n                <h2 id=\"CHARA_146_008\" class=\"sec_h2charatxt\">Idealista inflex\u00edvel Echidna<\/h2>\r\n            <\/div>\r\n            <dl class=\"sec_dl flex\">\r\n                <dt id=\"CHARA_146_009\" class=\"sec_dt\">H\u00e1 uma mulher incr\u00edvel nas ilhas ocidentais de Elibe, considerada uma hero\u00edna por seu povo. Ela \u00e9 a mais forte entre eles e tem um cora\u00e7\u00e3o bondoso. Sim, \u00e9 a Echidna!<\/dt>\r\n                <dd class=\"sec_dd\">\r\n                    <a href=\"https:\/\/guide.fire-emblem-heroes.com\/wp-content\/uploads\/echidna_unyielding_idealist_pop01.png\" class=\"popup-image\">\r\n                        <img decoding=\"async\" src=\"https:\/\/guide.fire-emblem-heroes.com\/wp-content\/uploads\/echidna_unyielding_idealist_info01.png\" alt=\"\" \/>\r\n                    <\/a>\r\n                <\/dd>\r\n                <dt id=\"CHARA_146_010\" class=\"sec_dt\">As ilhas ocidentais eram governadas com m\u00e3o de ferro por um l\u00edder cruel e tamb\u00e9m atormentadas por vil\u00f5es. Para ajudar o seu povo sofrido, Echidna liderou um grupo de resist\u00eancia contra seus opressores.<\/dt>\r\n                <dd class=\"sec_dd\">\r\n                    <a href=\"https:\/\/guide.fire-emblem-heroes.com\/wp-content\/uploads\/echidna_unyielding_idealist_pop02.png\" class=\"popup-image\">\r\n                        <img decoding=\"async\" src=\"https:\/\/guide.fire-emblem-heroes.com\/wp-content\/uploads\/echidna_unyielding_idealist_info02.png\" alt=\"\" \/>\r\n                    <\/a>\r\n                <\/dd>\r\n                <dt id=\"CHARA_146_011\" class=\"sec_dt\">Quando Roy finalmente chegou nessas ilhas liderando o ex\u00e9rcito da Liga lyciana, Echidna lutou ao seu lado para derrotar o l\u00edder local e expuls\u00e1-lo. D\u00e1-lhe, Echidna!<\/dt>\r\n                <dd class=\"sec_dd\">\r\n                    <a href=\"https:\/\/guide.fire-emblem-heroes.com\/wp-content\/uploads\/echidna_unyielding_idealist_pop03.png\" class=\"popup-image\">\r\n                        <img decoding=\"async\" src=\"https:\/\/guide.fire-emblem-heroes.com\/wp-content\/uploads\/echidna_unyielding_idealist_info03.png\" alt=\"\" \/>\r\n                    <\/a>\r\n                <\/dd>\r\n                <dt id=\"CHARA_146_012\" class=\"sec_dt\">Echidna luta pelos indefesos contra seus opressores. Se a Ordem dos Her\u00f3is contar com o apoio da hero\u00edna das ilhas ocidentais, seremos 100 vezes mais fortes!<\/dt>\r\n                <dd class=\"sec_dd\">\r\n                    <a href=\"https:\/\/guide.fire-emblem-heroes.com\/wp-content\/uploads\/echidna_unyielding_idealist_pop04.png\" class=\"popup-image\">\r\n                        <img decoding=\"async\" src=\"https:\/\/guide.fire-emblem-heroes.com\/wp-content\/uploads\/echidna_unyielding_idealist_info04.png\" alt=\"\" \/>\r\n                    <\/a>\r\n                <\/dd>\r\n            <\/dl>\r\n            <h3 id=\"CHARA_146_013\" class=\"sec_h3charatxt\">Personagens relacionados<\/h3>\r\n            <h4 id=\"CHARA_146_014\" class=\"sec_h4charatxt\">Larum<\/h4>\r\n            <p id=\"CHARA_146_015\" class=\"sec_charatxt\">Dan\u00e7arina alegre que pertence \u00e0 resist\u00eancia das ilhas ocidentais. Filha adotiva de Douglas, general de Etr\u00faria. Ela \u00e9 aliada de Echidna.<\/p>\r\n            <h4 id=\"CHARA_146_016\" class=\"sec_h4charatxt\">Elffin<\/h4>\r\n            <p id=\"CHARA_146_017\" class=\"sec_charatxt\">Um bardo que serve como estrategista para a resist\u00eancia. Calado, mas astuto. Ele \u00e9 aliado de Echidna.<\/p>\r\n        <\/section>\r\n    <\/article>\r\n<\/main>","protected":false},"excerpt":{"rendered":"Hero\u00edna Idealista inflex\u00edvel Echidna Aparece em Fire Emblem: The Binding Blade Sharena apresenta: Idealista inflex\u00edvel Echidna H\u00e1 uma mulher incr\u00edvel nas ilhas ocidentais de Elibe, considerada uma hero\u00edna por seu povo. Ela \u00e9 a mais forte entre eles e tem um cora\u00e7\u00e3o bondoso. Sim, \u00e9 a Echidna! As ilhas ocidentais eram governadas com m\u00e3o de [&hellip;]","protected":false},"author":1,"featured_media":14028,"comment_status":"closed","ping_status":"closed","sticky":false,"template":"","format":"standard","meta":{"advanced_seo_description":"","jetpack_seo_html_title":"","jetpack_seo_noindex":false,"_jetpack_newsletter_access":"","_jetpack_dont_email_post_to_subs":false,"_jetpack_newsletter_tier_id":0,"_jetpack_memberships_contains_paywalled_content":false,"_locale":"pt_BR","_original_post":"13817","_jetpack_memberships_contains_paid_content":false,"footnotes":"","jetpack_publicize_message":"","jetpack_publicize_feature_enabled":true,"jetpack_social_post_already_shared":true,"jetpack_social_options":{"image_generator_settings":{"template":"highway","default_image_id":0,"font":"","enabled":false},"version":2},"_wpas_customize_per_network":false,"jetpack_post_was_ever_published":false},"categories":[1384,1415,1426,1390],"tags":[1461],"class_list":["post-13826","post","type-post","status-publish","format-standard","has-post-thumbnail","hentry","category-character","category-heroes","category-ex_works_the_binding_blade","category-stay_heroes","tag-heroina","pt-BR"],"jetpack_publicize_connections":[],"jetpack_featured_media_url":"https:\/\/guide.fire-emblem-heroes.com\/wp-content\/uploads\/echidna_unyielding_idealist.png","jetpack_sharing_enabled":false,"jetpack_shortlink":"https:\/\/wp.me\/pa0Mj3-3B0","jetpack_likes_enabled":false,"amp_enabled":true,"_links":{"self":[{"href":"https:\/\/guide.fire-emblem-heroes.com\/wp-json\/wp\/v2\/posts\/13826","targetHints":{"allow":["GET"]}}],"collection":[{"href":"https:\/\/guide.fire-emblem-heroes.com\/wp-json\/wp\/v2\/posts"}],"about":[{"href":"https:\/\/guide.fire-emblem-heroes.com\/wp-json\/wp\/v2\/types\/post"}],"author":[{"embeddable":true,"href":"https:\/\/guide.fire-emblem-heroes.com\/wp-json\/wp\/v2\/users\/1"}],"replies":[{"embeddable":true,"href":"https:\/\/guide.fire-emblem-heroes.com\/wp-json\/wp\/v2\/comments?post=13826"}],"version-history":[{"count":4,"href":"https:\/\/guide.fire-emblem-heroes.com\/wp-json\/wp\/v2\/posts\/13826\/revisions"}],"predecessor-version":[{"id":17263,"href":"https:\/\/guide.fire-emblem-heroes.com\/wp-json\/wp\/v2\/posts\/13826\/revisions\/17263"}],"wp:featuredmedia":[{"embeddable":true,"href":"https:\/\/guide.fire-emblem-heroes.com\/wp-json\/wp\/v2\/media\/14028"}],"wp:attachment":[{"href":"https:\/\/guide.fire-emblem-heroes.com\/wp-json\/wp\/v2\/media?parent=13826"}],"wp:term":[{"taxonomy":"category","embeddable":true,"href":"https:\/\/guide.fire-emblem-heroes.com\/wp-json\/wp\/v2\/categories?post=13826"},{"taxonomy":"post_tag","embeddable":true,"href":"https:\/\/guide.fire-emblem-heroes.com\/wp-json\/wp\/v2\/tags?post=13826"}],"curies":[{"name":"wp","href":"https:\/\/api.w.org\/{rel}","templated":true}]}}