






{"id":14094,"date":"2019-11-26T13:43:45","date_gmt":"2019-11-26T04:43:45","guid":{"rendered":"https:\/\/guide.fire-emblem-heroes.com\/?p=14094"},"modified":"2020-03-26T17:25:49","modified_gmt":"2020-03-26T08:25:49","slug":"05002001000073","status":"publish","type":"post","link":"https:\/\/guide.fire-emblem-heroes.com\/pt-BR\/05002001000073\/","title":{"rendered":"<span class=\"character_nick\">Am\u00e1vel marquesa<\/span> <span class=\"character_name\">Lilina<\/span>"},"content":{"rendered":"<main id=\"CHARA_152\" class=\"main_page character\">\r\n    <article>\r\n        <section class=\"sec sec_character\">\r\n            <ul class=\"sec_ul sec_ul--character slick-box\">\r\n                <li class=\"sec_li sec_li--character\">\r\n                    <img decoding=\"async\" src=\"https:\/\/guide.fire-emblem-heroes.com\/wp-content\/uploads\/lilina_delightful_noble_slide01.png\" alt=\"\" \/>\r\n                <\/li>\r\n                <li class=\"sec_li sec_li--character\">\r\n                    <img decoding=\"async\" src=\"https:\/\/guide.fire-emblem-heroes.com\/wp-content\/uploads\/lilina_delightful_noble_slide02.png\" alt=\"\" \/>\r\n                <\/li>\r\n                <li class=\"sec_li sec_li--character\">\r\n                    <img decoding=\"async\" src=\"https:\/\/guide.fire-emblem-heroes.com\/wp-content\/uploads\/lilina_delightful_noble_slide03.png\" alt=\"\" \/>\r\n                <\/li>\r\n                <li class=\"sec_li sec_li--character\">\r\n                    <img decoding=\"async\" src=\"https:\/\/guide.fire-emblem-heroes.com\/wp-content\/uploads\/lilina_delightful_noble_slide04.png\" alt=\"\" \/>\r\n                <\/li>\r\n            <\/ul>\r\n            <div class=\"sec_charainfoarea flex\">\r\n                <div class=\"sec_gif\"><img loading=\"lazy\" decoding=\"async\" src=\"https:\/\/guide.fire-emblem-heroes.com\/wp-content\/uploads\/lilina_delightful_noble.png\" alt=\"\" width=\"210\" height=\"190\"\/><\/div>\r\n                <div class=\"sec_charainfo\">\r\n                    <p id=\"CHARA_152_002\" class=\"sec_characate sec_characate--heroes\">Hero\u00edna<\/p>\r\n                    <p id=\"CHARA_152_003\" class=\"sec_charanick\">Am\u00e1vel marquesa<\/p>\r\n                    <p id=\"CHARA_152_004\" class=\"sec_charaname\">Lilina<\/p>\r\n                    <p id=\"CHARA_152_005\" class=\"sec_charaappearancetxt\">Aparece em<\/p>\r\n                    <p id=\"CHARA_152_006\" class=\"sec_charaappearancetxt\">Fire Emblem: The Binding Blade<\/p>\r\n                <\/div>\r\n            <\/div>\r\n        <\/section>\r\n    <\/article>\r\n    <article>\r\n        <section class=\"sec sec_characterarea\">\r\n            <div class=\"sec_h2chara\">\r\n                <p id=\"CHARA_152_007\" class=\"sec_h2charattl\">Sharena apresenta:<\/p>\r\n                <h2 id=\"CHARA_152_008\" class=\"sec_h2charatxt\">Am\u00e1vel marquesa Lilina<\/h2>\r\n            <\/div>\r\n            <dl class=\"sec_dl flex\">\r\n                <dt id=\"CHARA_152_009\" class=\"sec_dt\">Lilina \u00e9 filha de Hector, marqu\u00eas de Ositia, que um dia liderou a Liga lyciana. Ela e Roy, da casa de Pherae, cresceram juntos.<\/dt>\r\n                <dd class=\"sec_dd\">\r\n                    <a href=\"https:\/\/guide.fire-emblem-heroes.com\/wp-content\/uploads\/lilina_delightful_noble_pop01.png\" class=\"popup-image\">\r\n                        <img decoding=\"async\" src=\"https:\/\/guide.fire-emblem-heroes.com\/wp-content\/uploads\/lilina_delightful_noble_info01.png\" alt=\"\" \/>\r\n                    <\/a>\r\n                <\/dd>\r\n                <dt id=\"CHARA_152_010\" class=\"sec_dt\">Quando a pot\u00eancia militar de Bern come\u00e7ou a guerra contra a Liga lyciana, um grupo de generais de Ositia trocou de lado, come\u00e7ando uma rebeli\u00e3o e sequestrando Lilina.<\/dt>\r\n                <dd class=\"sec_dd\">\r\n                    <a href=\"https:\/\/guide.fire-emblem-heroes.com\/wp-content\/uploads\/lilina_delightful_noble_pop02.png\" class=\"popup-image\">\r\n                        <img decoding=\"async\" src=\"https:\/\/guide.fire-emblem-heroes.com\/wp-content\/uploads\/lilina_delightful_noble_info02.png\" alt=\"\" \/>\r\n                    <\/a>\r\n                <\/dd>\r\n                <dt id=\"CHARA_152_011\" class=\"sec_dt\">Foi ent\u00e3o que Roy e o ex\u00e9rcito de Pherae vieram ao resgate! Depois que a rebeli\u00e3o de Ositia foi controlada, Lilina se tonou a nova l\u00edder da Liga lyciana.<\/dt>\r\n                <dd class=\"sec_dd\">\r\n                    <a href=\"https:\/\/guide.fire-emblem-heroes.com\/wp-content\/uploads\/lilina_delightful_noble_pop03.png\" class=\"popup-image\">\r\n                        <img decoding=\"async\" src=\"https:\/\/guide.fire-emblem-heroes.com\/wp-content\/uploads\/lilina_delightful_noble_info03.png\" alt=\"\" \/>\r\n                    <\/a>\r\n                <\/dd>\r\n                <dt id=\"CHARA_152_012\" class=\"sec_dt\">Lilina continua melhorando, tanto como l\u00edder quanto como maga. Seus talentos s\u00e3o muito elogiados pela maga general Cecilia, que no passado foi sua professora. Fico imaginando aonde ela vai chegar, com todo esse potencial&#8230;<\/dt>\r\n                <dd class=\"sec_dd\">\r\n                    <a href=\"https:\/\/guide.fire-emblem-heroes.com\/wp-content\/uploads\/lilina_delightful_noble_pop04.png\" class=\"popup-image\">\r\n                        <img decoding=\"async\" src=\"https:\/\/guide.fire-emblem-heroes.com\/wp-content\/uploads\/lilina_delightful_noble_info04.png\" alt=\"\" \/>\r\n                    <\/a>\r\n                <\/dd>\r\n            <\/dl>\r\n            <h3 id=\"CHARA_152_013\" class=\"sec_h3charatxt\">Personagens relacionados<\/h3>\r\n            <h4 id=\"CHARA_152_014\" class=\"sec_h4charatxt\">Roy<\/h4>\r\n            <p id=\"CHARA_152_015\" class=\"sec_charatxt\">Filho de Eliwood, marqu\u00eas de Pherae e l\u00edder de seu ex\u00e9rcito. Amigo de Lilina desde a inf\u00e2ncia.<\/p>\r\n            <h4 id=\"CHARA_152_016\" class=\"sec_h4charatxt\">Hector<\/h4>\r\n            <p id=\"CHARA_152_017\" class=\"sec_charatxt\">Amigo de Eliwood e marqu\u00eas de Ositia. Prefere agir em vez de ficar nas formalidades. Pai de Lilina.<\/p>\r\n            <h4 id=\"CHARA_152_018\" class=\"sec_h4charatxt\">Cecilia<\/h4>\r\n            <p id=\"CHARA_152_019\" class=\"sec_charatxt\">Maga general de Etr\u00faria. Ensinou Roy e Lilina quando eles eram pequenos.<\/p>\r\n        <\/section>\r\n    <\/article>\r\n<\/main>","protected":false},"excerpt":{"rendered":"Hero\u00edna Am\u00e1vel marquesa Lilina Aparece em Fire Emblem: The Binding Blade Sharena apresenta: Am\u00e1vel marquesa Lilina Lilina \u00e9 filha de Hector, marqu\u00eas de Ositia, que um dia liderou a Liga lyciana. Ela e Roy, da casa de Pherae, cresceram juntos. Quando a pot\u00eancia militar de Bern come\u00e7ou a guerra contra a Liga lyciana, um grupo [&hellip;]","protected":false},"author":1,"featured_media":14264,"comment_status":"closed","ping_status":"closed","sticky":false,"template":"","format":"standard","meta":{"advanced_seo_description":"","jetpack_seo_html_title":"","jetpack_seo_noindex":false,"_jetpack_newsletter_access":"","_jetpack_dont_email_post_to_subs":false,"_jetpack_newsletter_tier_id":0,"_jetpack_memberships_contains_paywalled_content":false,"_locale":"pt_BR","_original_post":"14085","_jetpack_memberships_contains_paid_content":false,"footnotes":"","jetpack_publicize_message":"","jetpack_publicize_feature_enabled":true,"jetpack_social_post_already_shared":true,"jetpack_social_options":{"image_generator_settings":{"template":"highway","default_image_id":0,"font":"","enabled":false},"version":2},"_wpas_customize_per_network":false,"jetpack_post_was_ever_published":false},"categories":[1384,1415,1426,1390],"tags":[1461],"class_list":["post-14094","post","type-post","status-publish","format-standard","has-post-thumbnail","hentry","category-character","category-heroes","category-ex_works_the_binding_blade","category-stay_heroes","tag-heroina","pt-BR"],"jetpack_publicize_connections":[],"jetpack_featured_media_url":"https:\/\/guide.fire-emblem-heroes.com\/wp-content\/uploads\/lilina_delightful_noble.png","jetpack_sharing_enabled":false,"jetpack_shortlink":"https:\/\/wp.me\/pa0Mj3-3Fk","jetpack_likes_enabled":false,"amp_enabled":true,"_links":{"self":[{"href":"https:\/\/guide.fire-emblem-heroes.com\/wp-json\/wp\/v2\/posts\/14094","targetHints":{"allow":["GET"]}}],"collection":[{"href":"https:\/\/guide.fire-emblem-heroes.com\/wp-json\/wp\/v2\/posts"}],"about":[{"href":"https:\/\/guide.fire-emblem-heroes.com\/wp-json\/wp\/v2\/types\/post"}],"author":[{"embeddable":true,"href":"https:\/\/guide.fire-emblem-heroes.com\/wp-json\/wp\/v2\/users\/1"}],"replies":[{"embeddable":true,"href":"https:\/\/guide.fire-emblem-heroes.com\/wp-json\/wp\/v2\/comments?post=14094"}],"version-history":[{"count":2,"href":"https:\/\/guide.fire-emblem-heroes.com\/wp-json\/wp\/v2\/posts\/14094\/revisions"}],"predecessor-version":[{"id":14207,"href":"https:\/\/guide.fire-emblem-heroes.com\/wp-json\/wp\/v2\/posts\/14094\/revisions\/14207"}],"wp:featuredmedia":[{"embeddable":true,"href":"https:\/\/guide.fire-emblem-heroes.com\/wp-json\/wp\/v2\/media\/14264"}],"wp:attachment":[{"href":"https:\/\/guide.fire-emblem-heroes.com\/wp-json\/wp\/v2\/media?parent=14094"}],"wp:term":[{"taxonomy":"category","embeddable":true,"href":"https:\/\/guide.fire-emblem-heroes.com\/wp-json\/wp\/v2\/categories?post=14094"},{"taxonomy":"post_tag","embeddable":true,"href":"https:\/\/guide.fire-emblem-heroes.com\/wp-json\/wp\/v2\/tags?post=14094"}],"curies":[{"name":"wp","href":"https:\/\/api.w.org\/{rel}","templated":true}]}}