






{"id":14351,"date":"2019-12-04T12:45:36","date_gmt":"2019-12-04T03:45:36","guid":{"rendered":"https:\/\/guide.fire-emblem-heroes.com\/?p=14351"},"modified":"2020-03-26T17:28:07","modified_gmt":"2020-03-26T08:28:07","slug":"04001004000458","status":"publish","type":"post","link":"https:\/\/guide.fire-emblem-heroes.com\/pt-BR\/04001004000458\/","title":{"rendered":"<span class=\"character_nick\">Ama de Fiana<\/span> <span class=\"character_name\">Eyvel<\/span>"},"content":{"rendered":"<main id=\"CHARA_159\" class=\"main_page character\">\r\n    <article>\r\n        <section class=\"sec sec_character\">\r\n            <ul class=\"sec_ul sec_ul--character slick-box\">\r\n                <li class=\"sec_li sec_li--character\">\r\n                    <img decoding=\"async\" src=\"https:\/\/guide.fire-emblem-heroes.com\/wp-content\/uploads\/eyvel_mistress_of_fiana_slide01.png\" alt=\"\" \/>\r\n                <\/li>\r\n                <li class=\"sec_li sec_li--character\">\r\n                    <img decoding=\"async\" src=\"https:\/\/guide.fire-emblem-heroes.com\/wp-content\/uploads\/eyvel_mistress_of_fiana_slide02.png\" alt=\"\" \/>\r\n                <\/li>\r\n                <li class=\"sec_li sec_li--character\">\r\n                    <img decoding=\"async\" src=\"https:\/\/guide.fire-emblem-heroes.com\/wp-content\/uploads\/eyvel_mistress_of_fiana_slide03.png\" alt=\"\" \/>\r\n                <\/li>\r\n                <li class=\"sec_li sec_li--character\">\r\n                    <img decoding=\"async\" src=\"https:\/\/guide.fire-emblem-heroes.com\/wp-content\/uploads\/eyvel_mistress_of_fiana_slide04.png\" alt=\"\" \/>\r\n                <\/li>\r\n            <\/ul>\r\n            <div class=\"sec_charainfoarea flex\">\r\n                <div class=\"sec_gif\"><img loading=\"lazy\" decoding=\"async\" src=\"https:\/\/guide.fire-emblem-heroes.com\/wp-content\/uploads\/eyvel_mistress_of_fiana.png\" alt=\"\" width=\"210\" height=\"190\"\/><\/div>\r\n                <div class=\"sec_charainfo\">\r\n                    <p id=\"CHARA_159_002\" class=\"sec_characate sec_characate--heroes\">Hero\u00edna<\/p>\r\n                    <p id=\"CHARA_159_003\" class=\"sec_charanick\">Ama de Fiana<\/p>\r\n                    <p id=\"CHARA_159_004\" class=\"sec_charaname\">Eyvel<\/p>\r\n                    <p id=\"CHARA_159_005\" class=\"sec_charaappearancetxt\">Aparece em<\/p>\r\n                    <p id=\"CHARA_159_006\" class=\"sec_charaappearancetxt\">Fire Emblem: Thracia 776<\/p>\r\n                <\/div>\r\n            <\/div>\r\n        <\/section>\r\n    <\/article>\r\n    <article>\r\n        <section class=\"sec sec_characterarea\">\r\n            <div class=\"sec_h2chara\">\r\n                <p id=\"CHARA_159_007\" class=\"sec_h2charattl\">Sharena apresenta:<\/p>\r\n                <h2 id=\"CHARA_159_008\" class=\"sec_h2charatxt\">Ama de Fiana Eyvel<\/h2>\r\n            <\/div>\r\n            <dl class=\"sec_dl flex\">\r\n                <dt id=\"CHARA_159_009\" class=\"sec_dt\">H\u00e1 um vilarejo chamado Fiana no leste de Thracia, no continente de Jugdral, onde mora uma espadachim imbat\u00edvel que lidera uma pequena comunidade. Seu nome \u00e9 Eyvel e ela \u00e9 uma hero\u00edna.<\/dt>\r\n                <dd class=\"sec_dd\">\r\n                    <a href=\"https:\/\/guide.fire-emblem-heroes.com\/wp-content\/uploads\/eyvel_mistress_of_fiana_pop01.png\" class=\"popup-image\">\r\n                        <img decoding=\"async\" src=\"https:\/\/guide.fire-emblem-heroes.com\/wp-content\/uploads\/eyvel_mistress_of_fiana_info01.png\" alt=\"\" \/>\r\n                    <\/a>\r\n                <\/dd>\r\n                <dt id=\"CHARA_159_010\" class=\"sec_dt\">Eyvel n\u00e3o se lembra de detalhes do seu passado. Ela viveu por um tempo como mercen\u00e1ria errante, at\u00e9 estabelecer o vilarejo de Fiana, depois de derrotar bandidos e piratas que aterrorizavam as pessoas dali.<\/dt>\r\n                <dd class=\"sec_dd\">\r\n                    <a href=\"https:\/\/guide.fire-emblem-heroes.com\/wp-content\/uploads\/eyvel_mistress_of_fiana_pop02.png\" class=\"popup-image\">\r\n                        <img decoding=\"async\" src=\"https:\/\/guide.fire-emblem-heroes.com\/wp-content\/uploads\/eyvel_mistress_of_fiana_info02.png\" alt=\"\" \/>\r\n                    <\/a>\r\n                <\/dd>\r\n                <dt id=\"CHARA_159_011\" class=\"sec_dt\">Um dia, quando Eyvel estava longe de casa, soldados de Grannvale vieram em busca de Leif, o pr\u00edncipe de Leonster. Durante a batalha, a filha adotiva de Eyvel, Mareeta, foi sequestrada.<\/dt>\r\n                <dd class=\"sec_dd\">\r\n                    <a href=\"https:\/\/guide.fire-emblem-heroes.com\/wp-content\/uploads\/eyvel_mistress_of_fiana_pop03.png\" class=\"popup-image\">\r\n                        <img decoding=\"async\" src=\"https:\/\/guide.fire-emblem-heroes.com\/wp-content\/uploads\/eyvel_mistress_of_fiana_info03.png\" alt=\"\" \/>\r\n                    <\/a>\r\n                <\/dd>\r\n                <dt id=\"CHARA_159_012\" class=\"sec_dt\">Para conseguir salv\u00e1-la, Eyvel decidiu se juntar ao pr\u00edncipe Leif em sua batalha contra o imp\u00e9rio de Grannvale. Eles ver\u00e3o com os pr\u00f3prios olhos as suas incr\u00edveis habilidades de espadachim!<\/dt>\r\n                <dd class=\"sec_dd\">\r\n                    <a href=\"https:\/\/guide.fire-emblem-heroes.com\/wp-content\/uploads\/eyvel_mistress_of_fiana_pop04.png\" class=\"popup-image\">\r\n                        <img decoding=\"async\" src=\"https:\/\/guide.fire-emblem-heroes.com\/wp-content\/uploads\/eyvel_mistress_of_fiana_info04.png\" alt=\"\" \/>\r\n                    <\/a>\r\n                <\/dd>\r\n            <\/dl>\r\n            <h3 id=\"CHARA_159_013\" class=\"sec_h3charatxt\">Personagens relacionados<\/h3>\r\n            <h4 id=\"CHARA_159_014\" class=\"sec_h4charatxt\">Mareeta<\/h4>\r\n            <p id=\"CHARA_159_015\" class=\"sec_charatxt\">Espadachim de Fiana. Eyvel salvou a pequena Mareeta das m\u00e3os de traficantes de escravos e a criou como se fosse sua pr\u00f3pria filha.<\/p>\r\n            <h4 id=\"CHARA_159_016\" class=\"sec_h4charatxt\">Osian<\/h4>\r\n            <p id=\"CHARA_159_017\" class=\"sec_charatxt\">Guerreiro e membro do grupo L\u00e2minas de Fiana. Tem o pavio curto, mas um bom cora\u00e7\u00e3o. Se juntou ao ex\u00e9rcito de Leif com Eyvel.<\/p>\r\n            <h4 id=\"CHARA_159_018\" class=\"sec_h4charatxt\">Halvan<\/h4>\r\n            <p id=\"CHARA_159_019\" class=\"sec_charatxt\">Outro guerreiro do grupo L\u00e2minas de Fiana. Ao contr\u00e1rio de Osian, Halvan \u00e9 calmo e equilibrado. Ele considera Eyvel como uma m\u00e3e.<\/p>\r\n        <\/section>\r\n    <\/article>\r\n<\/main>","protected":false},"excerpt":{"rendered":"Hero\u00edna Ama de Fiana Eyvel Aparece em Fire Emblem: Thracia 776 Sharena apresenta: Ama de Fiana Eyvel H\u00e1 um vilarejo chamado Fiana no leste de Thracia, no continente de Jugdral, onde mora uma espadachim imbat\u00edvel que lidera uma pequena comunidade. Seu nome \u00e9 Eyvel e ela \u00e9 uma hero\u00edna. Eyvel n\u00e3o se lembra de detalhes [&hellip;]","protected":false},"author":1,"featured_media":14460,"comment_status":"closed","ping_status":"closed","sticky":false,"template":"","format":"standard","meta":{"advanced_seo_description":"","jetpack_seo_html_title":"","jetpack_seo_noindex":false,"_jetpack_newsletter_access":"","_jetpack_dont_email_post_to_subs":false,"_jetpack_newsletter_tier_id":0,"_jetpack_memberships_contains_paywalled_content":false,"_locale":"pt_BR","_original_post":"14342","_jetpack_memberships_contains_paid_content":false,"footnotes":"","jetpack_publicize_message":"","jetpack_publicize_feature_enabled":true,"jetpack_social_post_already_shared":true,"jetpack_social_options":{"image_generator_settings":{"template":"highway","default_image_id":0,"font":"","enabled":false},"version":2},"_wpas_customize_per_network":false,"jetpack_post_was_ever_published":false},"categories":[1384,1438,1415,1390],"tags":[1461],"class_list":["post-14351","post","type-post","status-publish","format-standard","has-post-thumbnail","hentry","category-character","category-ex_works_thracia_776","category-heroes","category-stay_heroes","tag-heroina","pt-BR"],"jetpack_publicize_connections":[],"jetpack_featured_media_url":"https:\/\/guide.fire-emblem-heroes.com\/wp-content\/uploads\/eyvel_mistress_of_fiana.png","jetpack_sharing_enabled":false,"jetpack_shortlink":"https:\/\/wp.me\/pa0Mj3-3Jt","jetpack_likes_enabled":false,"amp_enabled":true,"_links":{"self":[{"href":"https:\/\/guide.fire-emblem-heroes.com\/wp-json\/wp\/v2\/posts\/14351","targetHints":{"allow":["GET"]}}],"collection":[{"href":"https:\/\/guide.fire-emblem-heroes.com\/wp-json\/wp\/v2\/posts"}],"about":[{"href":"https:\/\/guide.fire-emblem-heroes.com\/wp-json\/wp\/v2\/types\/post"}],"author":[{"embeddable":true,"href":"https:\/\/guide.fire-emblem-heroes.com\/wp-json\/wp\/v2\/users\/1"}],"replies":[{"embeddable":true,"href":"https:\/\/guide.fire-emblem-heroes.com\/wp-json\/wp\/v2\/comments?post=14351"}],"version-history":[{"count":1,"href":"https:\/\/guide.fire-emblem-heroes.com\/wp-json\/wp\/v2\/posts\/14351\/revisions"}],"predecessor-version":[{"id":14357,"href":"https:\/\/guide.fire-emblem-heroes.com\/wp-json\/wp\/v2\/posts\/14351\/revisions\/14357"}],"wp:featuredmedia":[{"embeddable":true,"href":"https:\/\/guide.fire-emblem-heroes.com\/wp-json\/wp\/v2\/media\/14460"}],"wp:attachment":[{"href":"https:\/\/guide.fire-emblem-heroes.com\/wp-json\/wp\/v2\/media?parent=14351"}],"wp:term":[{"taxonomy":"category","embeddable":true,"href":"https:\/\/guide.fire-emblem-heroes.com\/wp-json\/wp\/v2\/categories?post=14351"},{"taxonomy":"post_tag","embeddable":true,"href":"https:\/\/guide.fire-emblem-heroes.com\/wp-json\/wp\/v2\/tags?post=14351"}],"curies":[{"name":"wp","href":"https:\/\/api.w.org\/{rel}","templated":true}]}}