






{"id":14414,"date":"2019-12-04T13:13:32","date_gmt":"2019-12-04T04:13:32","guid":{"rendered":"https:\/\/guide.fire-emblem-heroes.com\/?p=14414"},"modified":"2020-03-26T18:08:48","modified_gmt":"2020-03-26T09:08:48","slug":"04099003000459","status":"publish","type":"post","link":"https:\/\/guide.fire-emblem-heroes.com\/pt-BR\/04099003000459\/","title":{"rendered":"<span class=\"character_nick\">General conivente<\/span> <span class=\"character_name\">Kempf<\/span>"},"content":{"rendered":"<main id=\"CHARA_162\" class=\"main_page character\">\r\n    <article>\r\n        <section class=\"sec sec_character\">\r\n            <ul class=\"sec_ul sec_ul--character slick-box\">\r\n                <li class=\"sec_li sec_li--character\">\r\n                    <img decoding=\"async\" src=\"https:\/\/guide.fire-emblem-heroes.com\/wp-content\/uploads\/kempf_conniving_general_slide01.png\" alt=\"\" \/>\r\n                <\/li>\r\n                <li class=\"sec_li sec_li--character\">\r\n                    <img decoding=\"async\" src=\"https:\/\/guide.fire-emblem-heroes.com\/wp-content\/uploads\/kempf_conniving_general_slide02.png\" alt=\"\" \/>\r\n                <\/li>\r\n                <li class=\"sec_li sec_li--character\">\r\n                    <img decoding=\"async\" src=\"https:\/\/guide.fire-emblem-heroes.com\/wp-content\/uploads\/kempf_conniving_general_slide03.png\" alt=\"\" \/>\r\n                <\/li>\r\n                <li class=\"sec_li sec_li--character\">\r\n                    <img decoding=\"async\" src=\"https:\/\/guide.fire-emblem-heroes.com\/wp-content\/uploads\/kempf_conniving_general_slide04.png\" alt=\"\" \/>\r\n                <\/li>\r\n            <\/ul>\r\n            <div class=\"sec_charainfoarea flex\">\r\n                <div class=\"sec_gif\"><img loading=\"lazy\" decoding=\"async\" src=\"https:\/\/guide.fire-emblem-heroes.com\/wp-content\/uploads\/kempf_conniving_general.png\" alt=\"\" width=\"210\" height=\"190\"\/><\/div>\r\n                <div class=\"sec_charainfo\">\r\n                    <p id=\"CHARA_162_002\" class=\"sec_characate sec_characate--heroes\">Her\u00f3i<\/p>\r\n                    <p id=\"CHARA_162_003\" class=\"sec_charanick\">General conivente<\/p>\r\n                    <p id=\"CHARA_162_004\" class=\"sec_charaname\">Kempf<\/p>\r\n                    <p id=\"CHARA_162_005\" class=\"sec_charaappearancetxt\">Aparece em<\/p>\r\n                    <p id=\"CHARA_162_006\" class=\"sec_charaappearancetxt\">Fire Emblem: Thracia 776<\/p>\r\n                <\/div>\r\n            <\/div>\r\n        <\/section>\r\n    <\/article>\r\n    <article>\r\n        <section class=\"sec sec_characterarea\">\r\n            <div class=\"sec_h2chara\">\r\n                <p id=\"CHARA_162_007\" class=\"sec_h2charattl\">Sharena apresenta:<\/p>\r\n                <h2 id=\"CHARA_162_008\" class=\"sec_h2charatxt\">General conivente Kempf<\/h2>\r\n            <\/div>\r\n            <dl class=\"sec_dl flex\">\r\n                <dt id=\"CHARA_162_009\" class=\"sec_dt\">Kempf \u00e9 um general das for\u00e7as do imp\u00e9rio de Grannvale. Ele faz parte da casa de Friege, dos descendentes do cruzado Thrud, e isso meio que lhe subiu \u00e0 cabe\u00e7a.<\/dt>\r\n                <dd class=\"sec_dd\">\r\n                    <a href=\"https:\/\/guide.fire-emblem-heroes.com\/wp-content\/uploads\/kempf_conniving_general_pop01.png\" class=\"popup-image\">\r\n                        <img decoding=\"async\" src=\"https:\/\/guide.fire-emblem-heroes.com\/wp-content\/uploads\/kempf_conniving_general_info01.png\" alt=\"\" \/>\r\n                    <\/a>\r\n                <\/dd>\r\n                <dt id=\"CHARA_162_010\" class=\"sec_dt\">Ele morre de inveja de Reinhardt que, por sinal, \u00e9 chamado de a reencarna\u00e7\u00e3o de Thrud. Kempf tamb\u00e9m encontra qualquer oportunidade para puxar briga com a irm\u00e3 de Reinhardt, Olwen.<\/dt>\r\n                <dd class=\"sec_dd\">\r\n                    <a href=\"https:\/\/guide.fire-emblem-heroes.com\/wp-content\/uploads\/kempf_conniving_general_pop02.png\" class=\"popup-image\">\r\n                        <img decoding=\"async\" src=\"https:\/\/guide.fire-emblem-heroes.com\/wp-content\/uploads\/kempf_conniving_general_info02.png\" alt=\"\" \/>\r\n                    <\/a>\r\n                <\/dd>\r\n                <dt id=\"CHARA_162_011\" class=\"sec_dt\">Um estrategista astuto, Kempf tem um talento enorme para estrat\u00e9gias pouco convencionais. Infelizmente, isso inclui enviar seus aliados direto para morte caso haja uma chance de derrotar seus advers\u00e1rios, ou at\u00e9 mesmo abandon\u00e1-los, se ele achar que est\u00e1 prestes a perder uma batalha. Eu, hein!<\/dt>\r\n                <dd class=\"sec_dd\">\r\n                    <a href=\"https:\/\/guide.fire-emblem-heroes.com\/wp-content\/uploads\/kempf_conniving_general_pop03.png\" class=\"popup-image\">\r\n                        <img decoding=\"async\" src=\"https:\/\/guide.fire-emblem-heroes.com\/wp-content\/uploads\/kempf_conniving_general_info03.png\" alt=\"\" \/>\r\n                    <\/a>\r\n                <\/dd>\r\n                <dt id=\"CHARA_162_012\" class=\"sec_dt\">Bom, j\u00e1 sabemos que ele tem um lado que pode ser melhorado, e nem sei se podemos mesmo cham\u00e1-lo de her\u00f3i, mas talvez se usar sua cabe\u00e7a para fazer o bem, ele pode conseguir ajudar a Ordem dos Her\u00f3is, de prefer\u00eancia sem sacrificar ningu\u00e9m!<\/dt>\r\n                <dd class=\"sec_dd\">\r\n                    <a href=\"https:\/\/guide.fire-emblem-heroes.com\/wp-content\/uploads\/kempf_conniving_general_pop04.png\" class=\"popup-image\">\r\n                        <img decoding=\"async\" src=\"https:\/\/guide.fire-emblem-heroes.com\/wp-content\/uploads\/kempf_conniving_general_info04.png\" alt=\"\" \/>\r\n                    <\/a>\r\n                <\/dd>\r\n            <\/dl>\r\n            <h3 id=\"CHARA_162_013\" class=\"sec_h3charatxt\">Personagens com associa\u00e7\u00f5es pr\u00f3ximas<\/h3>\r\n            <h4 id=\"CHARA_162_014\" class=\"sec_h4charatxt\">Olwen<\/h4>\r\n            <p id=\"CHARA_162_015\" class=\"sec_charatxt\">Cavaleira maga do ex\u00e9rcito de Friege. Seus ideais \u00e0s vezes a colocam contra seu amado irm\u00e3o, Reinhardt. Kempf inveja tanto o irm\u00e3o dela que n\u00e3o suporta a presen\u00e7a dela.<\/p>\r\n            <h4 id=\"CHARA_162_016\" class=\"sec_h4charatxt\">Reinhardt<\/h4>\r\n            <p id=\"CHARA_162_017\" class=\"sec_charatxt\">Mago formid\u00e1vel e admirado do ex\u00e9rcito de Friege. Sempre pronto para ouvir sua irm\u00e3 mais nova, Olwen. Kempf morre de inveja dele.<\/p>\r\n        <\/section>\r\n    <\/article>\r\n<\/main>","protected":false},"excerpt":{"rendered":"Her\u00f3i General conivente Kempf Aparece em Fire Emblem: Thracia 776 Sharena apresenta: General conivente Kempf Kempf \u00e9 um general das for\u00e7as do imp\u00e9rio de Grannvale. Ele faz parte da casa de Friege, dos descendentes do cruzado Thrud, e isso meio que lhe subiu \u00e0 cabe\u00e7a. Ele morre de inveja de Reinhardt que, por sinal, \u00e9 [&hellip;]","protected":false},"author":1,"featured_media":14473,"comment_status":"closed","ping_status":"closed","sticky":false,"template":"","format":"standard","meta":{"advanced_seo_description":"","jetpack_seo_html_title":"","jetpack_seo_noindex":false,"_jetpack_newsletter_access":"","_jetpack_dont_email_post_to_subs":false,"_jetpack_newsletter_tier_id":0,"_jetpack_memberships_contains_paywalled_content":false,"_locale":"pt_BR","_original_post":"14405","_jetpack_memberships_contains_paid_content":false,"footnotes":"","jetpack_publicize_message":"","jetpack_publicize_feature_enabled":true,"jetpack_social_post_already_shared":true,"jetpack_social_options":{"image_generator_settings":{"template":"highway","default_image_id":0,"font":"","enabled":false},"version":2},"_wpas_customize_per_network":false,"jetpack_post_was_ever_published":false},"categories":[1384,1438,1415,1390],"tags":[1463],"class_list":["post-14414","post","type-post","status-publish","format-standard","has-post-thumbnail","hentry","category-character","category-ex_works_thracia_776","category-heroes","category-stay_heroes","tag-heroi","pt-BR"],"jetpack_publicize_connections":[],"jetpack_featured_media_url":"https:\/\/guide.fire-emblem-heroes.com\/wp-content\/uploads\/kempf_conniving_general.png","jetpack_sharing_enabled":false,"jetpack_shortlink":"https:\/\/wp.me\/pa0Mj3-3Ku","jetpack_likes_enabled":false,"amp_enabled":true,"_links":{"self":[{"href":"https:\/\/guide.fire-emblem-heroes.com\/wp-json\/wp\/v2\/posts\/14414","targetHints":{"allow":["GET"]}}],"collection":[{"href":"https:\/\/guide.fire-emblem-heroes.com\/wp-json\/wp\/v2\/posts"}],"about":[{"href":"https:\/\/guide.fire-emblem-heroes.com\/wp-json\/wp\/v2\/types\/post"}],"author":[{"embeddable":true,"href":"https:\/\/guide.fire-emblem-heroes.com\/wp-json\/wp\/v2\/users\/1"}],"replies":[{"embeddable":true,"href":"https:\/\/guide.fire-emblem-heroes.com\/wp-json\/wp\/v2\/comments?post=14414"}],"version-history":[{"count":1,"href":"https:\/\/guide.fire-emblem-heroes.com\/wp-json\/wp\/v2\/posts\/14414\/revisions"}],"predecessor-version":[{"id":14427,"href":"https:\/\/guide.fire-emblem-heroes.com\/wp-json\/wp\/v2\/posts\/14414\/revisions\/14427"}],"wp:featuredmedia":[{"embeddable":true,"href":"https:\/\/guide.fire-emblem-heroes.com\/wp-json\/wp\/v2\/media\/14473"}],"wp:attachment":[{"href":"https:\/\/guide.fire-emblem-heroes.com\/wp-json\/wp\/v2\/media?parent=14414"}],"wp:term":[{"taxonomy":"category","embeddable":true,"href":"https:\/\/guide.fire-emblem-heroes.com\/wp-json\/wp\/v2\/categories?post=14414"},{"taxonomy":"post_tag","embeddable":true,"href":"https:\/\/guide.fire-emblem-heroes.com\/wp-json\/wp\/v2\/tags?post=14414"}],"curies":[{"name":"wp","href":"https:\/\/api.w.org\/{rel}","templated":true}]}}