






{"id":14624,"date":"2019-12-12T13:13:53","date_gmt":"2019-12-12T04:13:53","guid":{"rendered":"https:\/\/guide.fire-emblem-heroes.com\/?p=14624"},"modified":"2020-03-26T16:26:11","modified_gmt":"2020-03-26T07:26:11","slug":"12001003000463","status":"publish","type":"post","link":"https:\/\/guide.fire-emblem-heroes.com\/pt-BR\/12001003000463\/","title":{"rendered":"<span class=\"character_nick\">Apari\u00e7\u00e3o prateada<\/span> <span class=\"character_name\"> Sothis<\/span>"},"content":{"rendered":"<main id=\"CHARA_165\" class=\"main_page character\">\r\n    <article>\r\n        <section class=\"sec sec_character\">\r\n            <ul class=\"sec_ul sec_ul--character slick-box\">\r\n                <li class=\"sec_li sec_li--character\">\r\n                    <img decoding=\"async\" src=\"https:\/\/guide.fire-emblem-heroes.com\/wp-content\/uploads\/sothis_silver_specter_slide01.png\" alt=\"\" \/>\r\n                <\/li>\r\n                <li class=\"sec_li sec_li--character\">\r\n                    <img decoding=\"async\" src=\"https:\/\/guide.fire-emblem-heroes.com\/wp-content\/uploads\/sothis_silver_specter_slide02.png\" alt=\"\" \/>\r\n                <\/li>\r\n                <li class=\"sec_li sec_li--character\">\r\n                    <img decoding=\"async\" src=\"https:\/\/guide.fire-emblem-heroes.com\/wp-content\/uploads\/sothis_silver_specter_slide03.png\" alt=\"\" \/>\r\n                <\/li>\r\n                <li class=\"sec_li sec_li--character\">\r\n                    <img decoding=\"async\" src=\"https:\/\/guide.fire-emblem-heroes.com\/wp-content\/uploads\/sothis_silver_specter_slide04.png\" alt=\"\" \/>\r\n                <\/li>\r\n            <\/ul>\r\n            <div class=\"sec_charainfoarea flex\">\r\n                <div class=\"sec_gif\"><img loading=\"lazy\" decoding=\"async\" src=\"https:\/\/guide.fire-emblem-heroes.com\/wp-content\/uploads\/sothis_silver_specter.png\" alt=\"\" width=\"210\" height=\"190\"\/><\/div>\r\n                <div class=\"sec_charainfo\">\r\n                    <p id=\"CHARA_165_002\" class=\"sec_characate sec_characate--special_heroes\">Hero\u00edna especial<\/p>\r\n                    <p id=\"CHARA_165_003\" class=\"sec_charanick\">Apari\u00e7\u00e3o prateada<\/p>\r\n                    <p id=\"CHARA_165_004\" class=\"sec_charaname\">Sothis<\/p>\r\n                    <p id=\"CHARA_165_005\" class=\"sec_charaappearancetxt\">Aparece em<\/p>\r\n                    <p id=\"CHARA_165_006\" class=\"sec_charaappearancetxt\">Fire Emblem: Three Houses<\/p>\r\n                <\/div>\r\n            <\/div>\r\n        <\/section>\r\n    <\/article>\r\n    <article>\r\n        <section class=\"sec sec_characterarea\">\r\n            <div class=\"sec_h2chara\">\r\n                <p id=\"CHARA_165_007\" class=\"sec_h2charattl\">Sharena apresenta:<\/p>\r\n                <h2 id=\"CHARA_165_008\" class=\"sec_h2charatxt\">Apari\u00e7\u00e3o prateada Sothis<\/h2>\r\n            <\/div>\r\n            <dl class=\"sec_dl flex\">\r\n                <dt id=\"CHARA_165_009\" class=\"sec_dt\">A enigm\u00e1tica Sothis, tamb\u00e9m conhecida como &#8220;O in\u00edcio&#8221;, fez uma entrada dram\u00e1tica no festival de inverno em Askr. Por que ser\u00e1 que ela est\u00e1 aqui?<\/dt>\r\n                <dd class=\"sec_dd\">\r\n                    <a href=\"https:\/\/guide.fire-emblem-heroes.com\/wp-content\/uploads\/sothis_silver_specter_pop01.png\" class=\"popup-image\">\r\n                        <img decoding=\"async\" src=\"https:\/\/guide.fire-emblem-heroes.com\/wp-content\/uploads\/sothis_silver_specter_info01.png\" alt=\"\" \/>\r\n                    <\/a>\r\n                <\/dd>\r\n                <dt id=\"CHARA_165_010\" class=\"sec_dt\">Durante esta visita, Sothis est\u00e1 vestindo uma fantasia perfeita para as celebra\u00e7\u00f5es. Onde ser\u00e1 que ela conseguiu essa roupa? Aqueles acess\u00f3rios brilhantes realmente d\u00e3o vida \u00e0 sua roupa, voc\u00eas n\u00e3o acham?<\/dt>\r\n                <dd class=\"sec_dd\">\r\n                    <a href=\"https:\/\/guide.fire-emblem-heroes.com\/wp-content\/uploads\/sothis_silver_specter_pop02.png\" class=\"popup-image\">\r\n                        <img decoding=\"async\" src=\"https:\/\/guide.fire-emblem-heroes.com\/wp-content\/uploads\/sothis_silver_specter_info02.png\" alt=\"\" \/>\r\n                    <\/a>\r\n                <\/dd>\r\n                <dt id=\"CHARA_165_011\" class=\"sec_dt\">O desenho na parte de tr\u00e1s da sua saia at\u00e9 lembra as \u00e1rvores do festival. Pensando bem, at\u00e9 sua silhueta lembra uma \u00e1rvore&#8230;<\/dt>\r\n                <dd class=\"sec_dd\">\r\n                    <a href=\"https:\/\/guide.fire-emblem-heroes.com\/wp-content\/uploads\/sothis_silver_specter_pop03.png\" class=\"popup-image\">\r\n                        <img decoding=\"async\" src=\"https:\/\/guide.fire-emblem-heroes.com\/wp-content\/uploads\/sothis_silver_specter_info03.png\" alt=\"\" \/>\r\n                    <\/a>\r\n                <\/dd>\r\n                <dt id=\"CHARA_165_012\" class=\"sec_dt\">Sothis j\u00e1 chamava a aten\u00e7\u00e3o quando estava em seu trono, mas esse novo visual n\u00e3o fica para tr\u00e1s. Espero que ela aproveite sua visita a Askr!<\/dt>\r\n                <dd class=\"sec_dd\">\r\n                    <a href=\"https:\/\/guide.fire-emblem-heroes.com\/wp-content\/uploads\/sothis_silver_specter_pop04.png\" class=\"popup-image\">\r\n                        <img decoding=\"async\" src=\"https:\/\/guide.fire-emblem-heroes.com\/wp-content\/uploads\/sothis_silver_specter_info04.png\" alt=\"\" \/>\r\n                    <\/a>\r\n                <\/dd>\r\n            <\/dl>\r\n            <h3 id=\"CHARA_165_013\" class=\"sec_h3charatxt\">Personagens relacionados<\/h3>\r\n            <h4 id=\"CHARA_165_014\" class=\"sec_h4charatxt\">Byleth<\/h4>\r\n            <p id=\"CHARA_165_015\" class=\"sec_charatxt\">Descendente de Jeralt, ex-capit\u00e3o dos cavaleiros de Seiros. De personalidade reservada, \u00e9 brilhante ensinando os alunos da Academia de Oficiais. Possui um estranho v\u00ednculo com Sothis.<\/p>\r\n        <\/section>\r\n    <\/article>\r\n<\/main>","protected":false},"excerpt":{"rendered":"Hero\u00edna especial Apari\u00e7\u00e3o prateada Sothis Aparece em Fire Emblem: Three Houses Sharena apresenta: Apari\u00e7\u00e3o prateada Sothis A enigm\u00e1tica Sothis, tamb\u00e9m conhecida como &#8220;O in\u00edcio&#8221;, fez uma entrada dram\u00e1tica no festival de inverno em Askr. Por que ser\u00e1 que ela est\u00e1 aqui? Durante esta visita, Sothis est\u00e1 vestindo uma fantasia perfeita para as celebra\u00e7\u00f5es. Onde ser\u00e1 [&hellip;]","protected":false},"author":1,"featured_media":14731,"comment_status":"closed","ping_status":"closed","sticky":false,"template":"","format":"standard","meta":{"advanced_seo_description":"","jetpack_seo_html_title":"","jetpack_seo_noindex":false,"_jetpack_newsletter_access":"","_jetpack_dont_email_post_to_subs":false,"_jetpack_newsletter_tier_id":0,"_jetpack_memberships_contains_paywalled_content":false,"_locale":"pt_BR","_original_post":"14615","_jetpack_memberships_contains_paid_content":false,"footnotes":"","jetpack_publicize_message":"","jetpack_publicize_feature_enabled":true,"jetpack_social_post_already_shared":true,"jetpack_social_options":{"image_generator_settings":{"template":"highway","default_image_id":0,"font":"","enabled":false},"version":2},"_wpas_customize_per_network":false,"jetpack_post_was_ever_published":false},"categories":[1384,1434,1405,1390],"tags":[1460],"class_list":["post-14624","post","type-post","status-publish","format-standard","has-post-thumbnail","hentry","category-character","category-ex_works_three_houses","category-special_heroes","category-stay_heroes","tag-heroina-especial","pt-BR"],"jetpack_publicize_connections":[],"jetpack_featured_media_url":"https:\/\/guide.fire-emblem-heroes.com\/wp-content\/uploads\/sothis_silver_specter.png","jetpack_sharing_enabled":false,"jetpack_shortlink":"https:\/\/wp.me\/pa0Mj3-3NS","jetpack_likes_enabled":false,"amp_enabled":true,"_links":{"self":[{"href":"https:\/\/guide.fire-emblem-heroes.com\/wp-json\/wp\/v2\/posts\/14624","targetHints":{"allow":["GET"]}}],"collection":[{"href":"https:\/\/guide.fire-emblem-heroes.com\/wp-json\/wp\/v2\/posts"}],"about":[{"href":"https:\/\/guide.fire-emblem-heroes.com\/wp-json\/wp\/v2\/types\/post"}],"author":[{"embeddable":true,"href":"https:\/\/guide.fire-emblem-heroes.com\/wp-json\/wp\/v2\/users\/1"}],"replies":[{"embeddable":true,"href":"https:\/\/guide.fire-emblem-heroes.com\/wp-json\/wp\/v2\/comments?post=14624"}],"version-history":[{"count":1,"href":"https:\/\/guide.fire-emblem-heroes.com\/wp-json\/wp\/v2\/posts\/14624\/revisions"}],"predecessor-version":[{"id":14636,"href":"https:\/\/guide.fire-emblem-heroes.com\/wp-json\/wp\/v2\/posts\/14624\/revisions\/14636"}],"wp:featuredmedia":[{"embeddable":true,"href":"https:\/\/guide.fire-emblem-heroes.com\/wp-json\/wp\/v2\/media\/14731"}],"wp:attachment":[{"href":"https:\/\/guide.fire-emblem-heroes.com\/wp-json\/wp\/v2\/media?parent=14624"}],"wp:term":[{"taxonomy":"category","embeddable":true,"href":"https:\/\/guide.fire-emblem-heroes.com\/wp-json\/wp\/v2\/categories?post=14624"},{"taxonomy":"post_tag","embeddable":true,"href":"https:\/\/guide.fire-emblem-heroes.com\/wp-json\/wp\/v2\/tags?post=14624"}],"curies":[{"name":"wp","href":"https:\/\/api.w.org\/{rel}","templated":true}]}}