






{"id":15614,"date":"2020-01-28T12:18:52","date_gmt":"2020-01-28T03:18:52","guid":{"rendered":"https:\/\/guide.fire-emblem-heroes.com\/?p=15614"},"modified":"2020-03-26T14:27:24","modified_gmt":"2020-03-26T05:27:24","slug":"00003303000481","status":"publish","type":"post","link":"https:\/\/guide.fire-emblem-heroes.com\/pt-BR\/00003303000481\/","title":{"rendered":"<span class=\"character_nick\">Espadachim letal<\/span><span class=\"character_name\">L\u00edf<\/span>"},"content":{"rendered":"<main id=\"CHARA_189\" class=\"main_page character\">\r\n            <article>\r\n                <section class=\"sec sec_character\">\r\n                    <ul class=\"sec_ul sec_ul--character slick-box\">\r\n                        <li class=\"sec_li sec_li--character\">\r\n                            <img decoding=\"async\" src=\"https:\/\/guide.fire-emblem-heroes.com\/wp-content\/uploads\/lif_lethal_swordsman_slide01.png\" alt=\"\" \/>\r\n                        <\/li>\r\n                        <li class=\"sec_li sec_li--character\">\r\n                            <img decoding=\"async\" src=\"https:\/\/guide.fire-emblem-heroes.com\/wp-content\/uploads\/lif_lethal_swordsman_slide02.png\" alt=\"\" \/>\r\n                        <\/li>\r\n                        <li class=\"sec_li sec_li--character\">\r\n                            <img decoding=\"async\" src=\"https:\/\/guide.fire-emblem-heroes.com\/wp-content\/uploads\/lif_lethal_swordsman_slide03.png\" alt=\"\" \/>\r\n                        <\/li>\r\n                        <li class=\"sec_li sec_li--character\">\r\n                            <img decoding=\"async\" src=\"https:\/\/guide.fire-emblem-heroes.com\/wp-content\/uploads\/lif_lethal_swordsman_slide04.png\" alt=\"\" \/>\r\n                        <\/li>\r\n                    <\/ul>\r\n                    <div class=\"sec_charainfoarea flex\">\r\n                        <div class=\"sec_gif\"><img loading=\"lazy\" decoding=\"async\" src=\"https:\/\/guide.fire-emblem-heroes.com\/wp-content\/uploads\/lif_lethal_swordsman.png\" alt=\"\" width=\"210\" height=\"190\"\/><\/div>\r\n                        <div class=\"sec_charainfo\">\r\n                            <p id=\"CHARA_189_002\" class=\"sec_characate sec_characate--mythic_heroes\">Her\u00f3i m\u00edtico<\/p>\r\n                            <p id=\"CHARA_189_003\" class=\"sec_charanick\">Espadachim letal<\/p>\r\n                            <p id=\"CHARA_189_004\" class=\"sec_charaname\">L\u00edf<\/p>\r\n                            <p id=\"CHARA_189_005\" class=\"sec_charaappearancetxt\">Aparece em<\/p>\r\n                            <p id=\"CHARA_189_006\" class=\"sec_charaappearancetxt\">Fire Emblem Heroes<\/p>\r\n                        <\/div>\r\n                    <\/div>\r\n                <\/section>\r\n            <\/article>\r\n            <article>\r\n                <section class=\"sec sec_characterarea\">\r\n                    <div class=\"sec_h2chara\">\r\n                        <p id=\"CHARA_189_007\" class=\"sec_h2charattl\">Sharena apresenta:<\/p>\r\n                        <h2 id=\"CHARA_189_008\" class=\"sec_h2charatxt\">Espadachim letal L\u00edf<\/h2>\r\n                    <\/div>\r\n                    <dl class=\"sec_dl flex\">\r\n                        <dt id=\"CHARA_189_009\" class=\"sec_dt\">O ex\u00e9rcito de Hel apareceu em Askr e levou o reino a um estado de terror mortal. No comando da invas\u00e3o e desafiando a Ordem dos Her\u00f3is estava L\u00edf, o general de Hel.<\/dt>\r\n                        <dd class=\"sec_dd\">\r\n                            <a href=\"https:\/\/guide.fire-emblem-heroes.com\/wp-content\/uploads\/lif_lethal_swordsman_pop01.png\" class=\"popup-image\">\r\n                                <img decoding=\"async\" src=\"https:\/\/guide.fire-emblem-heroes.com\/wp-content\/uploads\/lif_lethal_swordsman_info01.png\" alt=\"\" \/>\r\n                            <\/a>\r\n                        <\/dd>\r\n                        <dt id=\"CHARA_189_010\" class=\"sec_dt\">Com a sua espada S\u00f6kkvabekkr, L\u00edf fez com que muitos vivos fossem para o reino dos mortos, sem mostrar nenhum remorso. Por que ele faria coisas horr\u00edveis assim?<\/dt>\r\n                        <dd class=\"sec_dd\">\r\n                            <a href=\"https:\/\/guide.fire-emblem-heroes.com\/wp-content\/uploads\/lif_lethal_swordsman_pop02.png\" class=\"popup-image\">\r\n                                <img decoding=\"async\" src=\"https:\/\/guide.fire-emblem-heroes.com\/wp-content\/uploads\/lif_lethal_swordsman_info02.png\" alt=\"\" \/>\r\n                            <\/a>\r\n                        <\/dd>\r\n                        <dt id=\"CHARA_189_011\" class=\"sec_dt\">Ele parece ter alguma conex\u00e3o com Askr. L\u00edf foi o nome do nosso primeiro rei, que fundou o reino com as b\u00ean\u00e7\u00e3os do deus drag\u00e3o Askr.<\/dt>\r\n                        <dd class=\"sec_dd\">\r\n                            <a href=\"https:\/\/guide.fire-emblem-heroes.com\/wp-content\/uploads\/lif_lethal_swordsman_pop03.png\" class=\"popup-image\">\r\n                                <img decoding=\"async\" src=\"https:\/\/guide.fire-emblem-heroes.com\/wp-content\/uploads\/lif_lethal_swordsman_info03.png\" alt=\"\" \/>\r\n                            <\/a>\r\n                        <\/dd>\r\n                        <dt id=\"CHARA_189_012\" class=\"sec_dt\">Seu rosto fica quase todo escondido por tr\u00e1s de uma m\u00e1scara, mas ele n\u00e3o me parece estranho\u2026 Eu s\u00f3 queria descobrir o que ele est\u00e1 tentando fazer!<\/dt>\r\n                        <dd class=\"sec_dd\">\r\n                            <a href=\"https:\/\/guide.fire-emblem-heroes.com\/wp-content\/uploads\/lif_lethal_swordsman_pop04.png\" class=\"popup-image\">\r\n                                <img decoding=\"async\" src=\"https:\/\/guide.fire-emblem-heroes.com\/wp-content\/uploads\/lif_lethal_swordsman_info04.png\" alt=\"\" \/>\r\n                            <\/a>\r\n                        <\/dd>\r\n                    <\/dl>\r\n                    <h3 id=\"CHARA_189_013\" class=\"sec_h3charatxt\">Personagens relacionados<\/h3>\r\n                    <h4 id=\"CHARA_189_014\" class=\"sec_h4charatxt\">Hel<\/h4>\r\n                    <p id=\"CHARA_189_015\" class=\"sec_charatxt\">Governante de Hel, o reino dos mortos. Seu poder aumenta conforme o n\u00famero de mortos cresce. Ela quer que todos os seres vivos entrem em seu reino.<\/p>\r\n                    <h4 id=\"CHARA_189_016\" class=\"sec_h4charatxt\">Thrasir<\/h4>\r\n                    <p id=\"CHARA_189_017\" class=\"sec_charatxt\">General do reino dos mortos. Ao comando de sua rainha, essa bruxa usa seus poderes para aumentar o n\u00famero de mortos. Ela tem o mesmo nome da primeira imperatriz de Embla e lidera o ex\u00e9rcito de Hel ao lado de L\u00edf.<\/p>\r\n                    <h4 id=\"CHARA_189_018\" class=\"sec_h4charatxt\">Eir<\/h4>\r\n                    <p id=\"CHARA_189_019\" class=\"sec_charatxt\">Princesa de Hel, o reino dos mortos. Ama sua m\u00e3e, Hel, que governa o reino. Ela n\u00e3o suporta ver o qu\u00e3o impiedosa sua m\u00e3e \u00e9 com os vivos. Mesmo assim ela se une a L\u00edf para atacar Askr.<\/p>\r\n                <\/section>\r\n            <\/article>\r\n        <\/main>","protected":false},"excerpt":{"rendered":"Her\u00f3i m\u00edtico Espadachim letal L\u00edf Aparece em Fire Emblem Heroes Sharena apresenta: Espadachim letal L\u00edf O ex\u00e9rcito de Hel apareceu em Askr e levou o reino a um estado de terror mortal. No comando da invas\u00e3o e desafiando a Ordem dos Her\u00f3is estava L\u00edf, o general de Hel. Com a sua espada S\u00f6kkvabekkr, L\u00edf fez [&hellip;]","protected":false},"author":1,"featured_media":15764,"comment_status":"closed","ping_status":"closed","sticky":false,"template":"","format":"standard","meta":{"advanced_seo_description":"","jetpack_seo_html_title":"","jetpack_seo_noindex":false,"_jetpack_newsletter_access":"","_jetpack_dont_email_post_to_subs":false,"_jetpack_newsletter_tier_id":0,"_jetpack_memberships_contains_paywalled_content":false,"_locale":"pt_BR","_original_post":"15605","_jetpack_memberships_contains_paid_content":false,"footnotes":"","jetpack_publicize_message":"","jetpack_publicize_feature_enabled":true,"jetpack_social_post_already_shared":true,"jetpack_social_options":{"image_generator_settings":{"template":"highway","default_image_id":0,"font":"","enabled":false},"version":2},"_wpas_customize_per_network":false,"jetpack_post_was_ever_published":false},"categories":[1384,1423,1385,1390],"tags":[1457],"class_list":["post-15614","post","type-post","status-publish","format-standard","has-post-thumbnail","hentry","category-character","category-ex_works_heroes","category-mythic_heroes","category-stay_heroes","tag-heroi-mitico","pt-BR"],"jetpack_publicize_connections":[],"jetpack_featured_media_url":"https:\/\/guide.fire-emblem-heroes.com\/wp-content\/uploads\/lif_lethal_swordsman.png","jetpack_sharing_enabled":false,"jetpack_shortlink":"https:\/\/wp.me\/pa0Mj3-43Q","jetpack_likes_enabled":false,"amp_enabled":true,"_links":{"self":[{"href":"https:\/\/guide.fire-emblem-heroes.com\/wp-json\/wp\/v2\/posts\/15614","targetHints":{"allow":["GET"]}}],"collection":[{"href":"https:\/\/guide.fire-emblem-heroes.com\/wp-json\/wp\/v2\/posts"}],"about":[{"href":"https:\/\/guide.fire-emblem-heroes.com\/wp-json\/wp\/v2\/types\/post"}],"author":[{"embeddable":true,"href":"https:\/\/guide.fire-emblem-heroes.com\/wp-json\/wp\/v2\/users\/1"}],"replies":[{"embeddable":true,"href":"https:\/\/guide.fire-emblem-heroes.com\/wp-json\/wp\/v2\/comments?post=15614"}],"version-history":[{"count":1,"href":"https:\/\/guide.fire-emblem-heroes.com\/wp-json\/wp\/v2\/posts\/15614\/revisions"}],"predecessor-version":[{"id":15626,"href":"https:\/\/guide.fire-emblem-heroes.com\/wp-json\/wp\/v2\/posts\/15614\/revisions\/15626"}],"wp:featuredmedia":[{"embeddable":true,"href":"https:\/\/guide.fire-emblem-heroes.com\/wp-json\/wp\/v2\/media\/15764"}],"wp:attachment":[{"href":"https:\/\/guide.fire-emblem-heroes.com\/wp-json\/wp\/v2\/media?parent=15614"}],"wp:term":[{"taxonomy":"category","embeddable":true,"href":"https:\/\/guide.fire-emblem-heroes.com\/wp-json\/wp\/v2\/categories?post=15614"},{"taxonomy":"post_tag","embeddable":true,"href":"https:\/\/guide.fire-emblem-heroes.com\/wp-json\/wp\/v2\/tags?post=15614"}],"curies":[{"name":"wp","href":"https:\/\/api.w.org\/{rel}","templated":true}]}}