






{"id":15870,"date":"2020-02-05T12:52:24","date_gmt":"2020-02-05T03:52:24","guid":{"rendered":"https:\/\/guide.fire-emblem-heroes.com\/?p=15870"},"modified":"2020-03-06T14:08:53","modified_gmt":"2020-03-06T05:08:53","slug":"02001001000482","status":"publish","type":"post","link":"https:\/\/guide.fire-emblem-heroes.com\/pt-BR\/02001001000482\/","title":{"rendered":"<span class=\"character_nick\">Dupla rom\u00e2ntica<\/span><span class=\"character_name\">Alm<\/span>"},"content":{"rendered":"<main id=\"CHARA_198\" class=\"main_page character\">\r\n            <article>\r\n                <section class=\"sec sec_character\">\r\n                    <ul class=\"sec_ul sec_ul--character slick-box\">\r\n                        <li class=\"sec_li sec_li--character\">\r\n                            <img decoding=\"async\" src=\"https:\/\/guide.fire-emblem-heroes.com\/wp-content\/uploads\/alm_lovebird_duo_slide01.png\" alt=\"\" \/>\r\n                        <\/li>\r\n                        <li class=\"sec_li sec_li--character\">\r\n                            <img decoding=\"async\" src=\"https:\/\/guide.fire-emblem-heroes.com\/wp-content\/uploads\/alm_lovebird_duo_slide02.png\" alt=\"\" \/>\r\n                        <\/li>\r\n                        <li class=\"sec_li sec_li--character\">\r\n                            <img decoding=\"async\" src=\"https:\/\/guide.fire-emblem-heroes.com\/wp-content\/uploads\/alm_lovebird_duo_slide03.png\" alt=\"\" \/>\r\n                        <\/li>\r\n                        <li class=\"sec_li sec_li--character\">\r\n                            <img decoding=\"async\" src=\"https:\/\/guide.fire-emblem-heroes.com\/wp-content\/uploads\/alm_lovebird_duo_slide04.png\" alt=\"\" \/>\r\n                        <\/li>\r\n                    <\/ul>\r\n                    <div class=\"sec_charainfoarea flex\">\r\n                        <div class=\"sec_gif\"><img loading=\"lazy\" decoding=\"async\" src=\"https:\/\/guide.fire-emblem-heroes.com\/wp-content\/uploads\/alm_lovebird_duo.png\" alt=\"\" width=\"210\" height=\"190\"\/><\/div>\r\n                        <div class=\"sec_charainfo\">\r\n                            <p id=\"CHARA_198_002\" class=\"sec_characate sec_characate--duo_hero\">Dupla heroica<\/p>\r\n                            <p id=\"CHARA_198_003\" class=\"sec_charanick\">Dupla rom\u00e2ntica<\/p>\r\n                            <p id=\"CHARA_198_004\" class=\"sec_charaname\">Alm<\/p>\r\n                            <p id=\"CHARA_198_005\" class=\"sec_charaappearancetxt\">Aparece em<\/p>\r\n                            <p id=\"CHARA_198_006\" class=\"sec_charaappearancetxt\">Fire Emblem Echoes: Shadows of Valentia<\/p>\r\n                        <\/div>\r\n                    <\/div>\r\n                <\/section>\r\n            <\/article>\r\n            <article>\r\n                <section class=\"sec sec_characterarea\">\r\n                    <div class=\"sec_h2chara\">\r\n                        <p id=\"CHARA_198_007\" class=\"sec_h2charattl\">Sharena apresenta:<\/p>\r\n                        <h2 id=\"CHARA_198_008\" class=\"sec_h2charatxt\">Dupla rom\u00e2ntica Alm<\/h2>\r\n                    <\/div>\r\n                    <dl class=\"sec_dl flex\">\r\n                        <dt id=\"CHARA_198_009\" class=\"sec_dt\">Alm e Celica lutaram lado a lado para p\u00f4r um fim no conflito em Valentia. Eles t\u00eam um v\u00ednculo muito forte e vieram para participar das comemora\u00e7\u00f5es do Dia da Devo\u00e7\u00e3o!<\/dt>\r\n                        <dd class=\"sec_dd\">\r\n                            <a href=\"https:\/\/guide.fire-emblem-heroes.com\/wp-content\/uploads\/alm_lovebird_duo_pop01.png\" class=\"popup-image\">\r\n                                <img decoding=\"async\" src=\"https:\/\/guide.fire-emblem-heroes.com\/wp-content\/uploads\/alm_lovebird_duo_info01.png\" alt=\"\" \/>\r\n                            <\/a>\r\n                        <\/dd>\r\n                        <dt id=\"CHARA_198_010\" class=\"sec_dt\">Tanto Alm quanto Celica v\u00eam de fam\u00edlias nobres, o que d\u00e1 para perceber em suas roupas elegantes. As flores que ambos est\u00e3o usando s\u00e3o floxes, conhecidas como um s\u00edmbolo de harmonia e de boas parcerias.<\/dt>\r\n                        <dd class=\"sec_dd\">\r\n                            <a href=\"https:\/\/guide.fire-emblem-heroes.com\/wp-content\/uploads\/alm_lovebird_duo_pop02.png\" class=\"popup-image\">\r\n                                <img decoding=\"async\" src=\"https:\/\/guide.fire-emblem-heroes.com\/wp-content\/uploads\/alm_lovebird_duo_info02.png\" alt=\"\" \/>\r\n                            <\/a>\r\n                        <\/dd>\r\n                        <dt id=\"CHARA_198_011\" class=\"sec_dt\">Ouvi at\u00e9 dizer que suas roupas foram confeccionadas depois que eles salvaram o continente de Valentia. \u00c9 impress\u00e3o minha, ou h\u00e1 algo familiar nelas?<\/dt>\r\n                        <dd class=\"sec_dd\">\r\n                            <a href=\"https:\/\/guide.fire-emblem-heroes.com\/wp-content\/uploads\/alm_lovebird_duo_pop03.png\" class=\"popup-image\">\r\n                                <img decoding=\"async\" src=\"https:\/\/guide.fire-emblem-heroes.com\/wp-content\/uploads\/alm_lovebird_duo_info03.png\" alt=\"\" \/>\r\n                            <\/a>\r\n                        <\/dd>\r\n                        <dt id=\"CHARA_198_012\" class=\"sec_dt\">Alm e Celica apoiaram um ao outro para superar o destino. Eles sabem melhor do que ningu\u00e9m a import\u00e2ncia do amor, e eu acredito que eles ir\u00e3o se entregar de cora\u00e7\u00e3o \u00e0s comemora\u00e7\u00f5es do Dia da Devo\u00e7\u00e3o.<\/dt>\r\n                        <dd class=\"sec_dd\">\r\n                            <a href=\"https:\/\/guide.fire-emblem-heroes.com\/wp-content\/uploads\/alm_lovebird_duo_pop04.png\" class=\"popup-image\">\r\n                                <img decoding=\"async\" src=\"https:\/\/guide.fire-emblem-heroes.com\/wp-content\/uploads\/alm_lovebird_duo_info04.png\" alt=\"\" \/>\r\n                            <\/a>\r\n                        <\/dd>\r\n                    <\/dl>\r\n                    <h3 id=\"CHARA_198_013\" class=\"sec_h3charatxt\">Personagens relacionados<\/h3>\r\n                    <h4 id=\"CHARA_198_014\" class=\"sec_h4charatxt\">Rudolf<\/h4>\r\n                    <p id=\"CHARA_198_015\" class=\"sec_charatxt\">Severo comandante e imperador de Rigel. Pai de Alm e tio de Berkut.<\/p>\r\n                    <h4 id=\"CHARA_198_016\" class=\"sec_h4charatxt\">Conrad<\/h4>\r\n                    <p id=\"CHARA_198_017\" class=\"sec_charatxt\">Cavaleiro misterioso que sempre protege Celica quando ela corre perigo. Quando usa sua m\u00e1scara, sua personalidade muda completamente. Ele chama Celica por seu nome verdadeiro, Anthiese.<\/p>\r\n                <\/section>\r\n            <\/article>\r\n        <\/main>","protected":false},"excerpt":{"rendered":"Dupla heroica Dupla rom\u00e2ntica Alm Aparece em Fire Emblem Echoes: Shadows of Valentia Sharena apresenta: Dupla rom\u00e2ntica Alm Alm e Celica lutaram lado a lado para p\u00f4r um fim no conflito em Valentia. Eles t\u00eam um v\u00ednculo muito forte e vieram para participar das comemora\u00e7\u00f5es do Dia da Devo\u00e7\u00e3o! Tanto Alm quanto Celica v\u00eam de [&hellip;]","protected":false},"author":1,"featured_media":15954,"comment_status":"closed","ping_status":"closed","sticky":false,"template":"","format":"standard","meta":{"advanced_seo_description":"","jetpack_seo_html_title":"","jetpack_seo_noindex":false,"_jetpack_newsletter_access":"","_jetpack_dont_email_post_to_subs":false,"_jetpack_newsletter_tier_id":0,"_jetpack_memberships_contains_paywalled_content":false,"_locale":"pt_BR","_original_post":"15861","_jetpack_memberships_contains_paid_content":false,"footnotes":"","jetpack_publicize_message":"","jetpack_publicize_feature_enabled":true,"jetpack_social_post_already_shared":true,"jetpack_social_options":{"image_generator_settings":{"template":"highway","default_image_id":0,"font":"","enabled":false},"version":2},"_wpas_customize_per_network":false,"jetpack_post_was_ever_published":false},"categories":[1384,1425,1390,1440],"tags":[1447],"class_list":["post-15870","post","type-post","status-publish","format-standard","has-post-thumbnail","hentry","category-character","category-ex_works_shadows_of_valentia","category-stay_heroes","category-duo_heroes","tag-dupla-heroica","pt-BR"],"jetpack_publicize_connections":[],"jetpack_featured_media_url":"https:\/\/guide.fire-emblem-heroes.com\/wp-content\/uploads\/alm_lovebird_duo.png","jetpack_sharing_enabled":false,"jetpack_shortlink":"https:\/\/wp.me\/pa0Mj3-47Y","jetpack_likes_enabled":false,"amp_enabled":true,"_links":{"self":[{"href":"https:\/\/guide.fire-emblem-heroes.com\/wp-json\/wp\/v2\/posts\/15870","targetHints":{"allow":["GET"]}}],"collection":[{"href":"https:\/\/guide.fire-emblem-heroes.com\/wp-json\/wp\/v2\/posts"}],"about":[{"href":"https:\/\/guide.fire-emblem-heroes.com\/wp-json\/wp\/v2\/types\/post"}],"author":[{"embeddable":true,"href":"https:\/\/guide.fire-emblem-heroes.com\/wp-json\/wp\/v2\/users\/1"}],"replies":[{"embeddable":true,"href":"https:\/\/guide.fire-emblem-heroes.com\/wp-json\/wp\/v2\/comments?post=15870"}],"version-history":[{"count":1,"href":"https:\/\/guide.fire-emblem-heroes.com\/wp-json\/wp\/v2\/posts\/15870\/revisions"}],"predecessor-version":[{"id":15880,"href":"https:\/\/guide.fire-emblem-heroes.com\/wp-json\/wp\/v2\/posts\/15870\/revisions\/15880"}],"wp:featuredmedia":[{"embeddable":true,"href":"https:\/\/guide.fire-emblem-heroes.com\/wp-json\/wp\/v2\/media\/15954"}],"wp:attachment":[{"href":"https:\/\/guide.fire-emblem-heroes.com\/wp-json\/wp\/v2\/media?parent=15870"}],"wp:term":[{"taxonomy":"category","embeddable":true,"href":"https:\/\/guide.fire-emblem-heroes.com\/wp-json\/wp\/v2\/categories?post=15870"},{"taxonomy":"post_tag","embeddable":true,"href":"https:\/\/guide.fire-emblem-heroes.com\/wp-json\/wp\/v2\/tags?post=15870"}],"curies":[{"name":"wp","href":"https:\/\/api.w.org\/{rel}","templated":true}]}}