






{"id":19211,"date":"2020-06-26T12:08:28","date_gmt":"2020-06-26T03:08:28","guid":{"rendered":"https:\/\/guide.fire-emblem-heroes.com\/?p=19211"},"modified":"2020-07-07T16:09:17","modified_gmt":"2020-07-07T07:09:17","slug":"03051001000536-2","status":"publish","type":"post","link":"https:\/\/guide.fire-emblem-heroes.com\/pt-BR\/03051001000536-2\/","title":{"rendered":"<span class=\"character_nick\">Herdeiro da luz<\/span><span class=\"character_name\">Seliph<\/span>"},"content":{"rendered":"<main id=\"CHARA_269\" class=\"main_page character\">\r\n            <article>\r\n                <section class=\"sec sec_character\">\r\n                    <ul class=\"sec_ul sec_ul--character slick-box\">\r\n                        <li class=\"sec_li sec_li--character\">\r\n                            <img decoding=\"async\" src=\"https:\/\/guide.fire-emblem-heroes.com\/wp-content\/uploads\/celice_scion_of_light_slide01.png\" alt=\"\" \/>\r\n                        <\/li>\r\n                        <li class=\"sec_li sec_li--character\">\r\n                            <img decoding=\"async\" src=\"https:\/\/guide.fire-emblem-heroes.com\/wp-content\/uploads\/celice_scion_of_light_slide02.png\" alt=\"\" \/>\r\n                        <\/li>\r\n                        <li class=\"sec_li sec_li--character\">\r\n                            <img decoding=\"async\" src=\"https:\/\/guide.fire-emblem-heroes.com\/wp-content\/uploads\/celice_scion_of_light_slide03.png\" alt=\"\" \/>\r\n                        <\/li>\r\n                        <li class=\"sec_li sec_li--character\">\r\n                            <img decoding=\"async\" src=\"https:\/\/guide.fire-emblem-heroes.com\/wp-content\/uploads\/celice_scion_of_light_slide04.png\" alt=\"\" \/>\r\n                        <\/li>\r\n                    <\/ul>\r\n                    <div class=\"sec_charainfoarea flex\">\r\n                        <div class=\"sec_gif\"><img loading=\"lazy\" decoding=\"async\" src=\"https:\/\/guide.fire-emblem-heroes.com\/wp-content\/uploads\/celice_scion_of_light.png\" alt=\"\" width=\"210\" height=\"190\"\/><\/div>\r\n                        <div class=\"sec_charainfo\">\r\n                            <p id=\"CHARA_269_002\" class=\"sec_characate sec_characate--legendary_heroes\">Her\u00f3i lend\u00e1rio<\/p>\r\n                            <p id=\"CHARA_269_003\" class=\"sec_charanick\">Herdeiro da luz<\/p>\r\n                            <p id=\"CHARA_269_004\" class=\"sec_charaname\">Seliph<\/p>\r\n                            <p id=\"CHARA_269_005\" class=\"sec_charaappearancetxt\">Aparece em<\/p>\r\n                            <p id=\"CHARA_269_006\" class=\"sec_charaappearancetxt\">Fire Emblem: Genealogy of the Holy War<\/p>\r\n                        <\/div>\r\n                    <\/div>\r\n                <\/section>\r\n            <\/article>\r\n            <article>\r\n                <section class=\"sec sec_characterarea\">\r\n                    <div class=\"sec_h2chara\">\r\n                        <p id=\"CHARA_269_007\" class=\"sec_h2charattl\">Sharena apresenta:<\/p>\r\n                        <h2 id=\"CHARA_269_008\" class=\"sec_h2charatxt\">Herdeiro da luz Seliph<\/h2>\r\n                    <\/div>\r\n                    <dl class=\"sec_dl flex\">\r\n                        <dt id=\"CHARA_269_009\" class=\"sec_dt\">Seliph \u00e9 o filho de Sigurd e Deirdre. Assim como seu pai, ele herdou o poder do cruzado Baldr e \u00e9 um excelente espadachim!<\/dt>\r\n                        <dd class=\"sec_dd\">\r\n                            <a href=\"https:\/\/guide.fire-emblem-heroes.com\/wp-content\/uploads\/celice_scion_of_light_pop01.png\" class=\"popup-image\">\r\n                                <img decoding=\"async\" src=\"https:\/\/guide.fire-emblem-heroes.com\/wp-content\/uploads\/celice_scion_of_light_info01.png\" alt=\"\" \/>\r\n                            <\/a>\r\n                        <\/dd>\r\n                        <dt id=\"CHARA_269_010\" class=\"sec_dt\">Apesar de Seliph ser de fam\u00edlia nobre, sua inf\u00e2ncia foi muito dif\u00edcil. Sua m\u00e3e, Deirdre, foi raptada pela Igreja Loptr, enquanto seu pai, Sigurd, perdeu a vida depois de se envolver na pol\u00edtica inst\u00e1vel do imp\u00e9rio de Grannvale&#8230;<\/dt>\r\n                        <dd class=\"sec_dd\">\r\n                            <a href=\"https:\/\/guide.fire-emblem-heroes.com\/wp-content\/uploads\/celice_scion_of_light_pop02.png\" class=\"popup-image\">\r\n                                <img decoding=\"async\" src=\"https:\/\/guide.fire-emblem-heroes.com\/wp-content\/uploads\/celice_scion_of_light_info02.png\" alt=\"\" \/>\r\n                            <\/a>\r\n                        <\/dd>\r\n                        <dt id=\"CHARA_269_011\" class=\"sec_dt\">Quando ainda era beb\u00ea, Seliph foi levado a Isaach, onde cresceu e se tornou o guerreiro que conhecemos. Ent\u00e3o ele partiu para vingar seu pai e derrubar o novo imp\u00e9rio de Grannvale, que dominava o continente com m\u00e3o de ferro.<\/dt>\r\n                        <dd class=\"sec_dd\">\r\n                            <a href=\"https:\/\/guide.fire-emblem-heroes.com\/wp-content\/uploads\/celice_scion_of_light_pop03.png\" class=\"popup-image\">\r\n                                <img decoding=\"async\" src=\"https:\/\/guide.fire-emblem-heroes.com\/wp-content\/uploads\/celice_scion_of_light_info03.png\" alt=\"\" \/>\r\n                            <\/a>\r\n                        <\/dd>\r\n                        <dt id=\"CHARA_269_012\" class=\"sec_dt\">Lutando ao lado de sua meia-irm\u00e3, Julia, Seliph conseguiu derrotar Grannvale. Quando as pessoas o viram empunhando Tyrfing, a espada de seu pai, come\u00e7aram a cham\u00e1-lo de Herdeiro da luz!<\/dt>\r\n                        <dd class=\"sec_dd\">\r\n                            <a href=\"https:\/\/guide.fire-emblem-heroes.com\/wp-content\/uploads\/celice_scion_of_light_pop04.png\" class=\"popup-image\">\r\n                                <img decoding=\"async\" src=\"https:\/\/guide.fire-emblem-heroes.com\/wp-content\/uploads\/celice_scion_of_light_info04.png\" alt=\"\" \/>\r\n                            <\/a>\r\n                        <\/dd>\r\n                    <\/dl>\r\n                    <h3 id=\"CHARA_269_013\" class=\"sec_h3charatxt\">Personagens relacionados<\/h3>\r\n                    <h4 id=\"CHARA_269_014\" class=\"sec_h4charatxt\">Sigurd<\/h4>\r\n                    <p id=\"CHARA_269_015\" class=\"sec_charatxt\">Herdeiro de Chalphy, descendente de Baldr e pai de Seliph. \u00c9 corajoso e tem um forte senso de justi\u00e7a.<\/p>\r\n                    <h4 id=\"CHARA_269_016\" class=\"sec_h4charatxt\">Deirdre<\/h4>\r\n                    <p id=\"CHARA_269_017\" class=\"sec_charatxt\">Vive escondida no Bosque dos esp\u00edritos. Ela perdeu as mem\u00f3rias de seu passado. M\u00e3e de Seliph.<\/p>\r\n                    <h4 id=\"CHARA_269_018\" class=\"sec_h4charatxt\">Julia<\/h4>\r\n                    <p id=\"CHARA_269_019\" class=\"sec_charatxt\">Herdeira do Livro de Naga. Meia-irm\u00e3 de Seliph, de pai diferente. Gentil, mas enfrenta seu destino com determina\u00e7\u00e3o.<\/p>\r\n                <\/section>\r\n            <\/article>\r\n        <\/main>","protected":false},"excerpt":{"rendered":"Her\u00f3i lend\u00e1rio Herdeiro da luz Seliph Aparece em Fire Emblem: Genealogy of the Holy War Sharena apresenta: Herdeiro da luz Seliph Seliph \u00e9 o filho de Sigurd e Deirdre. Assim como seu pai, ele herdou o poder do cruzado Baldr e \u00e9 um excelente espadachim! Apesar de Seliph ser de fam\u00edlia nobre, sua inf\u00e2ncia foi [&hellip;]","protected":false},"author":1,"featured_media":19347,"comment_status":"closed","ping_status":"closed","sticky":false,"template":"","format":"standard","meta":{"advanced_seo_description":"","jetpack_seo_html_title":"","jetpack_seo_noindex":false,"_jetpack_newsletter_access":"","_jetpack_dont_email_post_to_subs":false,"_jetpack_newsletter_tier_id":0,"_jetpack_memberships_contains_paywalled_content":false,"_locale":"pt_BR","_original_post":"https:\/\/guide.fire-emblem-heroes.com\/?p=19201","_jetpack_memberships_contains_paid_content":false,"footnotes":"","jetpack_publicize_message":"","jetpack_publicize_feature_enabled":true,"jetpack_social_post_already_shared":true,"jetpack_social_options":{"image_generator_settings":{"template":"highway","default_image_id":0,"font":"","enabled":false},"version":2},"_wpas_customize_per_network":false,"jetpack_post_was_ever_published":false},"categories":[1384,1436,1390,1388],"tags":[1458],"class_list":["post-19211","post","type-post","status-publish","format-standard","has-post-thumbnail","hentry","category-character","category-ex_works_genealogy_of_the_holy_war","category-stay_heroes","category-legendary_heroes","tag-heroi-lendario","pt-BR"],"jetpack_publicize_connections":[],"jetpack_featured_media_url":"https:\/\/guide.fire-emblem-heroes.com\/wp-content\/uploads\/celice_scion_of_light.png","jetpack_sharing_enabled":false,"jetpack_shortlink":"https:\/\/wp.me\/pa0Mj3-4ZR","jetpack_likes_enabled":false,"amp_enabled":true,"_links":{"self":[{"href":"https:\/\/guide.fire-emblem-heroes.com\/wp-json\/wp\/v2\/posts\/19211","targetHints":{"allow":["GET"]}}],"collection":[{"href":"https:\/\/guide.fire-emblem-heroes.com\/wp-json\/wp\/v2\/posts"}],"about":[{"href":"https:\/\/guide.fire-emblem-heroes.com\/wp-json\/wp\/v2\/types\/post"}],"author":[{"embeddable":true,"href":"https:\/\/guide.fire-emblem-heroes.com\/wp-json\/wp\/v2\/users\/1"}],"replies":[{"embeddable":true,"href":"https:\/\/guide.fire-emblem-heroes.com\/wp-json\/wp\/v2\/comments?post=19211"}],"version-history":[{"count":1,"href":"https:\/\/guide.fire-emblem-heroes.com\/wp-json\/wp\/v2\/posts\/19211\/revisions"}],"predecessor-version":[{"id":19214,"href":"https:\/\/guide.fire-emblem-heroes.com\/wp-json\/wp\/v2\/posts\/19211\/revisions\/19214"}],"wp:featuredmedia":[{"embeddable":true,"href":"https:\/\/guide.fire-emblem-heroes.com\/wp-json\/wp\/v2\/media\/19347"}],"wp:attachment":[{"href":"https:\/\/guide.fire-emblem-heroes.com\/wp-json\/wp\/v2\/media?parent=19211"}],"wp:term":[{"taxonomy":"category","embeddable":true,"href":"https:\/\/guide.fire-emblem-heroes.com\/wp-json\/wp\/v2\/categories?post=19211"},{"taxonomy":"post_tag","embeddable":true,"href":"https:\/\/guide.fire-emblem-heroes.com\/wp-json\/wp\/v2\/tags?post=19211"}],"curies":[{"name":"wp","href":"https:\/\/api.w.org\/{rel}","templated":true}]}}