






{"id":20377,"date":"2020-08-14T10:58:40","date_gmt":"2020-08-14T01:58:40","guid":{"rendered":"https:\/\/guide.fire-emblem-heroes.com\/?p=20377"},"modified":"2022-07-06T12:38:42","modified_gmt":"2022-07-06T03:38:42","slug":"12002001000556-2","status":"publish","type":"post","link":"https:\/\/guide.fire-emblem-heroes.com\/pt-BR\/12002001000556-2\/","title":{"rendered":"<span class=\"character_nick\">Imperatriz de Adrestia<\/span><span class=\"character_name\">Edelgard<\/span>"},"content":{"rendered":"<main id=\"CHARA_299\" class=\"main_page character\">\r\n            <article>\r\n                <section class=\"sec sec_character\">\r\n                    <ul class=\"sec_ul sec_ul--character slick-box\">\r\n                        <li class=\"sec_li sec_li--character\">\r\n                            <img decoding=\"async\" src=\"https:\/\/guide.fire-emblem-heroes.com\/wp-content\/uploads\/edelgard_adrestian_emperor_slide01.png\" alt=\"\" \/>\r\n                        <\/li>\r\n                        <li class=\"sec_li sec_li--character\">\r\n                            <img decoding=\"async\" src=\"https:\/\/guide.fire-emblem-heroes.com\/wp-content\/uploads\/edelgard_adrestian_emperor_slide02.png\" alt=\"\" \/>\r\n                        <\/li>\r\n                        <li class=\"sec_li sec_li--character\">\r\n                            <img decoding=\"async\" src=\"https:\/\/guide.fire-emblem-heroes.com\/wp-content\/uploads\/edelgard_adrestian_emperor_slide03.png\" alt=\"\" \/>\r\n                        <\/li>\r\n                        <li class=\"sec_li sec_li--character\">\r\n                            <img decoding=\"async\" src=\"https:\/\/guide.fire-emblem-heroes.com\/wp-content\/uploads\/edelgard_adrestian_emperor_slide04.png\" alt=\"\" \/>\r\n                        <\/li>\r\n                    <\/ul>\r\n                    <div class=\"sec_charainfoarea flex\">\r\n                        <div class=\"sec_gif\"><img loading=\"lazy\" decoding=\"async\" src=\"https:\/\/guide.fire-emblem-heroes.com\/wp-content\/uploads\/edelgard_adrestian_emperor.png\" alt=\"\" width=\"210\" height=\"190\"\/><\/div>\r\n                        <div class=\"sec_charainfo\">\r\n                            <p id=\"CHARA_299_002\" class=\"sec_characate sec_characate--heroes\">Hero\u00edna<\/p>\r\n                            <p id=\"CHARA_299_003\" class=\"sec_charanick\">Imperatriz de Adrestia<\/p>\r\n                            <p id=\"CHARA_299_004\" class=\"sec_charaname\">Edelgard<\/p>\r\n                            <p id=\"CHARA_299_005\" class=\"sec_charaappearancetxt\">Aparece em<\/p>\r\n                            <p id=\"CHARA_299_006\" class=\"sec_charaappearancetxt\">Fire Emblem: Three Houses<\/p>\r\n                        <\/div>\r\n                    <\/div>\r\n                <\/section>\r\n            <\/article>\r\n            <article>\r\n                <section class=\"sec sec_characterarea\">\r\n                    <div class=\"sec_h2chara\">\r\n                        <p id=\"CHARA_299_007\" class=\"sec_h2charattl\">Sharena apresenta:<\/p>\r\n                        <h2 id=\"CHARA_299_008\" class=\"sec_h2charatxt\">Imperatriz de Adrestia Edelgard<\/h2>\r\n                    <\/div>\r\n                    <dl class=\"sec_dl flex\">\r\n                        <dt id=\"CHARA_299_009\" class=\"sec_dt\">Depois de assumir o trono do imp\u00e9rio adrestiano, Edelgard iniciou a \u00e1rdua tarefa de conquistar F\u00f3blan. Aqui ela est\u00e1 em toda a sua gl\u00f3ria, equipada com a flor Hauteclaire!<\/dt>\r\n                        <dd class=\"sec_dd\">\r\n                            <a href=\"https:\/\/guide.fire-emblem-heroes.com\/wp-content\/uploads\/edelgard_adrestian_emperor_pop01.png\" class=\"popup-image\">\r\n                                <img decoding=\"async\" src=\"https:\/\/guide.fire-emblem-heroes.com\/wp-content\/uploads\/edelgard_adrestian_emperor_info01.png\" alt=\"\" \/>\r\n                            <\/a>\r\n                        <\/dd>\r\n                        <dt id=\"CHARA_299_010\" class=\"sec_dt\">Ela est\u00e1 vestindo trajes usados por gera\u00e7\u00f5es de imperadores adrestianos. Podem parecer chiques, mas n\u00e3o s\u00f3 beleza: seus inimigos ter\u00e3o que se esfor\u00e7ar muito para conseguir amarrotar esses trajes.<\/dt>\r\n                        <dd class=\"sec_dd\">\r\n                            <a href=\"https:\/\/guide.fire-emblem-heroes.com\/wp-content\/uploads\/edelgard_adrestian_emperor_pop02.png\" class=\"popup-image\">\r\n                                <img decoding=\"async\" src=\"https:\/\/guide.fire-emblem-heroes.com\/wp-content\/uploads\/edelgard_adrestian_emperor_info02.png\" alt=\"\" \/>\r\n                            <\/a>\r\n                        <\/dd>\r\n                        <dt id=\"CHARA_299_011\" class=\"sec_dt\">O s\u00edmbolo do imp\u00e9rio adrestiano, a \u00e1guia de duas cabe\u00e7as, est\u00e1 estampado em seu escudo. Edelgard era l\u00edder da casa \u00c1guia negra na Academia de Oficiais, ent\u00e3o acho que ela tem uma quedinha por \u00e1guias.<\/dt>\r\n                        <dd class=\"sec_dd\">\r\n                            <a href=\"https:\/\/guide.fire-emblem-heroes.com\/wp-content\/uploads\/edelgard_adrestian_emperor_pop03.png\" class=\"popup-image\">\r\n                                <img decoding=\"async\" src=\"https:\/\/guide.fire-emblem-heroes.com\/wp-content\/uploads\/edelgard_adrestian_emperor_info03.png\" alt=\"\" \/>\r\n                            <\/a>\r\n                        <\/dd>\r\n                        <dt id=\"CHARA_299_012\" class=\"sec_dt\">Edelgard foi \u00e0 guerra com o intuito de acabar com um regime corrupto e construir um novo mundo em que as pessoas n\u00e3o fossem discriminadas por status ou bras\u00f5es, onde pudessem viver suas vidas com independ\u00eancia e dignidade. A convic\u00e7\u00e3o dela \u00e9 inabal\u00e1vel\u2026 Espero que ela me ensine a ser mais forte e determinada!<\/dt>\r\n                        <dd class=\"sec_dd\">\r\n                            <a href=\"https:\/\/guide.fire-emblem-heroes.com\/wp-content\/uploads\/edelgard_adrestian_emperor_pop04.png\" class=\"popup-image\">\r\n                                <img decoding=\"async\" src=\"https:\/\/guide.fire-emblem-heroes.com\/wp-content\/uploads\/edelgard_adrestian_emperor_info04.png\" alt=\"\" \/>\r\n                            <\/a>\r\n                        <\/dd>\r\n                    <\/dl>\r\n                    <h3 id=\"CHARA_299_013\" class=\"sec_h3charatxt\">Personagens relacionados<\/h3>\r\n                    <h4 id=\"CHARA_299_014\" class=\"sec_h4charatxt\">Byleth<\/h4>\r\n                    <p id=\"CHARA_299_015\" class=\"sec_charatxt\">Seu pai, Jeralt, foi capit\u00e3o dos cavaleiros de Seiros. Docente competente e inabal\u00e1vel da Academia de Oficiais. Edelgard tem um carinho profundo por Byleth, que a auxiliou em sua conquista.<\/p>\r\n                    <h4 id=\"CHARA_299_016\" class=\"sec_h4charatxt\">Hubert<\/h4>\r\n                    <p id=\"CHARA_299_017\" class=\"sec_charatxt\">O ministro do imp\u00e9rio adrestiano da casa imperial e filho leg\u00edtimo do marqu\u00eas Vestra. Jurou lealdade a Edelgard.<\/p>\r\n                <\/section>\r\n            <\/article>\r\n        <\/main>","protected":false},"excerpt":{"rendered":"Hero\u00edna Imperatriz de Adrestia Edelgard Aparece em Fire Emblem: Three Houses Sharena apresenta: Imperatriz de Adrestia Edelgard Depois de assumir o trono do imp\u00e9rio adrestiano, Edelgard iniciou a \u00e1rdua tarefa de conquistar F\u00f3blan. Aqui ela est\u00e1 em toda a sua gl\u00f3ria, equipada com a flor Hauteclaire! Ela est\u00e1 vestindo trajes usados por gera\u00e7\u00f5es de imperadores [&hellip;]","protected":false},"author":1,"featured_media":20478,"comment_status":"closed","ping_status":"closed","sticky":false,"template":"","format":"standard","meta":{"advanced_seo_description":"","jetpack_seo_html_title":"","jetpack_seo_noindex":false,"_jetpack_newsletter_access":"","_jetpack_dont_email_post_to_subs":false,"_jetpack_newsletter_tier_id":0,"_jetpack_memberships_contains_paywalled_content":false,"_locale":"pt_BR","_original_post":"https:\/\/guide.fire-emblem-heroes.com\/?p=20367","_jetpack_memberships_contains_paid_content":false,"footnotes":"","jetpack_publicize_message":"","jetpack_publicize_feature_enabled":true,"jetpack_social_post_already_shared":true,"jetpack_social_options":{"image_generator_settings":{"template":"highway","default_image_id":0,"font":"","enabled":false},"version":2},"_wpas_customize_per_network":false,"jetpack_post_was_ever_published":false},"categories":[1384,1415,1434,1390],"tags":[1461],"class_list":["post-20377","post","type-post","status-publish","format-standard","has-post-thumbnail","hentry","category-character","category-heroes","category-ex_works_three_houses","category-stay_heroes","tag-heroina","pt-BR"],"jetpack_publicize_connections":[],"jetpack_featured_media_url":"https:\/\/guide.fire-emblem-heroes.com\/wp-content\/uploads\/edelgard_adrestian_emperor.png","jetpack_sharing_enabled":false,"jetpack_shortlink":"https:\/\/wp.me\/pa0Mj3-5iF","jetpack_likes_enabled":false,"amp_enabled":true,"_links":{"self":[{"href":"https:\/\/guide.fire-emblem-heroes.com\/wp-json\/wp\/v2\/posts\/20377","targetHints":{"allow":["GET"]}}],"collection":[{"href":"https:\/\/guide.fire-emblem-heroes.com\/wp-json\/wp\/v2\/posts"}],"about":[{"href":"https:\/\/guide.fire-emblem-heroes.com\/wp-json\/wp\/v2\/types\/post"}],"author":[{"embeddable":true,"href":"https:\/\/guide.fire-emblem-heroes.com\/wp-json\/wp\/v2\/users\/1"}],"replies":[{"embeddable":true,"href":"https:\/\/guide.fire-emblem-heroes.com\/wp-json\/wp\/v2\/comments?post=20377"}],"version-history":[{"count":2,"href":"https:\/\/guide.fire-emblem-heroes.com\/wp-json\/wp\/v2\/posts\/20377\/revisions"}],"predecessor-version":[{"id":35281,"href":"https:\/\/guide.fire-emblem-heroes.com\/wp-json\/wp\/v2\/posts\/20377\/revisions\/35281"}],"wp:featuredmedia":[{"embeddable":true,"href":"https:\/\/guide.fire-emblem-heroes.com\/wp-json\/wp\/v2\/media\/20478"}],"wp:attachment":[{"href":"https:\/\/guide.fire-emblem-heroes.com\/wp-json\/wp\/v2\/media?parent=20377"}],"wp:term":[{"taxonomy":"category","embeddable":true,"href":"https:\/\/guide.fire-emblem-heroes.com\/wp-json\/wp\/v2\/categories?post=20377"},{"taxonomy":"post_tag","embeddable":true,"href":"https:\/\/guide.fire-emblem-heroes.com\/wp-json\/wp\/v2\/tags?post=20377"}],"curies":[{"name":"wp","href":"https:\/\/api.w.org\/{rel}","templated":true}]}}